{"id":4726,"date":"2019-03-17T10:10:45","date_gmt":"2019-03-17T13:10:45","guid":{"rendered":"http:\/\/www.comuna13online.com.ar\/?p=4726"},"modified":"2019-03-18T07:42:22","modified_gmt":"2019-03-18T10:42:22","slug":"cortes-de-transito-en-la-zona-del-monumental-por-el-partido-river-independiente-2","status":"publish","type":"post","link":"https:\/\/www.comuna13online.com.ar\/?p=4726","title":{"rendered":"Cortes de tr\u00e1nsito en la zona del Monumental por el partido River \u2013 Independiente"},"content":{"rendered":"<p><strong>El Gobierno porte\u00f1o dio a conocer el esquema de cortes en las inmediaciones del estadio Monumental por el partido de la Superliga entre River Plate e independiente a las 17:45 horas.<\/strong><\/p>\n<p><img loading=\"lazy\" decoding=\"async\" data-attachment-id=\"4728\" data-permalink=\"https:\/\/www.comuna13online.com.ar\/?attachment_id=4728\" data-orig-file=\"https:\/\/www.comuna13online.com.ar\/wp-content\/uploads\/2019\/03\/20190317a1.jpg\" data-orig-size=\"678,452\" data-comments-opened=\"0\" data-image-meta=\"{&quot;aperture&quot;:&quot;0&quot;,&quot;credit&quot;:&quot;&quot;,&quot;camera&quot;:&quot;&quot;,&quot;caption&quot;:&quot;&quot;,&quot;created_timestamp&quot;:&quot;0&quot;,&quot;copyright&quot;:&quot;&quot;,&quot;focal_length&quot;:&quot;0&quot;,&quot;iso&quot;:&quot;0&quot;,&quot;shutter_speed&quot;:&quot;0&quot;,&quot;title&quot;:&quot;&quot;,&quot;orientation&quot;:&quot;0&quot;}\" data-image-title=\"20190317a1\" data-image-description=\"\" data-image-caption=\"\" data-large-file=\"https:\/\/www.comuna13online.com.ar\/wp-content\/uploads\/2019\/03\/20190317a1-657x438.jpg\" class=\"alignnone size-full wp-image-4728\" src=\"http:\/\/www.comuna13online.com.ar\/wp-content\/uploads\/2019\/03\/20190317a1.jpg\" alt=\"\" width=\"678\" height=\"452\" srcset=\"https:\/\/www.comuna13online.com.ar\/wp-content\/uploads\/2019\/03\/20190317a1.jpg 678w, https:\/\/www.comuna13online.com.ar\/wp-content\/uploads\/2019\/03\/20190317a1-657x438.jpg 657w, https:\/\/www.comuna13online.com.ar\/wp-content\/uploads\/2019\/03\/20190317a1-272x182.jpg 272w\" sizes=\"auto, (max-width: 678px) 100vw, 678px\" \/><\/p>\n<p>Con motivo del encuentro que disputar\u00e1n ma\u00f1ana el Club Atl\u00e9tico River Plate e Independiente de Avellaneda por la vig\u00e9simo tercera fecha de la Superliga Argentina, la Direcci\u00f3n de Tr\u00e1nsito del Gobierno de la Ciudad inform\u00f3 las interrupciones en el tr\u00e1nsito que se realizar\u00e1n en el per\u00edmetro cercano al estadio Monumental.<\/p>\n<p>Entre las 14 y hasta al menos las 21 horas, habr\u00e1 un fuerte operativo de control con personal de la Polic\u00eda de la Ciudad y Agentes de Tr\u00e1nsito, se prohibir\u00e1 el acceso veh\u00edculos al per\u00edmetro delimitado por las Avenidas Udaondo, Libertador, Figueroa Alcorta y Monroe.<\/p>\n<p>El estadio Monumental lucir\u00e1 colmado, se han agotado todas las entradas por lo que habr\u00e1 mucha gente circulando en las inmediaciones. Se recomienda evitar la zona y utilizar como alternativas a la Av. Libertador, la Av. Cabildo o la Av. Cantilo y en lugar de Monroe circular por La Pampa.<\/p>\n<div align=\"center\">\n<p><img loading=\"lazy\" decoding=\"async\" data-attachment-id=\"2335\" data-permalink=\"https:\/\/www.comuna13online.com.ar\/?attachment_id=2335\" data-orig-file=\"https:\/\/www.comuna13online.com.ar\/wp-content\/uploads\/2018\/08\/mapa-monumental.jpg\" data-orig-size=\"678,443\" data-comments-opened=\"0\" data-image-meta=\"{&quot;aperture&quot;:&quot;0&quot;,&quot;credit&quot;:&quot;&quot;,&quot;camera&quot;:&quot;&quot;,&quot;caption&quot;:&quot;&quot;,&quot;created_timestamp&quot;:&quot;0&quot;,&quot;copyright&quot;:&quot;&quot;,&quot;focal_length&quot;:&quot;0&quot;,&quot;iso&quot;:&quot;0&quot;,&quot;shutter_speed&quot;:&quot;0&quot;,&quot;title&quot;:&quot;&quot;,&quot;orientation&quot;:&quot;0&quot;}\" data-image-title=\"mapa-monumental\" data-image-description=\"\" data-image-caption=\"\" data-large-file=\"https:\/\/www.comuna13online.com.ar\/wp-content\/uploads\/2018\/08\/mapa-monumental-670x438.jpg\" class=\"alignnone size-full wp-image-2335\" src=\"http:\/\/www.comuna13online.com.ar\/wp-content\/uploads\/2018\/08\/mapa-monumental.jpg\" alt=\"\" width=\"678\" height=\"443\" srcset=\"https:\/\/www.comuna13online.com.ar\/wp-content\/uploads\/2018\/08\/mapa-monumental.jpg 678w, https:\/\/www.comuna13online.com.ar\/wp-content\/uploads\/2018\/08\/mapa-monumental-670x438.jpg 670w\" sizes=\"auto, (max-width: 678px) 100vw, 678px\" \/><\/p>\n<p style=\"text-align: left;\">\n<\/div>\n<p>El conjunto millonario acumula 10 encuentros sin conocer la derrota, y busca consolidarse en los puestos de clasificaci\u00f3n al a la Copa Libertadores 2020, de ganar, River mantendr\u00eda el cuarto lugar con 42 pts. que le da la chance de jugar el repechaje y se despegar\u00eda de su inmediato competidor Atl\u00e9tico Tucum\u00e1n que dej\u00f3 tres valiosos puntos ayer al ser derrotado por 2 a 0 frente a Velez en Liniers.<\/p>\n<p>El m\u00e1s reciente recuerdo de un enfrentamiento entre ambos equipos fue en octubre pasado cuando el conjunto de Marcelo Gallardo venci\u00f3 a los de Holan por 3 a 1 con goles de Scocco, Quiteros y Borr\u00e9 por los cuartos de final de la Copa Libertadores 2018 que terminar\u00eda consagrando campe\u00f3n a River en la hist\u00f3rica final con boca en Madrid.<\/p>\n<p>Por otro lado, la \u00faltima vez que el Rojo pudo salir victorioso del Monumental fue en 2009, cuando gan\u00f3 tambi\u00e9n 3 a 1 con goles de Dar\u00edo Gand\u00edn, Ignacio Piatti y Andr\u00e9s Cuqui Silvera.<\/p>\n<p><img loading=\"lazy\" decoding=\"async\" data-attachment-id=\"4731\" data-permalink=\"https:\/\/www.comuna13online.com.ar\/?attachment_id=4731\" data-orig-file=\"https:\/\/www.comuna13online.com.ar\/wp-content\/uploads\/2019\/03\/Screenshot_20190317-090147_Liga-e1552826091180.jpg\" data-orig-size=\"982,857\" data-comments-opened=\"0\" data-image-meta=\"{&quot;aperture&quot;:&quot;0&quot;,&quot;credit&quot;:&quot;&quot;,&quot;camera&quot;:&quot;&quot;,&quot;caption&quot;:&quot;&quot;,&quot;created_timestamp&quot;:&quot;0&quot;,&quot;copyright&quot;:&quot;&quot;,&quot;focal_length&quot;:&quot;0&quot;,&quot;iso&quot;:&quot;0&quot;,&quot;shutter_speed&quot;:&quot;0&quot;,&quot;title&quot;:&quot;&quot;,&quot;orientation&quot;:&quot;0&quot;}\" data-image-title=\"Screenshot_20190317-090147_Liga\" data-image-description=\"\" data-image-caption=\"\" data-large-file=\"https:\/\/www.comuna13online.com.ar\/wp-content\/uploads\/2019\/03\/Screenshot_20190317-090147_Liga-e1552826091180-502x438.jpg\" class=\"alignnone wp-image-4731\" src=\"http:\/\/www.comuna13online.com.ar\/wp-content\/uploads\/2019\/03\/Screenshot_20190317-090147_Liga-e1552826091180.jpg\" alt=\"\" width=\"678\" height=\"592\" srcset=\"https:\/\/www.comuna13online.com.ar\/wp-content\/uploads\/2019\/03\/Screenshot_20190317-090147_Liga-e1552826091180.jpg 982w, https:\/\/www.comuna13online.com.ar\/wp-content\/uploads\/2019\/03\/Screenshot_20190317-090147_Liga-e1552826091180-518x452.jpg 518w, https:\/\/www.comuna13online.com.ar\/wp-content\/uploads\/2019\/03\/Screenshot_20190317-090147_Liga-e1552826091180-768x670.jpg 768w, https:\/\/www.comuna13online.com.ar\/wp-content\/uploads\/2019\/03\/Screenshot_20190317-090147_Liga-e1552826091180-502x438.jpg 502w\" sizes=\"auto, (max-width: 678px) 100vw, 678px\" \/><\/p>\n<h4><strong>Posibles formaciones:<\/strong><\/h4>\n<p><span style=\"color: #ff0000;\"><strong>River:<\/strong><\/span> 1-Franco Armani; 29-Gonzalo Montiel, 28-Lucas Mart\u00ednez Quarta, 22-Javier Pinola, 18-Camilo Mayada; 26-Ignacio Fern\u00e1ndez, 24-Enzo P\u00e9rez, 23-Leonardo Ponzio, 10-Juan Quintero; 7-Mat\u00edas Su\u00e1rez y 27-Lucas Pratto. DT: Marcelo Gallardo.<\/p>\n<p>Suplentes: 4-Germ\u00e1n Lux, 36-Nahuel Gallardo, 5-Bruno Zuculini, 21-Cristian Ferreira, 19-Rafael Borr\u00e9, 32-Ignacio Scocco y 9-Juli\u00e1n \u00c1lvarez.<\/p>\n<p><strong>Newell&#8217;s:<\/strong> 25-Mart\u00edn Campa\u00f1a; 4-Nicol\u00e1s Figal, 2-Alan Franco, 3-Guillermo Burdisso, 6-Juan S\u00e1nchez Mi\u00f1o; 8-Pablo P\u00e9rez, 5-Nicol\u00e1s Domingo, 19-Pablo Hern\u00e1ndez; 29-Francisco Pizzini, 18-Silvio Romero y 11-Cecilio Dom\u00ednguez. DT: Ariel Holan.<\/p>\n<p>Suplentes: 13-Milton \u00c1lvarez, 20-Gast\u00f3n Silva, 16-Fabricio Bustos, 23-Emanuel Br\u00edtez, 22-Francisco Silva, 10-Fernando Gaibor, 7-Mart\u00edn Ben\u00edtez y 14-Jonathan Men\u00e9ndez. (uno de ellos quedar\u00e1 afuera)<\/p>\n<p>Horario: 17:45 horas<br \/>\nEstadio: Antonio V. Liberti (Monumental)<br \/>\n\u00c1rbitro: Patricio Loustau<br \/>\nAsistentes: Maximiliano Del Yesso y Gustavo Rossi<br \/>\nCuarto \u00e1rbitro: Nazareno Arasa<br \/>\nTV: TNT Sports<\/p>\n<p>Las puertas de acceso al Monumental se abrir\u00e1n tres horas antes, por lo que el Club solicita que los socios y simpatizantes lleguen con suficiente antelaci\u00f3n para evitar inconvenientes en el ingreso.<\/p>\n<p>Por cuestiones de seguridad, los espectadores podr\u00e1n ingresar al Estadio desde la apertura hasta finalizado el primer tiempo. Un vez transcurrido el primer tiempo se levantar\u00e1n los controles de seguridad y de entradas, por lo que no se permitir\u00e1 el ingreso de espectadores.<\/p>\n<p><strong>Acceso a las tribunas<\/strong><\/p>\n<ul>\n<li>Centenario alta: exclusivamente por Quinteros.<\/li>\n<li>Centenario media y baja: exclusivamente por Quinteros (Puerta K).<\/li>\n<li>San Mart\u00edn (alta, media y baja): Avenida Alcorta.<\/li>\n<li>Belgrano (alta, media y baja): Avenida Udaondo.<\/li>\n<li>S\u00edvori (alta, media y baja): Puente Labruna (Ciudad Universitaria).<\/li>\n<li>S\u00edvori (media y baja): Libertador y Udaondo.<\/li>\n<\/ul>\n<p>Las personas con discapacidad que utilizan silla de ruedas, previamente acreditadas con \u00abTu lugar en el Monumental -River sin Barreras\u00bb, deber\u00e1n ingresar \u00fanicamente por puerta de Prensa (Avenida Udaondo). El resto de los socios acreditados ingresar\u00e1n por Puerta K a la platea Centenario (calle Quinteros).<\/p>\n<p><strong>A tener en cuenta:<\/strong><\/p>\n<p>Por disposiciones del Comit\u00e9 de Seguridad, se encuentra prohibido el ingreso de pirotecnia y de banderas que excedan la medida de 2\u00d71 metro.\u00a0Es obligatorio que los simpatizantes concurran al Estadio con el Documento Nacional de Identidad.<\/p>\n<figure style=\"width: 1732px\" class=\"wp-caption alignnone\"><img loading=\"lazy\" decoding=\"async\" src=\"http:\/\/www.cariverplate.com.ar\/imagenes\/userfiles\/AccesosFinal.PNG\" alt=\"\" width=\"1732\" height=\"1410\" \/><figcaption class=\"wp-caption-text\"><span style=\"color: #ff0000;\"><span style=\"color: #000000;\">Foto:<\/span> cariverplate.com.ar<\/span><\/figcaption><\/figure>\n","protected":false},"excerpt":{"rendered":"<div class=\"mh-excerpt\">El Gobierno porte\u00f1o dio a conocer el esquema de cortes en las inmediaciones del estadio Monumental por el partido de la Superliga entre River Plate e independiente a las 17:45 <a class=\"mh-excerpt-more\" href=\"https:\/\/www.comuna13online.com.ar\/?p=4726\" title=\"Cortes de tr\u00e1nsito en la zona del Monumental por el partido River \u2013 Independiente\">[&#8230;]<\/a><\/div>\n","protected":false},"author":1,"featured_media":4729,"comment_status":"closed","ping_status":"closed","sticky":false,"template":"","format":"standard","meta":{"_uag_custom_page_level_css":"","_jetpack_memberships_contains_paid_content":false,"footnotes":"","jetpack_publicize_message":"Cortes de tr\u00e1nsito en la zona del Monumental por el partido River \u2013 Independiente  #River  #Superliga","jetpack_publicize_feature_enabled":true,"jetpack_social_post_already_shared":true,"jetpack_social_options":{"image_generator_settings":{"template":"highway","default_image_id":0,"font":"","enabled":false},"version":2}},"categories":[53],"tags":[19,175,54],"class_list":{"0":"post-4726","1":"post","2":"type-post","3":"status-publish","4":"format-standard","5":"has-post-thumbnail","7":"category-transito","8":"tag-comuna-13","9":"tag-river","10":"tag-transito"},"jetpack_publicize_connections":[],"jetpack_featured_media_url":"https:\/\/www.comuna13online.com.ar\/wp-content\/uploads\/2019\/03\/20190317a.jpg","uagb_featured_image_src":{"full":["https:\/\/www.comuna13online.com.ar\/wp-content\/uploads\/2019\/03\/20190317a.jpg",1030,438,false],"thumbnail":["https:\/\/www.comuna13online.com.ar\/wp-content\/uploads\/2019\/03\/20190317a-150x150.jpg",96,96,true],"medium":["https:\/\/www.comuna13online.com.ar\/wp-content\/uploads\/2019\/03\/20190317a-678x288.jpg",678,288,true],"medium_large":["https:\/\/www.comuna13online.com.ar\/wp-content\/uploads\/2019\/03\/20190317a-768x327.jpg",768,327,true],"large":["https:\/\/www.comuna13online.com.ar\/wp-content\/uploads\/2019\/03\/20190317a.jpg",1030,438,false],"1536x1536":["https:\/\/www.comuna13online.com.ar\/wp-content\/uploads\/2019\/03\/20190317a.jpg",1030,438,false],"2048x2048":["https:\/\/www.comuna13online.com.ar\/wp-content\/uploads\/2019\/03\/20190317a.jpg",1030,438,false],"mh-magazine-slider":["https:\/\/www.comuna13online.com.ar\/wp-content\/uploads\/2019\/03\/20190317a.jpg",1030,438,false],"mh-magazine-content":["https:\/\/www.comuna13online.com.ar\/wp-content\/uploads\/2019\/03\/20190317a-678x381.jpg",678,381,true],"mh-magazine-large":["https:\/\/www.comuna13online.com.ar\/wp-content\/uploads\/2019\/03\/20190317a-678x438.jpg",678,438,true],"mh-magazine-medium":["https:\/\/www.comuna13online.com.ar\/wp-content\/uploads\/2019\/03\/20190317a-326x245.jpg",326,245,true],"mh-magazine-small":["https:\/\/www.comuna13online.com.ar\/wp-content\/uploads\/2019\/03\/20190317a-80x60.jpg",80,60,true],"sow-carousel-default":["https:\/\/www.comuna13online.com.ar\/wp-content\/uploads\/2019\/03\/20190317a-272x182.jpg",272,182,true]},"uagb_author_info":{"display_name":"Comuna13","author_link":"https:\/\/www.comuna13online.com.ar\/?author=1"},"uagb_comment_info":0,"uagb_excerpt":"El Gobierno porte\u00f1o dio a conocer el esquema de cortes en las inmediaciones del estadio Monumental por el partido de la Superliga entre River Plate e independiente a las 17:45 [...]","jetpack_sharing_enabled":true,"_links":{"self":[{"href":"https:\/\/www.comuna13online.com.ar\/index.php?rest_route=\/wp\/v2\/posts\/4726","targetHints":{"allow":["GET"]}}],"collection":[{"href":"https:\/\/www.comuna13online.com.ar\/index.php?rest_route=\/wp\/v2\/posts"}],"about":[{"href":"https:\/\/www.comuna13online.com.ar\/index.php?rest_route=\/wp\/v2\/types\/post"}],"author":[{"embeddable":true,"href":"https:\/\/www.comuna13online.com.ar\/index.php?rest_route=\/wp\/v2\/users\/1"}],"replies":[{"embeddable":true,"href":"https:\/\/www.comuna13online.com.ar\/index.php?rest_route=%2Fwp%2Fv2%2Fcomments&post=4726"}],"version-history":[{"count":0,"href":"https:\/\/www.comuna13online.com.ar\/index.php?rest_route=\/wp\/v2\/posts\/4726\/revisions"}],"wp:featuredmedia":[{"embeddable":true,"href":"https:\/\/www.comuna13online.com.ar\/index.php?rest_route=\/wp\/v2\/media\/4729"}],"wp:attachment":[{"href":"https:\/\/www.comuna13online.com.ar\/index.php?rest_route=%2Fwp%2Fv2%2Fmedia&parent=4726"}],"wp:term":[{"taxonomy":"category","embeddable":true,"href":"https:\/\/www.comuna13online.com.ar\/index.php?rest_route=%2Fwp%2Fv2%2Fcategories&post=4726"},{"taxonomy":"post_tag","embeddable":true,"href":"https:\/\/www.comuna13online.com.ar\/index.php?rest_route=%2Fwp%2Fv2%2Ftags&post=4726"}],"curies":[{"name":"wp","href":"https:\/\/api.w.org\/{rel}","templated":true}]}}