{"id":4721,"date":"2019-03-15T06:00:05","date_gmt":"2019-03-15T09:00:05","guid":{"rendered":"http:\/\/www.comuna13online.com.ar\/?p=4721"},"modified":"2019-03-15T14:33:40","modified_gmt":"2019-03-15T17:33:40","slug":"declararon-de-interes-cientifico-la-jornada-de-injuria-renal-aguda","status":"publish","type":"post","link":"https:\/\/www.comuna13online.com.ar\/?p=4721","title":{"rendered":"Declararon de Inter\u00e9s Cient\u00edfico la \u00abJornada de Injuria Renal Aguda\u00bb"},"content":{"rendered":"<p><strong>En el marco del D\u00eda Mundial del Ri\u00f1\u00f3n que se conmemora cada 14 de marzo, la Legislatura porte\u00f1a distingui\u00f3 al encuentro desarrollado por nefr\u00f3logos y especialistas de esta enfermedad renal.<\/strong><\/p>\n<p><img loading=\"lazy\" decoding=\"async\" data-attachment-id=\"4723\" data-permalink=\"https:\/\/www.comuna13online.com.ar\/?attachment_id=4723\" data-orig-file=\"https:\/\/www.comuna13online.com.ar\/wp-content\/uploads\/2019\/03\/201903015c1-e1552670783707.jpg\" data-orig-size=\"678,452\" data-comments-opened=\"0\" data-image-meta=\"{&quot;aperture&quot;:&quot;0&quot;,&quot;credit&quot;:&quot;&quot;,&quot;camera&quot;:&quot;&quot;,&quot;caption&quot;:&quot;&quot;,&quot;created_timestamp&quot;:&quot;0&quot;,&quot;copyright&quot;:&quot;&quot;,&quot;focal_length&quot;:&quot;0&quot;,&quot;iso&quot;:&quot;0&quot;,&quot;shutter_speed&quot;:&quot;0&quot;,&quot;title&quot;:&quot;&quot;,&quot;orientation&quot;:&quot;0&quot;}\" data-image-title=\"201903015c1\" data-image-description=\"\" data-image-caption=\"\" data-large-file=\"https:\/\/www.comuna13online.com.ar\/wp-content\/uploads\/2019\/03\/201903015c1-657x438.jpg\" class=\"alignnone size-full wp-image-4723\" src=\"http:\/\/www.comuna13online.com.ar\/wp-content\/uploads\/2019\/03\/201903015c1-e1552670783707.jpg\" alt=\"\" width=\"678\" height=\"452\" \/><\/p>\n<p>Se realiz\u00f3 un encuentro acad\u00e9mico que tuvo como fin mejorar la calidad de atenci\u00f3n de los pacientes e intercambiar experiencias. Cont\u00f3 con las exposiciones de profesionales de prestigio y trayectoria en la tem\u00e1tica.<\/p>\n<p>La \u00abJornada de Injuria Renal Aguda\u00bb fue declarada de Inter\u00e9s Cient\u00edfico y los miembros del Consejo de Nefrolog\u00eda Cr\u00edtica de la Asociaci\u00f3n Nefrol\u00f3gica Buenos Aires -ANBA- recibieron el diploma correspondiente. La iniciativa fue impulsada por el diputado\u00a0Jos\u00e9 Luis Acevedo\u00a0(VJ).<\/p>\n<p><em>\u00abSiempre es un orgullo para la Legislatura participar de jornadas como esta que tratan enfermedades muy injustas con tratamientos muy caros. La prevenci\u00f3n es importante y por eso estos intercambios entre profesionales son fundamentales para seguir avanzando\u00bb<\/em>, expres\u00f3 el legislador\u00a0Acevedo\u00a0en sus palabras de bienvenida.<\/p>\n<p>Las mesas de debate trataron t\u00f3picos sobre la Injuria Renal Aguda -IRA- como \u00abDefinici\u00f3n y epimolog\u00eda\u00bb, \u00abNuevos conceptos en la fisiopatolog\u00eda\u00bb, \u00abManejo\u00bb y \u00abSituaci\u00f3n en Argentina\u00bb. El evento se realiz\u00f3 en el sal\u00f3n San Mart\u00edn del Palacio Legislativo.<\/p>\n<p><img loading=\"lazy\" decoding=\"async\" data-attachment-id=\"4724\" data-permalink=\"https:\/\/www.comuna13online.com.ar\/?attachment_id=4724\" data-orig-file=\"https:\/\/www.comuna13online.com.ar\/wp-content\/uploads\/2019\/03\/201903015c2.jpg\" data-orig-size=\"678,452\" data-comments-opened=\"0\" data-image-meta=\"{&quot;aperture&quot;:&quot;0&quot;,&quot;credit&quot;:&quot;&quot;,&quot;camera&quot;:&quot;&quot;,&quot;caption&quot;:&quot;&quot;,&quot;created_timestamp&quot;:&quot;0&quot;,&quot;copyright&quot;:&quot;&quot;,&quot;focal_length&quot;:&quot;0&quot;,&quot;iso&quot;:&quot;0&quot;,&quot;shutter_speed&quot;:&quot;0&quot;,&quot;title&quot;:&quot;&quot;,&quot;orientation&quot;:&quot;0&quot;}\" data-image-title=\"201903015c2\" data-image-description=\"\" data-image-caption=\"\" data-large-file=\"https:\/\/www.comuna13online.com.ar\/wp-content\/uploads\/2019\/03\/201903015c2-657x438.jpg\" class=\"alignnone size-full wp-image-4724\" src=\"http:\/\/www.comuna13online.com.ar\/wp-content\/uploads\/2019\/03\/201903015c2.jpg\" alt=\"\" width=\"678\" height=\"452\" srcset=\"https:\/\/www.comuna13online.com.ar\/wp-content\/uploads\/2019\/03\/201903015c2.jpg 678w, https:\/\/www.comuna13online.com.ar\/wp-content\/uploads\/2019\/03\/201903015c2-657x438.jpg 657w, https:\/\/www.comuna13online.com.ar\/wp-content\/uploads\/2019\/03\/201903015c2-272x182.jpg 272w\" sizes=\"auto, (max-width: 678px) 100vw, 678px\" \/><\/p>\n<p><strong>Una enfermedad reversible<\/strong><\/p>\n<p>En el D\u00eda Mundial del Ri\u00f1\u00f3n, 14 de marzo de cada a\u00f1o, se propone concientizar sobre la alta y creciente carga de la enfermedad renal en todo el mundo y la necesidad de establecer las estrategias para su prevenci\u00f3n y tratamiento. El lema de este a\u00f1o \u00abSalud renal para todos, en todas partes\u00bb hace un llamado para alcanzar una cobertura de salud universal.<\/p>\n<p>En dicho contexto es imperativo fomentar y adoptar estilos de vida saludables (acceso a agua limpia, actividad f\u00edsica, dieta\u00a0 saludable, control del tabaco). La enfermedad renal se puede prevenir, retrasar y\/o mantener bajo control cuando se implementan las medidas de prevenci\u00f3n adecuadas.<\/p>\n<p>La Enfermedad Renal Cr\u00f3nica -ERC- es la sexta causa de muerte de m\u00e1s r\u00e1pido crecimiento y provoca al menos 2.4 millones de muertes al a\u00f1o, mientras que la Injuria Renal Aguda -IRA-, un importante impulsor de la enfermedad renal cr\u00f3nica, afecta a m\u00e1s de 13 millones de personas a nivel mundial, volvi\u00e9ndose particularmente alta en los pa\u00edses emergentes. La IRA a menudo se puede prevenir y tratar con pocas consecuencias para la salud a largo plazo.<\/p>\n<p>&nbsp;<\/p>\n<div align=\"center\">\n<blockquote class=\"twitter-tweet\" data-lang=\"es\">\n<p dir=\"ltr\" lang=\"es\">Hoy es el D\u00eda Mundial del Ri\u00f1\u00f3n. Tienen una funci\u00f3n b\u00e1sica para nuestro cuerpo: filtran los desechos y el exceso de l\u00edquidos de la sangre, que luego son excretados en la orina. <a href=\"https:\/\/twitter.com\/hashtag\/DiaMundialDelRi%C3%B1on?src=hash&amp;ref_src=twsrc%5Etfw\">#DiaMundialDelRi\u00f1on<\/a> <a href=\"https:\/\/t.co\/FjwMwGIzMV\">pic.twitter.com\/FjwMwGIzMV<\/a><\/p>\n<p>\u2014 Enfermer\u00eda Blog (@enfermeratweet) <a href=\"https:\/\/twitter.com\/enfermeratweet\/status\/1106156286830362626?ref_src=twsrc%5Etfw\">14 de marzo de 2019<\/a><\/p><\/blockquote>\n<p><script async src=\"https:\/\/platform.twitter.com\/widgets.js\" charset=\"utf-8\"><\/script><\/p>\n<\/div>\n","protected":false},"excerpt":{"rendered":"<div class=\"mh-excerpt\">En el marco del D\u00eda Mundial del Ri\u00f1\u00f3n que se conmemora cada 14 de marzo, la Legislatura porte\u00f1a distingui\u00f3 al encuentro desarrollado por nefr\u00f3logos y especialistas de esta enfermedad renal. <a class=\"mh-excerpt-more\" href=\"https:\/\/www.comuna13online.com.ar\/?p=4721\" title=\"Declararon de Inter\u00e9s Cient\u00edfico la \u00abJornada de Injuria Renal Aguda\u00bb\">[&#8230;]<\/a><\/div>\n","protected":false},"author":1,"featured_media":4722,"comment_status":"closed","ping_status":"closed","sticky":false,"template":"","format":"standard","meta":{"_uag_custom_page_level_css":"","_jetpack_memberships_contains_paid_content":false,"footnotes":"","jetpack_publicize_message":"Declararon de Inter\u00e9s Cient\u00edfico la \"Jornada de Injuria Renal Aguda\" #D\u00edaMundialDelRi\u00f1\u00f3n","jetpack_publicize_feature_enabled":true,"jetpack_social_post_already_shared":true,"jetpack_social_options":{"image_generator_settings":{"template":"highway","default_image_id":0,"font":"","enabled":false},"version":2}},"categories":[21],"tags":[7,146,45],"class_list":{"0":"post-4721","1":"post","2":"type-post","3":"status-publish","4":"format-standard","5":"has-post-thumbnail","7":"category-legislatura","8":"tag-legislatura","9":"tag-reconocimiento","10":"tag-salud"},"jetpack_publicize_connections":[],"jetpack_featured_media_url":"https:\/\/www.comuna13online.com.ar\/wp-content\/uploads\/2019\/03\/201903015c.jpg","uagb_featured_image_src":{"full":["https:\/\/www.comuna13online.com.ar\/wp-content\/uploads\/2019\/03\/201903015c.jpg",1030,438,false],"thumbnail":["https:\/\/www.comuna13online.com.ar\/wp-content\/uploads\/2019\/03\/201903015c-150x150.jpg",96,96,true],"medium":["https:\/\/www.comuna13online.com.ar\/wp-content\/uploads\/2019\/03\/201903015c-678x288.jpg",678,288,true],"medium_large":["https:\/\/www.comuna13online.com.ar\/wp-content\/uploads\/2019\/03\/201903015c-768x327.jpg",768,327,true],"large":["https:\/\/www.comuna13online.com.ar\/wp-content\/uploads\/2019\/03\/201903015c.jpg",1030,438,false],"1536x1536":["https:\/\/www.comuna13online.com.ar\/wp-content\/uploads\/2019\/03\/201903015c.jpg",1030,438,false],"2048x2048":["https:\/\/www.comuna13online.com.ar\/wp-content\/uploads\/2019\/03\/201903015c.jpg",1030,438,false],"mh-magazine-slider":["https:\/\/www.comuna13online.com.ar\/wp-content\/uploads\/2019\/03\/201903015c.jpg",1030,438,false],"mh-magazine-content":["https:\/\/www.comuna13online.com.ar\/wp-content\/uploads\/2019\/03\/201903015c-678x381.jpg",678,381,true],"mh-magazine-large":["https:\/\/www.comuna13online.com.ar\/wp-content\/uploads\/2019\/03\/201903015c-678x438.jpg",678,438,true],"mh-magazine-medium":["https:\/\/www.comuna13online.com.ar\/wp-content\/uploads\/2019\/03\/201903015c-326x245.jpg",326,245,true],"mh-magazine-small":["https:\/\/www.comuna13online.com.ar\/wp-content\/uploads\/2019\/03\/201903015c-80x60.jpg",80,60,true],"sow-carousel-default":["https:\/\/www.comuna13online.com.ar\/wp-content\/uploads\/2019\/03\/201903015c-272x182.jpg",272,182,true]},"uagb_author_info":{"display_name":"Comuna13","author_link":"https:\/\/www.comuna13online.com.ar\/?author=1"},"uagb_comment_info":0,"uagb_excerpt":"En el marco del D\u00eda Mundial del Ri\u00f1\u00f3n que se conmemora cada 14 de marzo, la Legislatura porte\u00f1a distingui\u00f3 al encuentro desarrollado por nefr\u00f3logos y especialistas de esta enfermedad renal. [...]","jetpack_sharing_enabled":true,"_links":{"self":[{"href":"https:\/\/www.comuna13online.com.ar\/index.php?rest_route=\/wp\/v2\/posts\/4721","targetHints":{"allow":["GET"]}}],"collection":[{"href":"https:\/\/www.comuna13online.com.ar\/index.php?rest_route=\/wp\/v2\/posts"}],"about":[{"href":"https:\/\/www.comuna13online.com.ar\/index.php?rest_route=\/wp\/v2\/types\/post"}],"author":[{"embeddable":true,"href":"https:\/\/www.comuna13online.com.ar\/index.php?rest_route=\/wp\/v2\/users\/1"}],"replies":[{"embeddable":true,"href":"https:\/\/www.comuna13online.com.ar\/index.php?rest_route=%2Fwp%2Fv2%2Fcomments&post=4721"}],"version-history":[{"count":0,"href":"https:\/\/www.comuna13online.com.ar\/index.php?rest_route=\/wp\/v2\/posts\/4721\/revisions"}],"wp:featuredmedia":[{"embeddable":true,"href":"https:\/\/www.comuna13online.com.ar\/index.php?rest_route=\/wp\/v2\/media\/4722"}],"wp:attachment":[{"href":"https:\/\/www.comuna13online.com.ar\/index.php?rest_route=%2Fwp%2Fv2%2Fmedia&parent=4721"}],"wp:term":[{"taxonomy":"category","embeddable":true,"href":"https:\/\/www.comuna13online.com.ar\/index.php?rest_route=%2Fwp%2Fv2%2Fcategories&post=4721"},{"taxonomy":"post_tag","embeddable":true,"href":"https:\/\/www.comuna13online.com.ar\/index.php?rest_route=%2Fwp%2Fv2%2Ftags&post=4721"}],"curies":[{"name":"wp","href":"https:\/\/api.w.org\/{rel}","templated":true}]}}