{"id":4552,"date":"2019-02-28T12:25:45","date_gmt":"2019-02-28T15:25:45","guid":{"rendered":"http:\/\/www.comuna13online.com.ar\/?p=4552"},"modified":"2019-02-28T12:25:45","modified_gmt":"2019-02-28T15:25:45","slug":"recorrido-virtual-por-lo-que-sera-la-nueva-plaza-clemente","status":"publish","type":"post","link":"https:\/\/www.comuna13online.com.ar\/?p=4552","title":{"rendered":"Recorrido virtual por lo que ser\u00e1 la nueva Plaza Clemente"},"content":{"rendered":"<p><strong>El pasado 9 de febrero el Gobierno de la Ciudad organiz\u00f3 un recorrido virtual para conocer como ser\u00e1 la nueva Plaza Clemente del barrio Colegiales de nuestra Comuna.<\/strong><\/p>\n<p><img loading=\"lazy\" decoding=\"async\" data-attachment-id=\"4558\" data-permalink=\"https:\/\/www.comuna13online.com.ar\/?attachment_id=4558\" data-orig-file=\"https:\/\/www.comuna13online.com.ar\/wp-content\/uploads\/2019\/02\/20190228b5.jpg\" data-orig-size=\"820,300\" data-comments-opened=\"0\" data-image-meta=\"{&quot;aperture&quot;:&quot;0&quot;,&quot;credit&quot;:&quot;&quot;,&quot;camera&quot;:&quot;&quot;,&quot;caption&quot;:&quot;&quot;,&quot;created_timestamp&quot;:&quot;0&quot;,&quot;copyright&quot;:&quot;&quot;,&quot;focal_length&quot;:&quot;0&quot;,&quot;iso&quot;:&quot;0&quot;,&quot;shutter_speed&quot;:&quot;0&quot;,&quot;title&quot;:&quot;&quot;,&quot;orientation&quot;:&quot;0&quot;}\" data-image-title=\"20190228b5\" data-image-description=\"\" data-image-caption=\"\" data-large-file=\"https:\/\/www.comuna13online.com.ar\/wp-content\/uploads\/2019\/02\/20190228b5.jpg\" class=\"alignnone size-full wp-image-4558\" src=\"http:\/\/www.comuna13online.com.ar\/wp-content\/uploads\/2019\/02\/20190228b5.jpg\" alt=\"20190228b5\" width=\"820\" height=\"300\" srcset=\"https:\/\/www.comuna13online.com.ar\/wp-content\/uploads\/2019\/02\/20190228b5.jpg 820w, https:\/\/www.comuna13online.com.ar\/wp-content\/uploads\/2019\/02\/20190228b5-678x248.jpg 678w, https:\/\/www.comuna13online.com.ar\/wp-content\/uploads\/2019\/02\/20190228b5-768x281.jpg 768w\" sizes=\"auto, (max-width: 820px) 100vw, 820px\" \/><\/p>\n<p>El entorno de 7900 m2, delimitado por las\u00a0calles Dorrego, Enrique Mart\u00ednez, Concepci\u00f3n Arenal y Conde ser\u00e1 un nuevo espacio verde y p\u00fablico.<\/p>\n<p>El\u00a09 de febrero\u00a0de 18 a 20 hs, se realiz\u00f3 una jornada participativa para acompa\u00f1ar el inicio de las obras en este espacio.<\/p>\n<p>Los vecinos y vecinas asistentes experimentaron todo lo que se viene a\u00a0trav\u00e9s de dispositivos de\u00a0Realidad Mixta\u00a0para\u00a0poder ver en 3D el proyecto. Tambi\u00e9n conocieron la\u00a0flora nativa\u00a0que se colocar\u00e1 en el lugar\u00a0y\u00a0revisitaron la historia del barrio\u00a0en un mapeo simb\u00f3lico con sus aspectos m\u00e1s significativos.<\/p>\n<div align=\"center\">\n<div data-carousel-extra='{&quot;blog_id&quot;:1,&quot;permalink&quot;:&quot;https:\/\/www.comuna13online.com.ar\/?p=4552&quot;}' id='gallery-1' class='gallery galleryid-4552 gallery-columns-4 gallery-size-thumbnail'><figure class='gallery-item'>\n\t\t\t<div class='gallery-icon landscape'>\n\t\t\t\t<a href='https:\/\/www.comuna13online.com.ar\/?attachment_id=4557'><img loading=\"lazy\" decoding=\"async\" width=\"96\" height=\"96\" src=\"https:\/\/www.comuna13online.com.ar\/wp-content\/uploads\/2019\/02\/20190228b4-150x150.jpg\" class=\"attachment-thumbnail size-thumbnail\" alt=\"\" data-attachment-id=\"4557\" data-permalink=\"https:\/\/www.comuna13online.com.ar\/?attachment_id=4557\" data-orig-file=\"https:\/\/www.comuna13online.com.ar\/wp-content\/uploads\/2019\/02\/20190228b4.jpg\" data-orig-size=\"750,500\" data-comments-opened=\"0\" data-image-meta=\"{&quot;aperture&quot;:&quot;0&quot;,&quot;credit&quot;:&quot;&quot;,&quot;camera&quot;:&quot;&quot;,&quot;caption&quot;:&quot;&quot;,&quot;created_timestamp&quot;:&quot;0&quot;,&quot;copyright&quot;:&quot;&quot;,&quot;focal_length&quot;:&quot;0&quot;,&quot;iso&quot;:&quot;0&quot;,&quot;shutter_speed&quot;:&quot;0&quot;,&quot;title&quot;:&quot;&quot;,&quot;orientation&quot;:&quot;0&quot;}\" data-image-title=\"20190228b4\" data-image-description=\"\" data-image-caption=\"\" data-large-file=\"https:\/\/www.comuna13online.com.ar\/wp-content\/uploads\/2019\/02\/20190228b4-657x438.jpg\" \/><\/a>\n\t\t\t<\/div><\/figure><figure class='gallery-item'>\n\t\t\t<div class='gallery-icon landscape'>\n\t\t\t\t<a href='https:\/\/www.comuna13online.com.ar\/?attachment_id=4556'><img loading=\"lazy\" decoding=\"async\" width=\"96\" height=\"96\" src=\"https:\/\/www.comuna13online.com.ar\/wp-content\/uploads\/2019\/02\/20190228b3-150x150.jpg\" class=\"attachment-thumbnail size-thumbnail\" alt=\"\" data-attachment-id=\"4556\" data-permalink=\"https:\/\/www.comuna13online.com.ar\/?attachment_id=4556\" data-orig-file=\"https:\/\/www.comuna13online.com.ar\/wp-content\/uploads\/2019\/02\/20190228b3.jpg\" data-orig-size=\"750,500\" data-comments-opened=\"0\" data-image-meta=\"{&quot;aperture&quot;:&quot;0&quot;,&quot;credit&quot;:&quot;&quot;,&quot;camera&quot;:&quot;&quot;,&quot;caption&quot;:&quot;&quot;,&quot;created_timestamp&quot;:&quot;0&quot;,&quot;copyright&quot;:&quot;&quot;,&quot;focal_length&quot;:&quot;0&quot;,&quot;iso&quot;:&quot;0&quot;,&quot;shutter_speed&quot;:&quot;0&quot;,&quot;title&quot;:&quot;&quot;,&quot;orientation&quot;:&quot;0&quot;}\" data-image-title=\"20190228b3\" data-image-description=\"\" data-image-caption=\"\" data-large-file=\"https:\/\/www.comuna13online.com.ar\/wp-content\/uploads\/2019\/02\/20190228b3-657x438.jpg\" \/><\/a>\n\t\t\t<\/div><\/figure><figure class='gallery-item'>\n\t\t\t<div class='gallery-icon landscape'>\n\t\t\t\t<a href='https:\/\/www.comuna13online.com.ar\/?attachment_id=4555'><img loading=\"lazy\" decoding=\"async\" width=\"96\" height=\"96\" src=\"https:\/\/www.comuna13online.com.ar\/wp-content\/uploads\/2019\/02\/20190228b2-150x150.jpg\" class=\"attachment-thumbnail size-thumbnail\" alt=\"\" data-attachment-id=\"4555\" data-permalink=\"https:\/\/www.comuna13online.com.ar\/?attachment_id=4555\" data-orig-file=\"https:\/\/www.comuna13online.com.ar\/wp-content\/uploads\/2019\/02\/20190228b2.jpg\" data-orig-size=\"750,500\" data-comments-opened=\"0\" data-image-meta=\"{&quot;aperture&quot;:&quot;0&quot;,&quot;credit&quot;:&quot;&quot;,&quot;camera&quot;:&quot;&quot;,&quot;caption&quot;:&quot;&quot;,&quot;created_timestamp&quot;:&quot;0&quot;,&quot;copyright&quot;:&quot;&quot;,&quot;focal_length&quot;:&quot;0&quot;,&quot;iso&quot;:&quot;0&quot;,&quot;shutter_speed&quot;:&quot;0&quot;,&quot;title&quot;:&quot;&quot;,&quot;orientation&quot;:&quot;0&quot;}\" data-image-title=\"20190228b2\" data-image-description=\"\" data-image-caption=\"\" data-large-file=\"https:\/\/www.comuna13online.com.ar\/wp-content\/uploads\/2019\/02\/20190228b2-657x438.jpg\" \/><\/a>\n\t\t\t<\/div><\/figure><figure class='gallery-item'>\n\t\t\t<div class='gallery-icon landscape'>\n\t\t\t\t<a href='https:\/\/www.comuna13online.com.ar\/?attachment_id=4554'><img loading=\"lazy\" decoding=\"async\" width=\"96\" height=\"96\" src=\"https:\/\/www.comuna13online.com.ar\/wp-content\/uploads\/2019\/02\/20190228b1-150x150.jpg\" class=\"attachment-thumbnail size-thumbnail\" alt=\"\" data-attachment-id=\"4554\" data-permalink=\"https:\/\/www.comuna13online.com.ar\/?attachment_id=4554\" data-orig-file=\"https:\/\/www.comuna13online.com.ar\/wp-content\/uploads\/2019\/02\/20190228b1.jpg\" data-orig-size=\"750,500\" data-comments-opened=\"0\" data-image-meta=\"{&quot;aperture&quot;:&quot;0&quot;,&quot;credit&quot;:&quot;&quot;,&quot;camera&quot;:&quot;&quot;,&quot;caption&quot;:&quot;&quot;,&quot;created_timestamp&quot;:&quot;0&quot;,&quot;copyright&quot;:&quot;&quot;,&quot;focal_length&quot;:&quot;0&quot;,&quot;iso&quot;:&quot;0&quot;,&quot;shutter_speed&quot;:&quot;0&quot;,&quot;title&quot;:&quot;&quot;,&quot;orientation&quot;:&quot;0&quot;}\" data-image-title=\"20190228b1\" data-image-description=\"\" data-image-caption=\"\" data-large-file=\"https:\/\/www.comuna13online.com.ar\/wp-content\/uploads\/2019\/02\/20190228b1-657x438.jpg\" \/><\/a>\n\t\t\t<\/div><\/figure>\n\t\t<\/div>\n\n<\/div>\n<p>El proceso participativo comenz\u00f3 en agosto del a\u00f1o pasado donde, a trav\u00e9s de\u00a0dos reuniones de coreaci\u00f3n y una reuni\u00f3n informativa, los vecinos y vecinas del barrio propusieron todas sus ideas de mejora para sumar al proyecto realizado por el\u00a0 Ministerio de Desarrollo Urbano y Transporte de la Ciudad.<\/p>\n<div align=\"center\">\n<blockquote class=\"twitter-tweet\" data-lang=\"es\">\n<p dir=\"ltr\" lang=\"es\">Gracias a los que se acercaron el s\u00e1bado a <a href=\"https:\/\/twitter.com\/hashtag\/PlazaClemente?src=hash&#038;ref_src=twsrc%5Etfw\">#PlazaClemente<\/a> para conocer los detalles del proyecto con lentes de realidad aumentada y un plano h\u00e1ptico para no videntes. Hubo un sector educativo sobre <a href=\"https:\/\/twitter.com\/hashtag\/floranativa?src=hash&#038;ref_src=twsrc%5Etfw\">#floranativa<\/a> y una l\u00ednea de tiempo colaborativa con la historia de <a href=\"https:\/\/twitter.com\/hashtag\/Colegiales?src=hash&#038;ref_src=twsrc%5Etfw\">#Colegiales<\/a>. <a href=\"https:\/\/t.co\/InXvg8DK3d\">pic.twitter.com\/InXvg8DK3d<\/a><\/p>\n<p>\u2014 Alvaro Garcia Resta (@AGarciaResta) <a href=\"https:\/\/twitter.com\/AGarciaResta\/status\/1094971202081304576?ref_src=twsrc%5Etfw\">11 de febrero de 2019<\/a><\/p><\/blockquote>\n<div style=\"width: 640px;\" class=\"wp-video\"><video class=\"wp-video-shortcode\" id=\"video-4552-1\" width=\"640\" height=\"640\" preload=\"metadata\" controls=\"controls\"><source type=\"video\/mp4\" src=\"http:\/\/www.comuna13online.com.ar\/wp-content\/uploads\/2019\/02\/20190228b6.mp4?_=1\" \/><a href=\"http:\/\/www.comuna13online.com.ar\/wp-content\/uploads\/2019\/02\/20190228b6.mp4\">http:\/\/www.comuna13online.com.ar\/wp-content\/uploads\/2019\/02\/20190228b6.mp4<\/a><\/video><\/div>\n<\/div>\n","protected":false},"excerpt":{"rendered":"<div class=\"mh-excerpt\">El pasado 9 de febrero el Gobierno de la Ciudad organiz\u00f3 un recorrido virtual para conocer como ser\u00e1 la nueva Plaza Clemente del barrio Colegiales de nuestra Comuna. El entorno <a class=\"mh-excerpt-more\" href=\"https:\/\/www.comuna13online.com.ar\/?p=4552\" title=\"Recorrido virtual por lo que ser\u00e1 la nueva Plaza Clemente\">[&#8230;]<\/a><\/div>\n","protected":false},"author":1,"featured_media":4559,"comment_status":"closed","ping_status":"closed","sticky":false,"template":"","format":"standard","meta":{"_uag_custom_page_level_css":"","_jetpack_memberships_contains_paid_content":false,"footnotes":"","jetpack_publicize_message":"Recorrido virtual por lo que ser\u00e1 la nueva Plaza Clemente\n#PlazaClemente","jetpack_publicize_feature_enabled":true,"jetpack_social_post_already_shared":true,"jetpack_social_options":{"image_generator_settings":{"template":"highway","default_image_id":0,"font":"","enabled":false},"version":2}},"categories":[67],"tags":[19,69,92],"class_list":{"0":"post-4552","1":"post","2":"type-post","3":"status-publish","4":"format-standard","5":"has-post-thumbnail","7":"category-espacio-verde","8":"tag-comuna-13","9":"tag-espacio-verde","10":"tag-plaza-clemente"},"jetpack_publicize_connections":[],"jetpack_featured_media_url":"https:\/\/www.comuna13online.com.ar\/wp-content\/uploads\/2019\/02\/20190228b.jpg","uagb_featured_image_src":{"full":["https:\/\/www.comuna13online.com.ar\/wp-content\/uploads\/2019\/02\/20190228b.jpg",1030,438,false],"thumbnail":["https:\/\/www.comuna13online.com.ar\/wp-content\/uploads\/2019\/02\/20190228b-150x150.jpg",96,96,true],"medium":["https:\/\/www.comuna13online.com.ar\/wp-content\/uploads\/2019\/02\/20190228b-678x288.jpg",678,288,true],"medium_large":["https:\/\/www.comuna13online.com.ar\/wp-content\/uploads\/2019\/02\/20190228b-768x327.jpg",768,327,true],"large":["https:\/\/www.comuna13online.com.ar\/wp-content\/uploads\/2019\/02\/20190228b.jpg",1030,438,false],"1536x1536":["https:\/\/www.comuna13online.com.ar\/wp-content\/uploads\/2019\/02\/20190228b.jpg",1030,438,false],"2048x2048":["https:\/\/www.comuna13online.com.ar\/wp-content\/uploads\/2019\/02\/20190228b.jpg",1030,438,false],"mh-magazine-slider":["https:\/\/www.comuna13online.com.ar\/wp-content\/uploads\/2019\/02\/20190228b.jpg",1030,438,false],"mh-magazine-content":["https:\/\/www.comuna13online.com.ar\/wp-content\/uploads\/2019\/02\/20190228b-678x381.jpg",678,381,true],"mh-magazine-large":["https:\/\/www.comuna13online.com.ar\/wp-content\/uploads\/2019\/02\/20190228b-678x438.jpg",678,438,true],"mh-magazine-medium":["https:\/\/www.comuna13online.com.ar\/wp-content\/uploads\/2019\/02\/20190228b-326x245.jpg",326,245,true],"mh-magazine-small":["https:\/\/www.comuna13online.com.ar\/wp-content\/uploads\/2019\/02\/20190228b-80x60.jpg",80,60,true],"sow-carousel-default":["https:\/\/www.comuna13online.com.ar\/wp-content\/uploads\/2019\/02\/20190228b-272x182.jpg",272,182,true]},"uagb_author_info":{"display_name":"Comuna13","author_link":"https:\/\/www.comuna13online.com.ar\/?author=1"},"uagb_comment_info":0,"uagb_excerpt":"El pasado 9 de febrero el Gobierno de la Ciudad organiz\u00f3 un recorrido virtual para conocer como ser\u00e1 la nueva Plaza Clemente del barrio Colegiales de nuestra Comuna. El entorno [...]","jetpack_sharing_enabled":true,"_links":{"self":[{"href":"https:\/\/www.comuna13online.com.ar\/index.php?rest_route=\/wp\/v2\/posts\/4552","targetHints":{"allow":["GET"]}}],"collection":[{"href":"https:\/\/www.comuna13online.com.ar\/index.php?rest_route=\/wp\/v2\/posts"}],"about":[{"href":"https:\/\/www.comuna13online.com.ar\/index.php?rest_route=\/wp\/v2\/types\/post"}],"author":[{"embeddable":true,"href":"https:\/\/www.comuna13online.com.ar\/index.php?rest_route=\/wp\/v2\/users\/1"}],"replies":[{"embeddable":true,"href":"https:\/\/www.comuna13online.com.ar\/index.php?rest_route=%2Fwp%2Fv2%2Fcomments&post=4552"}],"version-history":[{"count":0,"href":"https:\/\/www.comuna13online.com.ar\/index.php?rest_route=\/wp\/v2\/posts\/4552\/revisions"}],"wp:featuredmedia":[{"embeddable":true,"href":"https:\/\/www.comuna13online.com.ar\/index.php?rest_route=\/wp\/v2\/media\/4559"}],"wp:attachment":[{"href":"https:\/\/www.comuna13online.com.ar\/index.php?rest_route=%2Fwp%2Fv2%2Fmedia&parent=4552"}],"wp:term":[{"taxonomy":"category","embeddable":true,"href":"https:\/\/www.comuna13online.com.ar\/index.php?rest_route=%2Fwp%2Fv2%2Fcategories&post=4552"},{"taxonomy":"post_tag","embeddable":true,"href":"https:\/\/www.comuna13online.com.ar\/index.php?rest_route=%2Fwp%2Fv2%2Ftags&post=4552"}],"curies":[{"name":"wp","href":"https:\/\/api.w.org\/{rel}","templated":true}]}}