{"id":4338,"date":"2019-02-13T10:46:47","date_gmt":"2019-02-13T13:46:47","guid":{"rendered":"http:\/\/www.comuna13online.com.ar\/?p=4338"},"modified":"2019-02-13T10:46:47","modified_gmt":"2019-02-13T13:46:47","slug":"denuncian-que-buscan-cerrar-la-terapia-pediatrica-del-hospital-durand","status":"publish","type":"post","link":"https:\/\/www.comuna13online.com.ar\/?p=4338","title":{"rendered":"Denuncian que buscan cerrar la terapia pedi\u00e1trica del Hospital Durand"},"content":{"rendered":"<p><strong>Traslado de enfermeros a otros hospitales, sin nombramientos de cirujanos y anestesistas y falta de mantenimiento: ATE denuncia un \u201ccierre encubierto\u201d y se encuentran en estado de alerta y movilizaci\u00f3n.<\/strong><\/p>\n<p><img loading=\"lazy\" decoding=\"async\" data-attachment-id=\"4340\" data-permalink=\"https:\/\/www.comuna13online.com.ar\/?attachment_id=4340\" data-orig-file=\"https:\/\/www.comuna13online.com.ar\/wp-content\/uploads\/2019\/02\/20190213a1.jpg\" data-orig-size=\"678,466\" data-comments-opened=\"0\" data-image-meta=\"{&quot;aperture&quot;:&quot;0&quot;,&quot;credit&quot;:&quot;&quot;,&quot;camera&quot;:&quot;&quot;,&quot;caption&quot;:&quot;&quot;,&quot;created_timestamp&quot;:&quot;0&quot;,&quot;copyright&quot;:&quot;&quot;,&quot;focal_length&quot;:&quot;0&quot;,&quot;iso&quot;:&quot;0&quot;,&quot;shutter_speed&quot;:&quot;0&quot;,&quot;title&quot;:&quot;&quot;,&quot;orientation&quot;:&quot;0&quot;}\" data-image-title=\"20190213a1\" data-image-description=\"\" data-image-caption=\"\" data-large-file=\"https:\/\/www.comuna13online.com.ar\/wp-content\/uploads\/2019\/02\/20190213a1-637x438.jpg\" class=\"alignnone size-medium wp-image-4340\" src=\"http:\/\/www.comuna13online.com.ar\/wp-content\/uploads\/2019\/02\/20190213a1-658x452.jpg\" alt=\"\" width=\"658\" height=\"452\" srcset=\"https:\/\/www.comuna13online.com.ar\/wp-content\/uploads\/2019\/02\/20190213a1-658x452.jpg 658w, https:\/\/www.comuna13online.com.ar\/wp-content\/uploads\/2019\/02\/20190213a1-637x438.jpg 637w, https:\/\/www.comuna13online.com.ar\/wp-content\/uploads\/2019\/02\/20190213a1.jpg 678w\" sizes=\"auto, (max-width: 658px) 100vw, 658px\" \/><\/p>\n<p>Trabajadores y trabajadoras del Hospital Durand est\u00e1n en estado de alerta y movilizaci\u00f3n. Denuncian el \u201ccierre encubierto\u201d del \u00e1rea de Terapia Pedi\u00e1trica, a partir del traslado de enfermeros a otros hospitales, la falta de nombramientos de cirujanos y anestesi\u00f3logos y el no mantenimiento. Incluso, advierten que hace d\u00edas se desplom\u00f3 parte del techo en ese sector y nunca se repar\u00f3.<\/p>\n<p><em>\u201cEl mi\u00e9rcoles en una reuni\u00f3n con la direcci\u00f3n del hospital nos comunicaron la intenci\u00f3n del Ministerio de Salud de cerrar el servicio de terapia pedi\u00e1trica y armar una extensi\u00f3n de la terapia intensiva de adultos. Y trasladar a todos los enfermeros a otros hospitales\u201d,<\/em> dijo <strong>Luis Ortiz<\/strong>, secretario gremial de ATE en el Hospital Durand, en di\u00e1logo con medios de prensa. Y agreg\u00f3: <em>\u201cEl argumento es que no hay cirujanos infantiles. Tampoco anestesi\u00f3logos. Pero el problema es que no los nombran. No hay voluntad del Ministerio de Salud de nombrarlos\u201d.<\/em><\/p>\n<p>Desde ATE denuncian que el traslado de 12 de los 25 enfermeros de la terapia pedi\u00e1trica forma parte del desguace del sector. Tambi\u00e9n leen en esa l\u00ednea la falta de mantenimiento. <em>\u201cHace poco se cay\u00f3 parte del techo de terapia pedi\u00e1trica. Sigue igual, no se lo repar\u00f3. Sal\u00eda humo de los aires acondicionados, el agua hizo un desastre en el techo y se cay\u00f3. No hay mantenimiento de la terapia, la est\u00e1n dejando secar. Un rato antes hab\u00edan pasado los enfermeros por ah\u00ed, y tuvimos la suerte de que no cay\u00f3 sobre la cama de un ni\u00f1o. Los trabajadores est\u00e1n preocupados\u201d,<\/em> se\u00f1al\u00f3 <strong>Ortiz<\/strong>.<\/p>\n<p>En el marco del proceso de \u201ccierre encubierto\u201d trabajadoras y trabajadores nucleados en ATE analizan las pr\u00f3ximas medidas, entre ellas un abrazo solidario. Y advierten que esta situaci\u00f3n <em>\u201cviene perjudicando la atenci\u00f3n, como as\u00ed la posibilidad de internaci\u00f3n de pacientes\u201d.<\/em><\/p>\n<p>En la medida que esta situaci\u00f3n trascienda, habr\u00e1 que esperar las explicaciones que seguramente provendr\u00e1n del Ministerio de Salud y su titular, la <strong>Dra. Ana Mar\u00eda Bou P\u00e9rez.<\/strong><\/p>\n","protected":false},"excerpt":{"rendered":"<div class=\"mh-excerpt\">Traslado de enfermeros a otros hospitales, sin nombramientos de cirujanos y anestesistas y falta de mantenimiento: ATE denuncia un \u201ccierre encubierto\u201d y se encuentran en estado de alerta y movilizaci\u00f3n. <a class=\"mh-excerpt-more\" href=\"https:\/\/www.comuna13online.com.ar\/?p=4338\" title=\"Denuncian que buscan cerrar la terapia pedi\u00e1trica del Hospital Durand\">[&#8230;]<\/a><\/div>\n","protected":false},"author":1,"featured_media":4339,"comment_status":"closed","ping_status":"closed","sticky":false,"template":"","format":"standard","meta":{"_uag_custom_page_level_css":"","_jetpack_memberships_contains_paid_content":false,"footnotes":"","jetpack_publicize_message":"","jetpack_publicize_feature_enabled":true,"jetpack_social_post_already_shared":true,"jetpack_social_options":{"image_generator_settings":{"template":"highway","default_image_id":0,"font":"","enabled":false},"version":2}},"categories":[44],"tags":[108,45],"class_list":{"0":"post-4338","1":"post","2":"type-post","3":"status-publish","4":"format-standard","5":"has-post-thumbnail","7":"category-salud","8":"tag-justicia","9":"tag-salud"},"jetpack_publicize_connections":[],"jetpack_featured_media_url":"https:\/\/www.comuna13online.com.ar\/wp-content\/uploads\/2019\/02\/20190213a.jpg","uagb_featured_image_src":{"full":["https:\/\/www.comuna13online.com.ar\/wp-content\/uploads\/2019\/02\/20190213a.jpg",1030,438,false],"thumbnail":["https:\/\/www.comuna13online.com.ar\/wp-content\/uploads\/2019\/02\/20190213a-150x150.jpg",96,96,true],"medium":["https:\/\/www.comuna13online.com.ar\/wp-content\/uploads\/2019\/02\/20190213a-678x288.jpg",678,288,true],"medium_large":["https:\/\/www.comuna13online.com.ar\/wp-content\/uploads\/2019\/02\/20190213a-768x327.jpg",768,327,true],"large":["https:\/\/www.comuna13online.com.ar\/wp-content\/uploads\/2019\/02\/20190213a.jpg",1030,438,false],"1536x1536":["https:\/\/www.comuna13online.com.ar\/wp-content\/uploads\/2019\/02\/20190213a.jpg",1030,438,false],"2048x2048":["https:\/\/www.comuna13online.com.ar\/wp-content\/uploads\/2019\/02\/20190213a.jpg",1030,438,false],"mh-magazine-slider":["https:\/\/www.comuna13online.com.ar\/wp-content\/uploads\/2019\/02\/20190213a.jpg",1030,438,false],"mh-magazine-content":["https:\/\/www.comuna13online.com.ar\/wp-content\/uploads\/2019\/02\/20190213a-678x381.jpg",678,381,true],"mh-magazine-large":["https:\/\/www.comuna13online.com.ar\/wp-content\/uploads\/2019\/02\/20190213a-678x438.jpg",678,438,true],"mh-magazine-medium":["https:\/\/www.comuna13online.com.ar\/wp-content\/uploads\/2019\/02\/20190213a-326x245.jpg",326,245,true],"mh-magazine-small":["https:\/\/www.comuna13online.com.ar\/wp-content\/uploads\/2019\/02\/20190213a-80x60.jpg",80,60,true],"sow-carousel-default":["https:\/\/www.comuna13online.com.ar\/wp-content\/uploads\/2019\/02\/20190213a-272x182.jpg",272,182,true]},"uagb_author_info":{"display_name":"Comuna13","author_link":"https:\/\/www.comuna13online.com.ar\/?author=1"},"uagb_comment_info":0,"uagb_excerpt":"Traslado de enfermeros a otros hospitales, sin nombramientos de cirujanos y anestesistas y falta de mantenimiento: ATE denuncia un \u201ccierre encubierto\u201d y se encuentran en estado de alerta y movilizaci\u00f3n. [...]","jetpack_sharing_enabled":true,"_links":{"self":[{"href":"https:\/\/www.comuna13online.com.ar\/index.php?rest_route=\/wp\/v2\/posts\/4338","targetHints":{"allow":["GET"]}}],"collection":[{"href":"https:\/\/www.comuna13online.com.ar\/index.php?rest_route=\/wp\/v2\/posts"}],"about":[{"href":"https:\/\/www.comuna13online.com.ar\/index.php?rest_route=\/wp\/v2\/types\/post"}],"author":[{"embeddable":true,"href":"https:\/\/www.comuna13online.com.ar\/index.php?rest_route=\/wp\/v2\/users\/1"}],"replies":[{"embeddable":true,"href":"https:\/\/www.comuna13online.com.ar\/index.php?rest_route=%2Fwp%2Fv2%2Fcomments&post=4338"}],"version-history":[{"count":0,"href":"https:\/\/www.comuna13online.com.ar\/index.php?rest_route=\/wp\/v2\/posts\/4338\/revisions"}],"wp:featuredmedia":[{"embeddable":true,"href":"https:\/\/www.comuna13online.com.ar\/index.php?rest_route=\/wp\/v2\/media\/4339"}],"wp:attachment":[{"href":"https:\/\/www.comuna13online.com.ar\/index.php?rest_route=%2Fwp%2Fv2%2Fmedia&parent=4338"}],"wp:term":[{"taxonomy":"category","embeddable":true,"href":"https:\/\/www.comuna13online.com.ar\/index.php?rest_route=%2Fwp%2Fv2%2Fcategories&post=4338"},{"taxonomy":"post_tag","embeddable":true,"href":"https:\/\/www.comuna13online.com.ar\/index.php?rest_route=%2Fwp%2Fv2%2Ftags&post=4338"}],"curies":[{"name":"wp","href":"https:\/\/api.w.org\/{rel}","templated":true}]}}