{"id":4298,"date":"2019-02-08T11:01:55","date_gmt":"2019-02-08T14:01:55","guid":{"rendered":"http:\/\/www.comuna13online.com.ar\/?p=4298"},"modified":"2019-02-08T11:01:55","modified_gmt":"2019-02-08T14:01:55","slug":"los-vecinos-podran-hacer-un-recorrido-virtual-de-las-obras-en-la-plaza-clemente","status":"publish","type":"post","link":"https:\/\/www.comuna13online.com.ar\/?p=4298","title":{"rendered":"Los vecinos podr\u00e1n hacer un recorrido virtual de las obras en la Plaza Clemente"},"content":{"rendered":"<p><strong>El s\u00e1bado 9 el Gobierno porte\u00f1o organiz\u00f3 una jornada para descubrir c\u00f3mo ser\u00e1n las mejoras de la Plaza Clemente de una manera diferente, con realidad aumentada. Se suspende por lluvia.<\/strong><\/p>\n<p><img loading=\"lazy\" decoding=\"async\" data-attachment-id=\"4299\" data-permalink=\"https:\/\/www.comuna13online.com.ar\/?attachment_id=4299\" data-orig-file=\"https:\/\/www.comuna13online.com.ar\/wp-content\/uploads\/2019\/02\/20190208c1.gif\" data-orig-size=\"600,258\" data-comments-opened=\"0\" data-image-meta=\"{&quot;aperture&quot;:&quot;0&quot;,&quot;credit&quot;:&quot;&quot;,&quot;camera&quot;:&quot;&quot;,&quot;caption&quot;:&quot;&quot;,&quot;created_timestamp&quot;:&quot;0&quot;,&quot;copyright&quot;:&quot;&quot;,&quot;focal_length&quot;:&quot;0&quot;,&quot;iso&quot;:&quot;0&quot;,&quot;shutter_speed&quot;:&quot;0&quot;,&quot;title&quot;:&quot;&quot;,&quot;orientation&quot;:&quot;0&quot;}\" data-image-title=\"20190208c1\" data-image-description=\"\" data-image-caption=\"\" data-large-file=\"https:\/\/www.comuna13online.com.ar\/wp-content\/uploads\/2019\/02\/20190208c1.gif\" class=\"alignnone wp-image-4299\" src=\"http:\/\/www.comuna13online.com.ar\/wp-content\/uploads\/2019\/02\/20190208c1.gif\" alt=\"\" width=\"678\" height=\"292\" \/><br \/>\nLuego de una larga lucha por parte de los vecinos y una pol\u00e9mica resoluci\u00f3n, ya que el gobierno decidi\u00f3 desprenderse de \u00abEl Dorrego\u00bbpara la construcci\u00f3n de la Plaza Clemente, las obras ya est\u00e1n en marcha y este s\u00e1bado se podr\u00e1n ver finalizadas con Realidad Aumentada.<\/p>\n<p>A trav\u00e9s de lentes con tecnolog\u00eda de realidad aumentada, los vecinos y vecinas\u00a0experimentar\u00e1n todo lo que se viene. Tambi\u00e9n conocer\u00e1n la flora nativa que se colocar\u00e1 en el lugar\u00a0y revisitar\u00e1n la historia del barrio en un mapeo simb\u00f3lico con sus aspectos m\u00e1s significativos. Para acompa\u00f1ar todo el recorrido, sonar\u00e1n bandas locales.<\/p>\n<p>La visita est\u00e1 programada para el s\u00e1bado 9 de febrero a las 18 horas en Concepci\u00f3n Arenal 3300,\u00a0para poder acceder a la visualizaci\u00f3n virtual deber\u00e1n anotarse a trav\u00e9s de participaci\u00f3n ciudadana <a href=\"https:\/\/t.co\/yLcBklKr7z\" target=\"_blank\" rel=\"noopener\">aqu\u00ed<\/a>.<\/p>\n<p><img loading=\"lazy\" decoding=\"async\" data-attachment-id=\"4301\" data-permalink=\"https:\/\/www.comuna13online.com.ar\/?attachment_id=4301\" data-orig-file=\"https:\/\/www.comuna13online.com.ar\/wp-content\/uploads\/2019\/02\/20190208b1.jpg\" data-orig-size=\"678,385\" data-comments-opened=\"0\" data-image-meta=\"{&quot;aperture&quot;:&quot;0&quot;,&quot;credit&quot;:&quot;&quot;,&quot;camera&quot;:&quot;&quot;,&quot;caption&quot;:&quot;&quot;,&quot;created_timestamp&quot;:&quot;0&quot;,&quot;copyright&quot;:&quot;&quot;,&quot;focal_length&quot;:&quot;0&quot;,&quot;iso&quot;:&quot;0&quot;,&quot;shutter_speed&quot;:&quot;0&quot;,&quot;title&quot;:&quot;&quot;,&quot;orientation&quot;:&quot;0&quot;}\" data-image-title=\"20190208b1\" data-image-description=\"\" data-image-caption=\"\" data-large-file=\"https:\/\/www.comuna13online.com.ar\/wp-content\/uploads\/2019\/02\/20190208b1.jpg\" class=\"alignnone size-medium wp-image-4301\" src=\"http:\/\/www.comuna13online.com.ar\/wp-content\/uploads\/2019\/02\/20190208b1-678x385.jpg\" alt=\"\" width=\"678\" height=\"385\" \/><\/p>\n<h4><span style=\"color: #cc0000;\"><strong>As\u00ed ser\u00e1 la Plaza Clemente<\/strong><\/span><\/h4>\n<p>Las construcci\u00f3n de la Plaza Clemente se iniciaron puntualmente, en la zona ya delimitado por Concepci\u00f3n Arenal, Conde, Enrique Mart\u00ednez y la avenida Dorrego, que ya ha sido cercado con rejas y adentro se visualiza el movimiento de la maquinaria. Su costo es de 62 millones de pesos.<\/p>\n<p>Su finalizaci\u00f3n est\u00e1 estipulada para mediados de 2019, entre las\u00a0caracter\u00edsticas m\u00e1s salientes de este nuevo espacio verde en Colegiales est\u00e1n:<\/p>\n<p>Una superficie ser\u00e1 de casi 8 mil\u00a0 metros cuadrados que estar\u00e1 dividida en siete\u00a0espacios diferenciados: un punto de encuentro central, un \u00e1gora con bancos de descanso, un sector de juegos de vapor con aspersores de refrescancia, mesas comunitarias, un observatorio de mariposas, juegos inclusivos para personas con discapacidad y un sendero de vegetaci\u00f3n con placas educativas.<\/p>\n<p>Contar\u00e1 con flora nativa, rampas, \u00e1reas de juegos, bancos de descanso, planos h\u00e1pticos para no videntes y pictogramas para autistas y la iluminaci\u00f3n ser\u00e1 con luces LED.<\/p>\n<p>La vereda intervenida con una \u00abl\u00ednea de tiempo\u00bb, con la descipci\u00f3n de los hechos m\u00e1s significativos del barrio.<\/p>\n<p>No faltara el homenaje al\u00a0dibujante e historietista Caloi, creador de Clemente, tal como fue bautizada la nueva plaza, que es una realidad gracias tambi\u00e9n al aporte de Tute, su hijo.<\/p>\n<p>Cuando las obras lleguen a su fin, la calle Conde tendr\u00e1 en mismo nivel que la plaza, adem\u00e1s pasar\u00e1 a ser mano \u00fanica hacia la Av. Dorrego y la velocidad m\u00e1xima permitida ser\u00e1 de 20 km\/h.<\/p>\n<p><img loading=\"lazy\" decoding=\"async\" data-attachment-id=\"4302\" data-permalink=\"https:\/\/www.comuna13online.com.ar\/?attachment_id=4302\" data-orig-file=\"https:\/\/www.comuna13online.com.ar\/wp-content\/uploads\/2019\/02\/20190208b2.jpg\" data-orig-size=\"678,385\" data-comments-opened=\"0\" data-image-meta=\"{&quot;aperture&quot;:&quot;0&quot;,&quot;credit&quot;:&quot;&quot;,&quot;camera&quot;:&quot;&quot;,&quot;caption&quot;:&quot;&quot;,&quot;created_timestamp&quot;:&quot;0&quot;,&quot;copyright&quot;:&quot;&quot;,&quot;focal_length&quot;:&quot;0&quot;,&quot;iso&quot;:&quot;0&quot;,&quot;shutter_speed&quot;:&quot;0&quot;,&quot;title&quot;:&quot;&quot;,&quot;orientation&quot;:&quot;0&quot;}\" data-image-title=\"20190208b2\" data-image-description=\"\" data-image-caption=\"\" data-large-file=\"https:\/\/www.comuna13online.com.ar\/wp-content\/uploads\/2019\/02\/20190208b2.jpg\" class=\"alignnone size-medium wp-image-4302\" src=\"http:\/\/www.comuna13online.com.ar\/wp-content\/uploads\/2019\/02\/20190208b2-678x385.jpg\" alt=\"\" width=\"678\" height=\"385\" \/><\/p>\n","protected":false},"excerpt":{"rendered":"<div class=\"mh-excerpt\">El s\u00e1bado 9 el Gobierno porte\u00f1o organiz\u00f3 una jornada para descubrir c\u00f3mo ser\u00e1n las mejoras de la Plaza Clemente de una manera diferente, con realidad aumentada. Se suspende por lluvia. <a class=\"mh-excerpt-more\" href=\"https:\/\/www.comuna13online.com.ar\/?p=4298\" title=\"Los vecinos podr\u00e1n hacer un recorrido virtual de las obras en la Plaza Clemente\">[&#8230;]<\/a><\/div>\n","protected":false},"author":1,"featured_media":4303,"comment_status":"closed","ping_status":"closed","sticky":false,"template":"","format":"standard","meta":{"_uag_custom_page_level_css":"","_jetpack_memberships_contains_paid_content":false,"footnotes":"","jetpack_publicize_message":"","jetpack_publicize_feature_enabled":true,"jetpack_social_post_already_shared":true,"jetpack_social_options":{"image_generator_settings":{"template":"highway","default_image_id":0,"font":"","enabled":false},"version":2}},"categories":[68],"tags":[19,8,92],"class_list":{"0":"post-4298","1":"post","2":"type-post","3":"status-publish","4":"format-standard","5":"has-post-thumbnail","7":"category-espacio-publico","8":"tag-comuna-13","9":"tag-participacion-ciudadana","10":"tag-plaza-clemente"},"jetpack_publicize_connections":[],"jetpack_featured_media_url":"https:\/\/www.comuna13online.com.ar\/wp-content\/uploads\/2019\/02\/20190208b.jpg","uagb_featured_image_src":{"full":["https:\/\/www.comuna13online.com.ar\/wp-content\/uploads\/2019\/02\/20190208b.jpg",1030,438,false],"thumbnail":["https:\/\/www.comuna13online.com.ar\/wp-content\/uploads\/2019\/02\/20190208b-150x150.jpg",96,96,true],"medium":["https:\/\/www.comuna13online.com.ar\/wp-content\/uploads\/2019\/02\/20190208b-678x288.jpg",678,288,true],"medium_large":["https:\/\/www.comuna13online.com.ar\/wp-content\/uploads\/2019\/02\/20190208b-768x327.jpg",768,327,true],"large":["https:\/\/www.comuna13online.com.ar\/wp-content\/uploads\/2019\/02\/20190208b.jpg",1030,438,false],"1536x1536":["https:\/\/www.comuna13online.com.ar\/wp-content\/uploads\/2019\/02\/20190208b.jpg",1030,438,false],"2048x2048":["https:\/\/www.comuna13online.com.ar\/wp-content\/uploads\/2019\/02\/20190208b.jpg",1030,438,false],"mh-magazine-slider":["https:\/\/www.comuna13online.com.ar\/wp-content\/uploads\/2019\/02\/20190208b.jpg",1030,438,false],"mh-magazine-content":["https:\/\/www.comuna13online.com.ar\/wp-content\/uploads\/2019\/02\/20190208b-678x381.jpg",678,381,true],"mh-magazine-large":["https:\/\/www.comuna13online.com.ar\/wp-content\/uploads\/2019\/02\/20190208b-678x438.jpg",678,438,true],"mh-magazine-medium":["https:\/\/www.comuna13online.com.ar\/wp-content\/uploads\/2019\/02\/20190208b-326x245.jpg",326,245,true],"mh-magazine-small":["https:\/\/www.comuna13online.com.ar\/wp-content\/uploads\/2019\/02\/20190208b-80x60.jpg",80,60,true],"sow-carousel-default":["https:\/\/www.comuna13online.com.ar\/wp-content\/uploads\/2019\/02\/20190208b-272x182.jpg",272,182,true]},"uagb_author_info":{"display_name":"Comuna13","author_link":"https:\/\/www.comuna13online.com.ar\/?author=1"},"uagb_comment_info":0,"uagb_excerpt":"El s\u00e1bado 9 el Gobierno porte\u00f1o organiz\u00f3 una jornada para descubrir c\u00f3mo ser\u00e1n las mejoras de la Plaza Clemente de una manera diferente, con realidad aumentada. Se suspende por lluvia. [...]","jetpack_sharing_enabled":true,"_links":{"self":[{"href":"https:\/\/www.comuna13online.com.ar\/index.php?rest_route=\/wp\/v2\/posts\/4298","targetHints":{"allow":["GET"]}}],"collection":[{"href":"https:\/\/www.comuna13online.com.ar\/index.php?rest_route=\/wp\/v2\/posts"}],"about":[{"href":"https:\/\/www.comuna13online.com.ar\/index.php?rest_route=\/wp\/v2\/types\/post"}],"author":[{"embeddable":true,"href":"https:\/\/www.comuna13online.com.ar\/index.php?rest_route=\/wp\/v2\/users\/1"}],"replies":[{"embeddable":true,"href":"https:\/\/www.comuna13online.com.ar\/index.php?rest_route=%2Fwp%2Fv2%2Fcomments&post=4298"}],"version-history":[{"count":0,"href":"https:\/\/www.comuna13online.com.ar\/index.php?rest_route=\/wp\/v2\/posts\/4298\/revisions"}],"wp:featuredmedia":[{"embeddable":true,"href":"https:\/\/www.comuna13online.com.ar\/index.php?rest_route=\/wp\/v2\/media\/4303"}],"wp:attachment":[{"href":"https:\/\/www.comuna13online.com.ar\/index.php?rest_route=%2Fwp%2Fv2%2Fmedia&parent=4298"}],"wp:term":[{"taxonomy":"category","embeddable":true,"href":"https:\/\/www.comuna13online.com.ar\/index.php?rest_route=%2Fwp%2Fv2%2Fcategories&post=4298"},{"taxonomy":"post_tag","embeddable":true,"href":"https:\/\/www.comuna13online.com.ar\/index.php?rest_route=%2Fwp%2Fv2%2Ftags&post=4298"}],"curies":[{"name":"wp","href":"https:\/\/api.w.org\/{rel}","templated":true}]}}