{"id":4268,"date":"2019-02-07T11:08:11","date_gmt":"2019-02-07T14:08:11","guid":{"rendered":"http:\/\/www.comuna13online.com.ar\/?p=4268"},"modified":"2019-02-07T11:08:11","modified_gmt":"2019-02-07T14:08:11","slug":"la-policia-de-la-ciudad-detuvo-a-un-grupo-de-grafiteros-en-nunez","status":"publish","type":"post","link":"https:\/\/www.comuna13online.com.ar\/?p=4268","title":{"rendered":"La Polic\u00eda de la Ciudad detuvo a un grupo de grafiteros en N\u00fa\u00f1ez"},"content":{"rendered":"<p><strong>lograron ingresar de manera violenta agrediendo al sereno a una la obra de renovaci\u00f3n en los talleres del Subterr\u00e1neo de la l\u00ednea D, por el hecho hay cinco personas detenidas.<\/strong><\/p>\n<p>Personal de la Comisar\u00eda Vecinal 13B, se encontraba recorriendo la jurisdicci\u00f3n a bordo de un m\u00f3vil, cuando fue detenido por un hombre, qui\u00e9n le manifest\u00f3 ser sereno de la obra en construcci\u00f3n de la Linea D de subterr\u00e1neos, y que momentos antes 5 sujetos encapuchados hab\u00edan ingresado al interior de la obra violentando una reja y que, luego de manifestarle que eran grafiteros, lo tuvieron cautivo por media hora, mientras le propiciaban golpes en las costillas y en la cabeza.<\/p>\n<p><a href=\"http:\/\/www.comuna13online.com.ar\/wp-content\/uploads\/2019\/02\/20190207a1.jpg\" target=\"_blank\" rel=\"noopener\"><img loading=\"lazy\" decoding=\"async\" data-attachment-id=\"4270\" data-permalink=\"https:\/\/www.comuna13online.com.ar\/?attachment_id=4270\" data-orig-file=\"https:\/\/www.comuna13online.com.ar\/wp-content\/uploads\/2019\/02\/20190207a1.jpg\" data-orig-size=\"800,600\" data-comments-opened=\"0\" data-image-meta=\"{&quot;aperture&quot;:&quot;0&quot;,&quot;credit&quot;:&quot;&quot;,&quot;camera&quot;:&quot;&quot;,&quot;caption&quot;:&quot;&quot;,&quot;created_timestamp&quot;:&quot;0&quot;,&quot;copyright&quot;:&quot;&quot;,&quot;focal_length&quot;:&quot;0&quot;,&quot;iso&quot;:&quot;0&quot;,&quot;shutter_speed&quot;:&quot;0&quot;,&quot;title&quot;:&quot;&quot;,&quot;orientation&quot;:&quot;0&quot;}\" data-image-title=\"20190207a1\" data-image-description=\"\" data-image-caption=\"\" data-large-file=\"https:\/\/www.comuna13online.com.ar\/wp-content\/uploads\/2019\/02\/20190207a1-584x438.jpg\" class=\"alignright wp-image-4270\" src=\"http:\/\/www.comuna13online.com.ar\/wp-content\/uploads\/2019\/02\/20190207a1-603x452.jpg\" alt=\"\" width=\"267\" height=\"200\" srcset=\"https:\/\/www.comuna13online.com.ar\/wp-content\/uploads\/2019\/02\/20190207a1-603x452.jpg 603w, https:\/\/www.comuna13online.com.ar\/wp-content\/uploads\/2019\/02\/20190207a1-768x576.jpg 768w, https:\/\/www.comuna13online.com.ar\/wp-content\/uploads\/2019\/02\/20190207a1-584x438.jpg 584w, https:\/\/www.comuna13online.com.ar\/wp-content\/uploads\/2019\/02\/20190207a1-678x509.jpg 678w, https:\/\/www.comuna13online.com.ar\/wp-content\/uploads\/2019\/02\/20190207a1-326x245.jpg 326w, https:\/\/www.comuna13online.com.ar\/wp-content\/uploads\/2019\/02\/20190207a1-80x60.jpg 80w, https:\/\/www.comuna13online.com.ar\/wp-content\/uploads\/2019\/02\/20190207a1.jpg 800w\" sizes=\"auto, (max-width: 267px) 100vw, 267px\" \/><\/a>Con las descripciones aportadas por el damnificado, los oficiales irradiaron la alerta y comenzaron a recorrer la zona, pudiendo divisar a un grupo de sujetos en la intersecci\u00f3n de avenida Cabildo y Jaramillo, quienes llevaban dos bultos similares a los referidos por el sereno.<\/p>\n<p>Los efectivos dieron vuelta a la manzana para interceptarlos e identificarlos y notaron que hab\u00edan descartado los bolsos, los cuales fueron encontrados dentro de un contenedor de basura ubicado a pocos metros. Los mismos ten\u00edan en su interior aerosoles de pintura de diferentes colores, guantes y una c\u00e1mara tipo Go Pro.<\/p>\n<p>Consultado el Juzgado Nacional Criminal y Correccional N\u00ba 23, a cargo del Dr. Ponce, se dispuso el traslado de los detenidos, uno de los cuales es de nacionalidad brasilera, a la alcaid\u00eda de la Comuna 13 de la Polic\u00eda de la Ciudad. Los hombres resultaron imputados por Lesiones, Da\u00f1o y sin dudas el cargo m\u00e1s grave, Privaci\u00f3n Ileg\u00edtima de la Libertad.<\/p>\n<p>La obra en cuesti\u00f3n es la que se est\u00e1 realizando para albergar talleres de reparaciones de la L\u00ednea D y dep\u00f3sito para formaciones que necesiten demasiado tiempo para subsanar sus inconvenientes.<\/p>\n<p>La lucha contra los grafiteros es una constante para la seguridad de la empresa Metrov\u00edas, todav\u00eda concesionaria de las redes de subterr\u00e1neos. Estos grafiteros tratan de ingresar por las noches para intervenir las formaciones estacionadas con sus obras, que justo es decirlo, en la mayor\u00eda de las ocasiones son sencillamente horribles y no responden a ninguna l\u00ednea est\u00e9tica.<\/p>\n","protected":false},"excerpt":{"rendered":"<div class=\"mh-excerpt\">lograron ingresar de manera violenta agrediendo al sereno a una la obra de renovaci\u00f3n en los talleres del Subterr\u00e1neo de la l\u00ednea D, por el hecho hay cinco personas detenidas. <a class=\"mh-excerpt-more\" href=\"https:\/\/www.comuna13online.com.ar\/?p=4268\" title=\"La Polic\u00eda de la Ciudad detuvo a un grupo de grafiteros en N\u00fa\u00f1ez\">[&#8230;]<\/a><\/div>\n","protected":false},"author":1,"featured_media":4269,"comment_status":"closed","ping_status":"closed","sticky":false,"template":"","format":"standard","meta":{"_uag_custom_page_level_css":"","_jetpack_memberships_contains_paid_content":false,"footnotes":"","jetpack_publicize_message":"","jetpack_publicize_feature_enabled":true,"jetpack_social_post_already_shared":true,"jetpack_social_options":{"image_generator_settings":{"template":"highway","default_image_id":0,"font":"","enabled":false},"version":2}},"categories":[186],"tags":[188,17,16],"class_list":{"0":"post-4268","1":"post","2":"type-post","3":"status-publish","4":"format-standard","5":"has-post-thumbnail","7":"category-policiales","8":"tag-policiales","9":"tag-seguridad","10":"tag-subte"},"jetpack_publicize_connections":[],"jetpack_featured_media_url":"https:\/\/www.comuna13online.com.ar\/wp-content\/uploads\/2019\/02\/20190207a.jpg","uagb_featured_image_src":{"full":["https:\/\/www.comuna13online.com.ar\/wp-content\/uploads\/2019\/02\/20190207a.jpg",1030,438,false],"thumbnail":["https:\/\/www.comuna13online.com.ar\/wp-content\/uploads\/2019\/02\/20190207a-150x150.jpg",96,96,true],"medium":["https:\/\/www.comuna13online.com.ar\/wp-content\/uploads\/2019\/02\/20190207a-678x288.jpg",678,288,true],"medium_large":["https:\/\/www.comuna13online.com.ar\/wp-content\/uploads\/2019\/02\/20190207a-768x327.jpg",768,327,true],"large":["https:\/\/www.comuna13online.com.ar\/wp-content\/uploads\/2019\/02\/20190207a.jpg",1030,438,false],"1536x1536":["https:\/\/www.comuna13online.com.ar\/wp-content\/uploads\/2019\/02\/20190207a.jpg",1030,438,false],"2048x2048":["https:\/\/www.comuna13online.com.ar\/wp-content\/uploads\/2019\/02\/20190207a.jpg",1030,438,false],"mh-magazine-slider":["https:\/\/www.comuna13online.com.ar\/wp-content\/uploads\/2019\/02\/20190207a.jpg",1030,438,false],"mh-magazine-content":["https:\/\/www.comuna13online.com.ar\/wp-content\/uploads\/2019\/02\/20190207a-678x381.jpg",678,381,true],"mh-magazine-large":["https:\/\/www.comuna13online.com.ar\/wp-content\/uploads\/2019\/02\/20190207a-678x438.jpg",678,438,true],"mh-magazine-medium":["https:\/\/www.comuna13online.com.ar\/wp-content\/uploads\/2019\/02\/20190207a-326x245.jpg",326,245,true],"mh-magazine-small":["https:\/\/www.comuna13online.com.ar\/wp-content\/uploads\/2019\/02\/20190207a-80x60.jpg",80,60,true],"sow-carousel-default":["https:\/\/www.comuna13online.com.ar\/wp-content\/uploads\/2019\/02\/20190207a-272x182.jpg",272,182,true]},"uagb_author_info":{"display_name":"Comuna13","author_link":"https:\/\/www.comuna13online.com.ar\/?author=1"},"uagb_comment_info":0,"uagb_excerpt":"lograron ingresar de manera violenta agrediendo al sereno a una la obra de renovaci\u00f3n en los talleres del Subterr\u00e1neo de la l\u00ednea D, por el hecho hay cinco personas detenidas. [...]","jetpack_sharing_enabled":true,"_links":{"self":[{"href":"https:\/\/www.comuna13online.com.ar\/index.php?rest_route=\/wp\/v2\/posts\/4268","targetHints":{"allow":["GET"]}}],"collection":[{"href":"https:\/\/www.comuna13online.com.ar\/index.php?rest_route=\/wp\/v2\/posts"}],"about":[{"href":"https:\/\/www.comuna13online.com.ar\/index.php?rest_route=\/wp\/v2\/types\/post"}],"author":[{"embeddable":true,"href":"https:\/\/www.comuna13online.com.ar\/index.php?rest_route=\/wp\/v2\/users\/1"}],"replies":[{"embeddable":true,"href":"https:\/\/www.comuna13online.com.ar\/index.php?rest_route=%2Fwp%2Fv2%2Fcomments&post=4268"}],"version-history":[{"count":0,"href":"https:\/\/www.comuna13online.com.ar\/index.php?rest_route=\/wp\/v2\/posts\/4268\/revisions"}],"wp:featuredmedia":[{"embeddable":true,"href":"https:\/\/www.comuna13online.com.ar\/index.php?rest_route=\/wp\/v2\/media\/4269"}],"wp:attachment":[{"href":"https:\/\/www.comuna13online.com.ar\/index.php?rest_route=%2Fwp%2Fv2%2Fmedia&parent=4268"}],"wp:term":[{"taxonomy":"category","embeddable":true,"href":"https:\/\/www.comuna13online.com.ar\/index.php?rest_route=%2Fwp%2Fv2%2Fcategories&post=4268"},{"taxonomy":"post_tag","embeddable":true,"href":"https:\/\/www.comuna13online.com.ar\/index.php?rest_route=%2Fwp%2Fv2%2Ftags&post=4268"}],"curies":[{"name":"wp","href":"https:\/\/api.w.org\/{rel}","templated":true}]}}