{"id":4264,"date":"2019-02-07T11:10:20","date_gmt":"2019-02-07T14:10:20","guid":{"rendered":"http:\/\/www.comuna13online.com.ar\/?p=4264"},"modified":"2019-02-07T11:14:37","modified_gmt":"2019-02-07T14:14:37","slug":"artes-escenicas-clown-en-el-conti-gratis-el-domingo-10","status":"publish","type":"post","link":"https:\/\/www.comuna13online.com.ar\/?p=4264","title":{"rendered":"Artes esc\u00e9nicas: Clown en el Conti, gratis el domingo 10"},"content":{"rendered":"<p><strong>El Centro Cultural de la Memoria Haroldo Conti, presenta \u00abCuenca. Una pedacita de la nada misma\u00bb, historia de dos payasas que cristalizan sus desazones volvi\u00e9ndolas tiernas. Entrada gratuita.<\/strong><\/p>\n<p><img loading=\"lazy\" decoding=\"async\" data-attachment-id=\"4265\" data-permalink=\"https:\/\/www.comuna13online.com.ar\/?attachment_id=4265\" data-orig-file=\"https:\/\/www.comuna13online.com.ar\/wp-content\/uploads\/2019\/02\/20190208z1.jpg\" data-orig-size=\"678,298\" data-comments-opened=\"0\" data-image-meta=\"{&quot;aperture&quot;:&quot;0&quot;,&quot;credit&quot;:&quot;&quot;,&quot;camera&quot;:&quot;&quot;,&quot;caption&quot;:&quot;&quot;,&quot;created_timestamp&quot;:&quot;0&quot;,&quot;copyright&quot;:&quot;&quot;,&quot;focal_length&quot;:&quot;0&quot;,&quot;iso&quot;:&quot;0&quot;,&quot;shutter_speed&quot;:&quot;0&quot;,&quot;title&quot;:&quot;&quot;,&quot;orientation&quot;:&quot;0&quot;}\" data-image-title=\"20190208z1\" data-image-description=\"\" data-image-caption=\"\" data-large-file=\"https:\/\/www.comuna13online.com.ar\/wp-content\/uploads\/2019\/02\/20190208z1.jpg\" class=\"alignnone size-medium wp-image-4265\" src=\"http:\/\/www.comuna13online.com.ar\/wp-content\/uploads\/2019\/02\/20190208z1-678x298.jpg\" alt=\"\" width=\"678\" height=\"298\" \/><\/p>\n<p>\u00bfCu\u00e1ntos seres habitan en nosotros? \u00bfCu\u00e1n preparados estamos para verlos? \u00bfQu\u00e9 debemos dejar morir para transformarnos?. Domingo 10 de febrero 19 horas en el Centro\u00a0Cultural de la Memoria Haroldo Conti.<\/p>\n<p>Cuenca narra en clave de clown mixturado con t\u00edteres y sombras, las angustias existenciales de dos payasas que logran caricaturizar las tragedias humanas, volvi\u00e9ndolas dulces y cercanas.<\/p>\n<p>Ella en su cuarto.<br \/>\nSu taza de t\u00e9, su estufa, su mecedora y su cama demasiado grande.<br \/>\nNo quiere acostarse, se resiste, se siente lejos.<br \/>\nAlgo cambia al despertar.<br \/>\nAlguien amanece a su lado, alguien demasiado igual a ella.<br \/>\nIguales pero sutilmente distintas, se encontrar\u00e1n para recorrer juntas un camino hacia su m\u00e1s sentido yo.<br \/>\nUna pedacita de la nada misma, quiz\u00e1s esa sea la respuesta.<\/p>\n<p>En constante b\u00fasqueda del humor, la exageraci\u00f3n profunda de un sentir la vida tan intensamente, deriva en la necesidad imperiosa de una transformaci\u00f3n que se conseguir\u00e1, pese a su resistencia, solo a trav\u00e9s de su propio espejo.<\/p>\n<p><strong>Ficha t\u00e9cnica:<\/strong><\/p>\n<ul>\n<li>Reparto: Johanna Mizrahi y Flor Sartelli<\/li>\n<li>Idea: Johanna Mizrahi, Flor Sartelli y Florencia Pati\u00f1o<\/li>\n<li>Direcci\u00f3n: Florencia Pati\u00f1o<\/li>\n<li>Asistencia: Marylin Petito<\/li>\n<li>Escenograf\u00eda: Myriam Salto<\/li>\n<li>Vestuario: Magal\u00ed Salorio<\/li>\n<li>M\u00fasica: Federico Pati\u00f1o<\/li>\n<li>Iluminaci\u00f3n: Demi\u00e1n Lorenzo<\/li>\n<li>Fotos: Ana Carolina Naranjo Rojo, Greta Mizrahi y Nat Filipini<\/li>\n<li>Dise\u00f1o: Nat Filipini<\/li>\n<\/ul>\n<p><strong>Funcion<\/strong>:\u00a0Domingo\u00a010 de febrero a las 19 horas.<\/p>\n<p><span style=\"color: #008080;\"><strong>ENTRADA GRATUITA SUJETA A CAPACIDAD DE SALA<\/strong><\/span><br \/>\nLas entradas a los espect\u00e1culos se retiran con una hora de anticipaci\u00f3n (2 por persona). No se reservan.<\/p>\n<p><iframe loading=\"lazy\" src=\"https:\/\/www.youtube.com\/embed\/TzoS5LscKMs\" width=\"678\" height=\"381\" frameborder=\"0\" allowfullscreen=\"allowfullscreen\"><span data-mce-type=\"bookmark\" style=\"display: inline-block; width: 0px; overflow: hidden; line-height: 0;\" class=\"mce_SELRES_start\">\ufeff<\/span><\/iframe><\/p>\n<p><img loading=\"lazy\" decoding=\"async\" data-attachment-id=\"99\" data-permalink=\"https:\/\/www.comuna13online.com.ar\/?attachment_id=99\" data-orig-file=\"https:\/\/www.comuna13online.com.ar\/wp-content\/uploads\/2017\/12\/line.jpg\" data-orig-size=\"678,1\" data-comments-opened=\"0\" data-image-meta=\"{&quot;aperture&quot;:&quot;0&quot;,&quot;credit&quot;:&quot;&quot;,&quot;camera&quot;:&quot;&quot;,&quot;caption&quot;:&quot;&quot;,&quot;created_timestamp&quot;:&quot;0&quot;,&quot;copyright&quot;:&quot;&quot;,&quot;focal_length&quot;:&quot;0&quot;,&quot;iso&quot;:&quot;0&quot;,&quot;shutter_speed&quot;:&quot;0&quot;,&quot;title&quot;:&quot;&quot;,&quot;orientation&quot;:&quot;0&quot;}\" data-image-title=\"line\" data-image-description=\"\" data-image-caption=\"\" data-large-file=\"https:\/\/www.comuna13online.com.ar\/wp-content\/uploads\/2017\/12\/line.jpg\" class=\"alignnone size-medium wp-image-99\" src=\"http:\/\/www.comuna13online.com.ar\/wp-content\/uploads\/2017\/12\/line-678x1.jpg\" alt=\"\" width=\"678\" height=\"1\" srcset=\"https:\/\/www.comuna13online.com.ar\/wp-content\/uploads\/2017\/12\/line.jpg 678w, https:\/\/www.comuna13online.com.ar\/wp-content\/uploads\/2017\/12\/line-150x1.jpg 150w, https:\/\/www.comuna13online.com.ar\/wp-content\/uploads\/2017\/12\/line-326x1.jpg 326w, https:\/\/www.comuna13online.com.ar\/wp-content\/uploads\/2017\/12\/line-80x1.jpg 80w, https:\/\/www.comuna13online.com.ar\/wp-content\/uploads\/2017\/12\/line-272x1.jpg 272w\" sizes=\"auto, (max-width: 678px) 100vw, 678px\" \/><\/p>\n<p><span style=\"color: #008080;\"><strong>El Centro Cultural de la Memoria Haroldo Conti<\/strong><\/span>\u00a0se encuentra ubicado en el predio donde funcion\u00f3 durante la \u00faltima dictadura c\u00edvico-militar (1976-1983) uno de los Centros Clandestinos de Detenci\u00f3n, Tortura y Extermino m\u00e1s emblem\u00e1tico: la Escuela de Mec\u00e1nica de la Armada (ESMA), donde estuvieron secuestradas cerca de 5000 personas, de las cuales sobrevivieron alrededor de 200. Su nombre rinde homenaje al escritor argentino secuestrado y desaparecido desde 1976, Haroldo Conti, el novelista del r\u00edo.<\/p>\n<p>Desde su inauguraci\u00f3n en 2008, el Centro Cultural ha funcionado, siempre en forma gratuita, como un espacio de difusi\u00f3n y promoci\u00f3n de la cultura y los derechos humanos. Para tales fines se ha convocado a intelectuales, artistas, m\u00fasicos, cineastas, actores y fot\u00f3grafos, quienes con su aporte colaboran d\u00eda a d\u00eda en la construcci\u00f3n de una identidad colectiva.<\/p>\n<p>El arte problematiza desde lo po\u00e9tico, alumbra otros aspectos, permite miradas infrecuentes. Junto con estudiosos e investigadores, los artistas son protagonistas necesarios del proceso de memoria.<\/p>\n<p>Transformar en un espacio abierto a la comunidad lo que antes fuera un sitio emblem\u00e1tico de privaci\u00f3n, exclusi\u00f3n y muerte es el mayor compromiso y desaf\u00edo para contribuir a la construcci\u00f3n de memoria, verdad y justicia.<\/p>\n<p><iframe loading=\"lazy\" src=\"https:\/\/www.youtube.com\/embed\/OPbRUPkN1_I\" width=\"678\" height=\"179\" frameborder=\"0\" allowfullscreen=\"allowfullscreen\"><span data-mce-type=\"bookmark\" style=\"display: inline-block; width: 0px; overflow: hidden; line-height: 0;\" class=\"mce_SELRES_start\">\ufeff<\/span><\/iframe><\/p>\n<p><strong>Centro Cultural de la Memoria Haroldo Conti<br \/>\n<\/strong>Av. Del Libertador 8151<strong>, <\/strong>Nu\u00f1ez<br \/>\nComuna 13<\/p>\n<p><iframe loading=\"lazy\" style=\"border: 0;\" src=\"https:\/\/www.google.com\/maps\/embed?pb=!1m18!1m12!1m3!1d1521.4675654974656!2d-58.46392200271337!3d-34.539587501175234!2m3!1f0!2f0!3f0!3m2!1i1024!2i768!4f13.1!3m3!1m2!1s0x95bcb6a06c813f85%3A0x758914e3f8133af!2sAv.+del+Libertador+8151%2C+C1429BNB+CABA!5e0!3m2!1ses-419!2sar!4v1540922036671\" width=\"678\" height=\"450\" frameborder=\"0\" allowfullscreen=\"allowfullscreen\"><span data-mce-type=\"bookmark\" style=\"display: inline-block; width: 0px; overflow: hidden; line-height: 0;\" class=\"mce_SELRES_start\">\ufeff<\/span><span data-mce-type=\"bookmark\" style=\"display: inline-block; width: 0px; overflow: hidden; line-height: 0;\" class=\"mce_SELRES_start\">\ufeff<\/span><\/iframe><\/p>\n<p><strong>Transportes Cercanos<br \/>\n<\/strong>Colectivos:\u00a015, 28, 29, 57, 117, 130 y 152.<\/p>\n","protected":false},"excerpt":{"rendered":"<div class=\"mh-excerpt\">El Centro Cultural de la Memoria Haroldo Conti, presenta \u00abCuenca. Una pedacita de la nada misma\u00bb, historia de dos payasas que cristalizan sus desazones volvi\u00e9ndolas tiernas. Entrada gratuita. \u00bfCu\u00e1ntos seres <a class=\"mh-excerpt-more\" href=\"https:\/\/www.comuna13online.com.ar\/?p=4264\" title=\"Artes esc\u00e9nicas: Clown en el Conti, gratis el domingo 10\">[&#8230;]<\/a><\/div>\n","protected":false},"author":1,"featured_media":4266,"comment_status":"closed","ping_status":"closed","sticky":false,"template":"","format":"standard","meta":{"_uag_custom_page_level_css":"","_jetpack_memberships_contains_paid_content":false,"footnotes":"","jetpack_publicize_message":"Artes esc\u00e9nicas: Clown en el Conti, gratis el domingo 10","jetpack_publicize_feature_enabled":true,"jetpack_social_post_already_shared":true,"jetpack_social_options":{"image_generator_settings":{"template":"highway","default_image_id":0,"font":"","enabled":false},"version":2}},"categories":[88],"tags":[19,99,204,71],"class_list":{"0":"post-4264","1":"post","2":"type-post","3":"status-publish","4":"format-standard","5":"has-post-thumbnail","7":"category-espectaculos","8":"tag-comuna-13","9":"tag-espectaculos","10":"tag-teatro","11":"tag-tiempo-libre"},"jetpack_publicize_connections":[],"jetpack_featured_media_url":"https:\/\/www.comuna13online.com.ar\/wp-content\/uploads\/2019\/02\/20190208z.jpg","uagb_featured_image_src":{"full":["https:\/\/www.comuna13online.com.ar\/wp-content\/uploads\/2019\/02\/20190208z.jpg",1030,438,false],"thumbnail":["https:\/\/www.comuna13online.com.ar\/wp-content\/uploads\/2019\/02\/20190208z-150x150.jpg",96,96,true],"medium":["https:\/\/www.comuna13online.com.ar\/wp-content\/uploads\/2019\/02\/20190208z-678x288.jpg",678,288,true],"medium_large":["https:\/\/www.comuna13online.com.ar\/wp-content\/uploads\/2019\/02\/20190208z-768x327.jpg",768,327,true],"large":["https:\/\/www.comuna13online.com.ar\/wp-content\/uploads\/2019\/02\/20190208z.jpg",1030,438,false],"1536x1536":["https:\/\/www.comuna13online.com.ar\/wp-content\/uploads\/2019\/02\/20190208z.jpg",1030,438,false],"2048x2048":["https:\/\/www.comuna13online.com.ar\/wp-content\/uploads\/2019\/02\/20190208z.jpg",1030,438,false],"mh-magazine-slider":["https:\/\/www.comuna13online.com.ar\/wp-content\/uploads\/2019\/02\/20190208z.jpg",1030,438,false],"mh-magazine-content":["https:\/\/www.comuna13online.com.ar\/wp-content\/uploads\/2019\/02\/20190208z-678x381.jpg",678,381,true],"mh-magazine-large":["https:\/\/www.comuna13online.com.ar\/wp-content\/uploads\/2019\/02\/20190208z-678x438.jpg",678,438,true],"mh-magazine-medium":["https:\/\/www.comuna13online.com.ar\/wp-content\/uploads\/2019\/02\/20190208z-326x245.jpg",326,245,true],"mh-magazine-small":["https:\/\/www.comuna13online.com.ar\/wp-content\/uploads\/2019\/02\/20190208z-80x60.jpg",80,60,true],"sow-carousel-default":["https:\/\/www.comuna13online.com.ar\/wp-content\/uploads\/2019\/02\/20190208z-272x182.jpg",272,182,true]},"uagb_author_info":{"display_name":"Comuna13","author_link":"https:\/\/www.comuna13online.com.ar\/?author=1"},"uagb_comment_info":0,"uagb_excerpt":"El Centro Cultural de la Memoria Haroldo Conti, presenta \u00abCuenca. Una pedacita de la nada misma\u00bb, historia de dos payasas que cristalizan sus desazones volvi\u00e9ndolas tiernas. Entrada gratuita. \u00bfCu\u00e1ntos seres [...]","jetpack_sharing_enabled":true,"_links":{"self":[{"href":"https:\/\/www.comuna13online.com.ar\/index.php?rest_route=\/wp\/v2\/posts\/4264","targetHints":{"allow":["GET"]}}],"collection":[{"href":"https:\/\/www.comuna13online.com.ar\/index.php?rest_route=\/wp\/v2\/posts"}],"about":[{"href":"https:\/\/www.comuna13online.com.ar\/index.php?rest_route=\/wp\/v2\/types\/post"}],"author":[{"embeddable":true,"href":"https:\/\/www.comuna13online.com.ar\/index.php?rest_route=\/wp\/v2\/users\/1"}],"replies":[{"embeddable":true,"href":"https:\/\/www.comuna13online.com.ar\/index.php?rest_route=%2Fwp%2Fv2%2Fcomments&post=4264"}],"version-history":[{"count":0,"href":"https:\/\/www.comuna13online.com.ar\/index.php?rest_route=\/wp\/v2\/posts\/4264\/revisions"}],"wp:featuredmedia":[{"embeddable":true,"href":"https:\/\/www.comuna13online.com.ar\/index.php?rest_route=\/wp\/v2\/media\/4266"}],"wp:attachment":[{"href":"https:\/\/www.comuna13online.com.ar\/index.php?rest_route=%2Fwp%2Fv2%2Fmedia&parent=4264"}],"wp:term":[{"taxonomy":"category","embeddable":true,"href":"https:\/\/www.comuna13online.com.ar\/index.php?rest_route=%2Fwp%2Fv2%2Fcategories&post=4264"},{"taxonomy":"post_tag","embeddable":true,"href":"https:\/\/www.comuna13online.com.ar\/index.php?rest_route=%2Fwp%2Fv2%2Ftags&post=4264"}],"curies":[{"name":"wp","href":"https:\/\/api.w.org\/{rel}","templated":true}]}}