{"id":4229,"date":"2019-02-05T07:00:02","date_gmt":"2019-02-05T10:00:02","guid":{"rendered":"http:\/\/www.comuna13online.com.ar\/?p=4229"},"modified":"2019-02-05T12:32:36","modified_gmt":"2019-02-05T15:32:36","slug":"repudio-de-la-asesora-tutelar-de-la-ciudad-a-un-editorial-de-la-nacion","status":"publish","type":"post","link":"https:\/\/www.comuna13online.com.ar\/?p=4229","title":{"rendered":"Repudio de la Asesora Tutelar de la Ciudad a un editorial de \u201cLa Naci\u00f3n\u201d"},"content":{"rendered":"<p><strong>Yael Bendel repudi\u00f3 los t\u00e9rminos del editorial publicado en el diario La Naci\u00f3n bajo el t\u00edtulo \u00abNi\u00f1as Madres con May\u00fasculas\u00bb, consider\u00f3 \u00abmuy grave\u00bb reivindicar las ni\u00f1as madres. \u00abHay que protegerlas\u00bb<\/strong><\/p>\n<p><img loading=\"lazy\" decoding=\"async\" data-attachment-id=\"4231\" data-permalink=\"https:\/\/www.comuna13online.com.ar\/?attachment_id=4231\" data-orig-file=\"https:\/\/www.comuna13online.com.ar\/wp-content\/uploads\/2019\/02\/20190205c.jpg\" data-orig-size=\"1030,438\" data-comments-opened=\"0\" data-image-meta=\"{&quot;aperture&quot;:&quot;0&quot;,&quot;credit&quot;:&quot;&quot;,&quot;camera&quot;:&quot;&quot;,&quot;caption&quot;:&quot;&quot;,&quot;created_timestamp&quot;:&quot;0&quot;,&quot;copyright&quot;:&quot;&quot;,&quot;focal_length&quot;:&quot;0&quot;,&quot;iso&quot;:&quot;0&quot;,&quot;shutter_speed&quot;:&quot;0&quot;,&quot;title&quot;:&quot;&quot;,&quot;orientation&quot;:&quot;0&quot;}\" data-image-title=\"20190205c\" data-image-description=\"\" data-image-caption=\"\" data-large-file=\"https:\/\/www.comuna13online.com.ar\/wp-content\/uploads\/2019\/02\/20190205c.jpg\" class=\"alignnone size-medium wp-image-4231\" src=\"http:\/\/www.comuna13online.com.ar\/wp-content\/uploads\/2019\/02\/20190205c-678x288.jpg\" alt=\"\" width=\"678\" height=\"288\" srcset=\"https:\/\/www.comuna13online.com.ar\/wp-content\/uploads\/2019\/02\/20190205c-678x288.jpg 678w, https:\/\/www.comuna13online.com.ar\/wp-content\/uploads\/2019\/02\/20190205c-768x327.jpg 768w, https:\/\/www.comuna13online.com.ar\/wp-content\/uploads\/2019\/02\/20190205c.jpg 1030w\" sizes=\"auto, (max-width: 678px) 100vw, 678px\" \/><\/p>\n<p>La Asesora General Tutelar de la Ciudad, <strong>Yael Bendel<\/strong>, repudi\u00f3 los t\u00e9rminos del editorial publicado el viernes en el diario La Naci\u00f3n bajo el t\u00edtulo \u201cNi\u00f1as Madres con May\u00fasculas\u201d. <strong>Bendel<\/strong> afirm\u00f3: <em>\u201cEs muy grave que en tiempos donde los infanticidios de ni\u00f1as, los abusos sexuales y como consecuencia de ello, los embarazos producto de estos abusos, existen editoriales como \u00e9stos que banalicen y romanticen estos graves delitos. Como organismo de protecci\u00f3n de derechos repudiamos todos los t\u00e9rminos de esta nota. Porque vulneran derechos. Porque m\u00e1s que celebrar las consecuencias dram\u00e1ticas corresponde prevenir la violencia y sancionar las conductas delictivas\u201d.<\/em><\/p>\n<figure id=\"attachment_4230\" aria-describedby=\"caption-attachment-4230\" style=\"width: 290px\" class=\"wp-caption alignright\"><img loading=\"lazy\" decoding=\"async\" data-attachment-id=\"4230\" data-permalink=\"https:\/\/www.comuna13online.com.ar\/?attachment_id=4230\" data-orig-file=\"https:\/\/www.comuna13online.com.ar\/wp-content\/uploads\/2019\/02\/20190205c1.jpg\" data-orig-size=\"290,220\" data-comments-opened=\"0\" data-image-meta=\"{&quot;aperture&quot;:&quot;0&quot;,&quot;credit&quot;:&quot;&quot;,&quot;camera&quot;:&quot;&quot;,&quot;caption&quot;:&quot;&quot;,&quot;created_timestamp&quot;:&quot;0&quot;,&quot;copyright&quot;:&quot;&quot;,&quot;focal_length&quot;:&quot;0&quot;,&quot;iso&quot;:&quot;0&quot;,&quot;shutter_speed&quot;:&quot;0&quot;,&quot;title&quot;:&quot;&quot;,&quot;orientation&quot;:&quot;0&quot;}\" data-image-title=\"20190205c1\" data-image-description=\"\" data-image-caption=\"\" data-large-file=\"https:\/\/www.comuna13online.com.ar\/wp-content\/uploads\/2019\/02\/20190205c1.jpg\" class=\"wp-image-4230 size-full\" src=\"http:\/\/www.comuna13online.com.ar\/wp-content\/uploads\/2019\/02\/20190205c1.jpg\" alt=\"\" width=\"290\" height=\"220\" srcset=\"https:\/\/www.comuna13online.com.ar\/wp-content\/uploads\/2019\/02\/20190205c1.jpg 290w, https:\/\/www.comuna13online.com.ar\/wp-content\/uploads\/2019\/02\/20190205c1-80x60.jpg 80w\" sizes=\"auto, (max-width: 290px) 100vw, 290px\" \/><figcaption id=\"caption-attachment-4230\" class=\"wp-caption-text\"><span style=\"color: #808080;\"><strong>Yael Bendel<\/strong><\/span><\/figcaption><\/figure>\n<p>\u201cSorprende el reciente testimonio de algunas ni\u00f1as madres en las que mejor habr\u00eda correspondido que estuvieran estudiando y atendiendo su formaci\u00f3n\u201d versa el editorial. <em>\u201cA esto decimos que no hay, ni hemos escuchado, ni le\u00eddo tales testimonios. Y cada vez que abordamos un caso como \u00e9ste sabemos que lo tenemos que hacer interdisciplinariamente para atender el dolor, la mutilaci\u00f3n f\u00edsica, la verg\u00fcenza y el estigma de las ni\u00f1as que atraviesan por esta situaci\u00f3n. Nosotros conocemos y sabemos de su dolor. Aqu\u00ed no hay ositos, ni ajuares, ni cunas y ni obviamente deseo. Aqu\u00ed hay una infancia interrumpida y todo por reparar, desde lo f\u00edsico, lo ps\u00edquico y lo legal\u201d,<\/em> agreg\u00f3 <strong>Bendel<\/strong>.<\/p>\n<p>Y adem\u00e1s, se\u00f1al\u00f3: <em>\u201cEl mismo editorial promueve reflexionar sobre el instinto maternal de las ni\u00f1as que nace de <\/em>\u2018sus ovarios infantiles\u2019<em> y evita hablar de Leyes, de derechos y del C\u00f3digo Penal que tipifica claramente este delito. Tambi\u00e9n habla de una <\/em>\u2018educaci\u00f3n sexual preventiva\u2019.<em> A lo que decimos que se denomina correctamente Educaci\u00f3n Sexual Integral (ESI), que es un derecho y que es Ley, que no hay que <\/em>\u2018admirar a las ni\u00f1as madres\u2019<em> sino que hay que protegerlas, cuidarlas y evitar este tipo de delitos, y en ese compromiso tambi\u00e9n se encuentran los medios de comunicaci\u00f3n que deben promover valores, derechos y el cumplimiento de las leyes vigentes de protecci\u00f3n integral a la infancia\u201d.<\/em><\/p>\n<p>Por \u00faltimo dijo: <em>\u201cEn este contexto debemos destacar que r\u00e1pidamente las redes sociales se hicieron eco y generalizadamente salieron desde todos los \u00e1mbitos a repudiarlo\u201d.<\/em><\/p>\n<p><em>\u201cParad\u00f3jicamente el mismo diario publica hoy<\/em> (por ayer) <em>una nota titulada:<\/em> \u201cFemicidios de menores: la Argentina y El Salvador encabezan el ranking de Am\u00e9rica Latina\u201d. <em>Lo que indica que este flagelo requiere de un esfuerzo mancomunado, que por la naturaleza del delito que generalmente es intramuros, toda lo sociedad debe participar y comprometerse activamente para que las ni\u00f1as jueguen con juguetes, no con sus hijos como promueve la nota\u201d.<\/em><\/p>\n","protected":false},"excerpt":{"rendered":"<div class=\"mh-excerpt\">Yael Bendel repudi\u00f3 los t\u00e9rminos del editorial publicado en el diario La Naci\u00f3n bajo el t\u00edtulo \u00abNi\u00f1as Madres con May\u00fasculas\u00bb, consider\u00f3 \u00abmuy grave\u00bb reivindicar las ni\u00f1as madres. \u00abHay que protegerlas\u00bb <a class=\"mh-excerpt-more\" href=\"https:\/\/www.comuna13online.com.ar\/?p=4229\" title=\"Repudio de la Asesora Tutelar de la Ciudad a un editorial de \u201cLa Naci\u00f3n\u201d\">[&#8230;]<\/a><\/div>\n","protected":false},"author":1,"featured_media":4231,"comment_status":"closed","ping_status":"closed","sticky":false,"template":"","format":"standard","meta":{"_uag_custom_page_level_css":"","_jetpack_memberships_contains_paid_content":false,"footnotes":"","jetpack_publicize_message":"Repudio de la Asesora Tutelar de la Ciudad a un editorial de \u201cLa Naci\u00f3n\u201d","jetpack_publicize_feature_enabled":true,"jetpack_social_post_already_shared":true,"jetpack_social_options":{"image_generator_settings":{"template":"highway","default_image_id":0,"font":"","enabled":false},"version":2}},"categories":[26],"tags":[196],"class_list":{"0":"post-4229","1":"post","2":"type-post","3":"status-publish","4":"format-standard","5":"has-post-thumbnail","7":"category-interes-general","8":"tag-interes-general"},"jetpack_publicize_connections":[],"jetpack_featured_media_url":"https:\/\/www.comuna13online.com.ar\/wp-content\/uploads\/2019\/02\/20190205c.jpg","uagb_featured_image_src":{"full":["https:\/\/www.comuna13online.com.ar\/wp-content\/uploads\/2019\/02\/20190205c.jpg",1030,438,false],"thumbnail":["https:\/\/www.comuna13online.com.ar\/wp-content\/uploads\/2019\/02\/20190205c-150x150.jpg",96,96,true],"medium":["https:\/\/www.comuna13online.com.ar\/wp-content\/uploads\/2019\/02\/20190205c-678x288.jpg",678,288,true],"medium_large":["https:\/\/www.comuna13online.com.ar\/wp-content\/uploads\/2019\/02\/20190205c-768x327.jpg",768,327,true],"large":["https:\/\/www.comuna13online.com.ar\/wp-content\/uploads\/2019\/02\/20190205c.jpg",1030,438,false],"1536x1536":["https:\/\/www.comuna13online.com.ar\/wp-content\/uploads\/2019\/02\/20190205c.jpg",1030,438,false],"2048x2048":["https:\/\/www.comuna13online.com.ar\/wp-content\/uploads\/2019\/02\/20190205c.jpg",1030,438,false],"mh-magazine-slider":["https:\/\/www.comuna13online.com.ar\/wp-content\/uploads\/2019\/02\/20190205c.jpg",1030,438,false],"mh-magazine-content":["https:\/\/www.comuna13online.com.ar\/wp-content\/uploads\/2019\/02\/20190205c-678x381.jpg",678,381,true],"mh-magazine-large":["https:\/\/www.comuna13online.com.ar\/wp-content\/uploads\/2019\/02\/20190205c-678x438.jpg",678,438,true],"mh-magazine-medium":["https:\/\/www.comuna13online.com.ar\/wp-content\/uploads\/2019\/02\/20190205c-326x245.jpg",326,245,true],"mh-magazine-small":["https:\/\/www.comuna13online.com.ar\/wp-content\/uploads\/2019\/02\/20190205c-80x60.jpg",80,60,true],"sow-carousel-default":["https:\/\/www.comuna13online.com.ar\/wp-content\/uploads\/2019\/02\/20190205c-272x182.jpg",272,182,true]},"uagb_author_info":{"display_name":"Comuna13","author_link":"https:\/\/www.comuna13online.com.ar\/?author=1"},"uagb_comment_info":0,"uagb_excerpt":"Yael Bendel repudi\u00f3 los t\u00e9rminos del editorial publicado en el diario La Naci\u00f3n bajo el t\u00edtulo \u00abNi\u00f1as Madres con May\u00fasculas\u00bb, consider\u00f3 \u00abmuy grave\u00bb reivindicar las ni\u00f1as madres. \u00abHay que protegerlas\u00bb [...]","jetpack_sharing_enabled":true,"_links":{"self":[{"href":"https:\/\/www.comuna13online.com.ar\/index.php?rest_route=\/wp\/v2\/posts\/4229","targetHints":{"allow":["GET"]}}],"collection":[{"href":"https:\/\/www.comuna13online.com.ar\/index.php?rest_route=\/wp\/v2\/posts"}],"about":[{"href":"https:\/\/www.comuna13online.com.ar\/index.php?rest_route=\/wp\/v2\/types\/post"}],"author":[{"embeddable":true,"href":"https:\/\/www.comuna13online.com.ar\/index.php?rest_route=\/wp\/v2\/users\/1"}],"replies":[{"embeddable":true,"href":"https:\/\/www.comuna13online.com.ar\/index.php?rest_route=%2Fwp%2Fv2%2Fcomments&post=4229"}],"version-history":[{"count":0,"href":"https:\/\/www.comuna13online.com.ar\/index.php?rest_route=\/wp\/v2\/posts\/4229\/revisions"}],"wp:featuredmedia":[{"embeddable":true,"href":"https:\/\/www.comuna13online.com.ar\/index.php?rest_route=\/wp\/v2\/media\/4231"}],"wp:attachment":[{"href":"https:\/\/www.comuna13online.com.ar\/index.php?rest_route=%2Fwp%2Fv2%2Fmedia&parent=4229"}],"wp:term":[{"taxonomy":"category","embeddable":true,"href":"https:\/\/www.comuna13online.com.ar\/index.php?rest_route=%2Fwp%2Fv2%2Fcategories&post=4229"},{"taxonomy":"post_tag","embeddable":true,"href":"https:\/\/www.comuna13online.com.ar\/index.php?rest_route=%2Fwp%2Fv2%2Ftags&post=4229"}],"curies":[{"name":"wp","href":"https:\/\/api.w.org\/{rel}","templated":true}]}}