{"id":4186,"date":"2019-02-01T09:50:01","date_gmt":"2019-02-01T12:50:01","guid":{"rendered":"http:\/\/www.comuna13online.com.ar\/?p=4186"},"modified":"2019-02-01T11:54:43","modified_gmt":"2019-02-01T14:54:43","slug":"pese-a-los-reclamos-por-los-cortes-hoy-aumenta-la-energia-hasta-un-32","status":"publish","type":"post","link":"https:\/\/www.comuna13online.com.ar\/?p=4186","title":{"rendered":"Pese a los reclamos por los cortes, hoy aumenta la energ\u00eda hasta un 32%"},"content":{"rendered":"<p><strong>Desde hoy rige el\u00a0aumento de hasta el 32% de la Luz, esto se da en un marco de protesta generalizada que se agrava por los cortes es la Ciudad.<\/strong><\/p>\n<p><img loading=\"lazy\" decoding=\"async\" data-attachment-id=\"4189\" data-permalink=\"https:\/\/www.comuna13online.com.ar\/?attachment_id=4189\" data-orig-file=\"https:\/\/www.comuna13online.com.ar\/wp-content\/uploads\/2019\/02\/20190201a1.jpg\" data-orig-size=\"678,381\" data-comments-opened=\"0\" data-image-meta=\"{&quot;aperture&quot;:&quot;0&quot;,&quot;credit&quot;:&quot;&quot;,&quot;camera&quot;:&quot;&quot;,&quot;caption&quot;:&quot;&quot;,&quot;created_timestamp&quot;:&quot;0&quot;,&quot;copyright&quot;:&quot;&quot;,&quot;focal_length&quot;:&quot;0&quot;,&quot;iso&quot;:&quot;0&quot;,&quot;shutter_speed&quot;:&quot;0&quot;,&quot;title&quot;:&quot;&quot;,&quot;orientation&quot;:&quot;0&quot;}\" data-image-title=\"20190201a1\" data-image-description=\"\" data-image-caption=\"\" data-large-file=\"https:\/\/www.comuna13online.com.ar\/wp-content\/uploads\/2019\/02\/20190201a1.jpg\" class=\"alignnone size-medium wp-image-4189\" src=\"http:\/\/www.comuna13online.com.ar\/wp-content\/uploads\/2019\/02\/20190201a1-678x381.jpg\" alt=\"\" width=\"678\" height=\"381\" \/><\/p>\n<p>El Gobierno avanza con el plan de aumento de la energ\u00eda anunciado en diciembre pasado por el ex Ministro de Energ\u00eda, Javier Iguacell, establece un tope de 32% que afecta a los usuarios de menor consumo y que en general promediaran un 26% en el total de los usuarios.<\/p>\n<p>Las facturas con la nueva tarifa comenzar\u00e1n a llegar en marzo, los clientes de menor consumo incluidos en las categor\u00edas de hasta 400kwh son los que sufriran el mayor aumento asciende hasta 32%,\u00a0en cambio los grandes consumidores fueron beneficiados con un aumento que va desde 18% hasta 21%.<\/p>\n<p><img loading=\"lazy\" decoding=\"async\" data-attachment-id=\"4187\" data-permalink=\"https:\/\/www.comuna13online.com.ar\/?attachment_id=4187\" data-orig-file=\"https:\/\/www.comuna13online.com.ar\/wp-content\/uploads\/2019\/02\/20190201a.gif\" data-orig-size=\"678,308\" data-comments-opened=\"0\" data-image-meta=\"{&quot;aperture&quot;:&quot;0&quot;,&quot;credit&quot;:&quot;&quot;,&quot;camera&quot;:&quot;&quot;,&quot;caption&quot;:&quot;&quot;,&quot;created_timestamp&quot;:&quot;0&quot;,&quot;copyright&quot;:&quot;&quot;,&quot;focal_length&quot;:&quot;0&quot;,&quot;iso&quot;:&quot;0&quot;,&quot;shutter_speed&quot;:&quot;0&quot;,&quot;title&quot;:&quot;&quot;,&quot;orientation&quot;:&quot;0&quot;}\" data-image-title=\"20190201a\" data-image-description=\"\" data-image-caption=\"\" data-large-file=\"https:\/\/www.comuna13online.com.ar\/wp-content\/uploads\/2019\/02\/20190201a.gif\" class=\"alignnone size-medium wp-image-4187\" src=\"http:\/\/www.comuna13online.com.ar\/wp-content\/uploads\/2019\/02\/20190201a-678x308.gif\" alt=\"\" width=\"678\" height=\"308\" \/><\/p>\n<p>No es el \u00fanico incremento programado para el a\u00f1o, habr\u00e1 otra suba del 14% promedio en marzo, otro 4% en mayo y otro 4% en agosto, as\u00ed, la tarifa acumular\u00e1 hasta un 55% de aumento en 2019, a\u00fan no hay certezas sobre lo que suceder\u00e1 luego de las elecciones.<\/p>\n<p>El tarifazo llega en un momento muy tenso para el gobierno, la ola de calor que azot\u00f3 a la ciudad dej\u00f3 en evidencia la falta de inversi\u00f3n real por parte de las empresas, mientras consumo disminuye a niveles menores al 2015, entre 2016 y 2018 los cortes aumentaron un 38% y el aumento de la tarifa promedi\u00f3 el 1800%.<\/p>\n<p>Las protestas no ceden, en las esquinas de los barrios porte\u00f1os hay vecinos cortando la calle en reclamo del restablecimiento de la energ\u00eda, que en algunos casos padecen desde el lunes.<\/p>\n<p>La\u00a0Defensor\u00eda del Pueblo de la Ciudad realiz\u00f3 numerosas denuncias por\u00a0cortes del suministro el\u00e9ctrico, que las empresas\u00a0Edenor\u00a0y Edesur\u00a0\u00abexpliquen p\u00fablicamente por qu\u00e9 no funcionaron los planes de contingencia\u00bb exigen.<\/p>\n<p>Para hoy hay convocado a un nuevo Ruidazo Nacional, en Capital las principales esquinas, plazas y parques ser\u00e1n a las 20 horas el punto de encuentro\u00a0para mostrar su disconformidad con el tarifazo, adem\u00e1s se busca que la Legislatura apruebe le Emergencia Tarifaria.<\/p>\n<p>\u00abTodos los habitantes de la ciudad tienen el derecho humano a acceder a un m\u00ednimo necesario de Energ\u00eda y de cada uno de los Servicios P\u00fablicos que le garantice el disfrute y goce de un h\u00e1bitat adecuado y de una vida digna, con independencia de sus capacidades econ\u00f3micas.\u00bb establece la propuesta.<\/p>\n","protected":false},"excerpt":{"rendered":"<div class=\"mh-excerpt\">Desde hoy rige el\u00a0aumento de hasta el 32% de la Luz, esto se da en un marco de protesta generalizada que se agrava por los cortes es la Ciudad. El <a class=\"mh-excerpt-more\" href=\"https:\/\/www.comuna13online.com.ar\/?p=4186\" title=\"Pese a los reclamos por los cortes, hoy aumenta la energ\u00eda hasta un 32%\">[&#8230;]<\/a><\/div>\n","protected":false},"author":1,"featured_media":4188,"comment_status":"closed","ping_status":"closed","sticky":false,"template":"","format":"standard","meta":{"_uag_custom_page_level_css":"","_jetpack_memberships_contains_paid_content":false,"footnotes":"","jetpack_publicize_message":"Pese a los reclamos por los cortes de luz, hoy aumenta la energ\u00eda hasta un 32%.  #FrenemosLosTarifazos #Ruidazo","jetpack_publicize_feature_enabled":true,"jetpack_social_post_already_shared":true,"jetpack_social_options":{"image_generator_settings":{"template":"highway","default_image_id":0,"font":"","enabled":false},"version":2}},"categories":[9],"tags":[],"class_list":{"0":"post-4186","1":"post","2":"type-post","3":"status-publish","4":"format-standard","5":"has-post-thumbnail","7":"category-ciudad"},"jetpack_publicize_connections":[],"jetpack_featured_media_url":"https:\/\/www.comuna13online.com.ar\/wp-content\/uploads\/2019\/02\/20190201a.jpg","uagb_featured_image_src":{"full":["https:\/\/www.comuna13online.com.ar\/wp-content\/uploads\/2019\/02\/20190201a.jpg",1030,438,false],"thumbnail":["https:\/\/www.comuna13online.com.ar\/wp-content\/uploads\/2019\/02\/20190201a-150x150.jpg",96,96,true],"medium":["https:\/\/www.comuna13online.com.ar\/wp-content\/uploads\/2019\/02\/20190201a-678x288.jpg",678,288,true],"medium_large":["https:\/\/www.comuna13online.com.ar\/wp-content\/uploads\/2019\/02\/20190201a-768x327.jpg",768,327,true],"large":["https:\/\/www.comuna13online.com.ar\/wp-content\/uploads\/2019\/02\/20190201a.jpg",1030,438,false],"1536x1536":["https:\/\/www.comuna13online.com.ar\/wp-content\/uploads\/2019\/02\/20190201a.jpg",1030,438,false],"2048x2048":["https:\/\/www.comuna13online.com.ar\/wp-content\/uploads\/2019\/02\/20190201a.jpg",1030,438,false],"mh-magazine-slider":["https:\/\/www.comuna13online.com.ar\/wp-content\/uploads\/2019\/02\/20190201a.jpg",1030,438,false],"mh-magazine-content":["https:\/\/www.comuna13online.com.ar\/wp-content\/uploads\/2019\/02\/20190201a-678x381.jpg",678,381,true],"mh-magazine-large":["https:\/\/www.comuna13online.com.ar\/wp-content\/uploads\/2019\/02\/20190201a-678x438.jpg",678,438,true],"mh-magazine-medium":["https:\/\/www.comuna13online.com.ar\/wp-content\/uploads\/2019\/02\/20190201a-326x245.jpg",326,245,true],"mh-magazine-small":["https:\/\/www.comuna13online.com.ar\/wp-content\/uploads\/2019\/02\/20190201a-80x60.jpg",80,60,true],"sow-carousel-default":["https:\/\/www.comuna13online.com.ar\/wp-content\/uploads\/2019\/02\/20190201a-272x182.jpg",272,182,true]},"uagb_author_info":{"display_name":"Comuna13","author_link":"https:\/\/www.comuna13online.com.ar\/?author=1"},"uagb_comment_info":0,"uagb_excerpt":"Desde hoy rige el\u00a0aumento de hasta el 32% de la Luz, esto se da en un marco de protesta generalizada que se agrava por los cortes es la Ciudad. El [...]","jetpack_sharing_enabled":true,"_links":{"self":[{"href":"https:\/\/www.comuna13online.com.ar\/index.php?rest_route=\/wp\/v2\/posts\/4186","targetHints":{"allow":["GET"]}}],"collection":[{"href":"https:\/\/www.comuna13online.com.ar\/index.php?rest_route=\/wp\/v2\/posts"}],"about":[{"href":"https:\/\/www.comuna13online.com.ar\/index.php?rest_route=\/wp\/v2\/types\/post"}],"author":[{"embeddable":true,"href":"https:\/\/www.comuna13online.com.ar\/index.php?rest_route=\/wp\/v2\/users\/1"}],"replies":[{"embeddable":true,"href":"https:\/\/www.comuna13online.com.ar\/index.php?rest_route=%2Fwp%2Fv2%2Fcomments&post=4186"}],"version-history":[{"count":0,"href":"https:\/\/www.comuna13online.com.ar\/index.php?rest_route=\/wp\/v2\/posts\/4186\/revisions"}],"wp:featuredmedia":[{"embeddable":true,"href":"https:\/\/www.comuna13online.com.ar\/index.php?rest_route=\/wp\/v2\/media\/4188"}],"wp:attachment":[{"href":"https:\/\/www.comuna13online.com.ar\/index.php?rest_route=%2Fwp%2Fv2%2Fmedia&parent=4186"}],"wp:term":[{"taxonomy":"category","embeddable":true,"href":"https:\/\/www.comuna13online.com.ar\/index.php?rest_route=%2Fwp%2Fv2%2Fcategories&post=4186"},{"taxonomy":"post_tag","embeddable":true,"href":"https:\/\/www.comuna13online.com.ar\/index.php?rest_route=%2Fwp%2Fv2%2Ftags&post=4186"}],"curies":[{"name":"wp","href":"https:\/\/api.w.org\/{rel}","templated":true}]}}