{"id":4081,"date":"2019-01-25T07:00:56","date_gmt":"2019-01-25T10:00:56","guid":{"rendered":"http:\/\/www.comuna13online.com.ar\/?p=4081"},"modified":"2019-01-23T12:23:49","modified_gmt":"2019-01-23T15:23:49","slug":"en-2018-aumentaron-un-38-las-muertes-por-accidentes-viales-en-la-ciudad","status":"publish","type":"post","link":"https:\/\/www.comuna13online.com.ar\/?p=4081","title":{"rendered":"En 2018 aumentaron un 38% las muertes por accidentes viales en la Ciudad"},"content":{"rendered":"<p><strong>As\u00ed se desprende de las estad\u00edsticas difundidas por la ONG especializada Luchemos por la Vida, a nivel nacional los muertos llegan a 7274, un promedio de 20 fallecimientos por d\u00eda.<\/strong><\/p>\n<p><img loading=\"lazy\" decoding=\"async\" data-attachment-id=\"4084\" data-permalink=\"https:\/\/www.comuna13online.com.ar\/?attachment_id=4084\" data-orig-file=\"https:\/\/www.comuna13online.com.ar\/wp-content\/uploads\/2019\/01\/20190125a1.jpg\" data-orig-size=\"678,381\" data-comments-opened=\"0\" data-image-meta=\"{&quot;aperture&quot;:&quot;0&quot;,&quot;credit&quot;:&quot;&quot;,&quot;camera&quot;:&quot;&quot;,&quot;caption&quot;:&quot;&quot;,&quot;created_timestamp&quot;:&quot;0&quot;,&quot;copyright&quot;:&quot;&quot;,&quot;focal_length&quot;:&quot;0&quot;,&quot;iso&quot;:&quot;0&quot;,&quot;shutter_speed&quot;:&quot;0&quot;,&quot;title&quot;:&quot;&quot;,&quot;orientation&quot;:&quot;0&quot;}\" data-image-title=\"20190125a1\" data-image-description=\"\" data-image-caption=\"\" data-large-file=\"https:\/\/www.comuna13online.com.ar\/wp-content\/uploads\/2019\/01\/20190125a1.jpg\" class=\"alignnone size-medium wp-image-4084\" src=\"http:\/\/www.comuna13online.com.ar\/wp-content\/uploads\/2019\/01\/20190125a1-678x381.jpg\" alt=\"\" width=\"678\" height=\"381\" \/><\/p>\n<p>Durante 2018 en la Ciudad de Buenos Aires se registraron 136 muertes relacionadas con accidentes viales, un 38% m\u00e1s que en 2017 se padecieron 98 fallecimientos.\u00a0Por las calles porte\u00f1as circulan 2.000.000 de veh\u00edculos, cifra que se ha incrementado en los \u00faltimos a\u00f1os sin que la red vial acusara ninguna mejora, ni en infraestructura, ni en reorganizaci\u00f3n o jerarquizaci\u00f3n vial.<\/p>\n<p>Luchemos por la Vida aclara que <em>\u00ablas cifras utilizadas son las \u00faltimas disponibles (de origen policial, municipal, u otro), actualizadas. Como la gran mayor\u00eda de las cifras originales s\u00f3lo computan los muertos en el momento del accidente, las mismas tambi\u00e9n han sido corregidas seg\u00fan \u00edndices internacionalmentes aceptados, a fin de permitir una apreciaci\u00f3n, estudio y comparaci\u00f3n seria de la mortalidad en la accidentolog\u00eda vial argentina\u00bb<\/em>.<\/p>\n<p>El fracaso de la mala pol\u00edtica en materia de seguridad vial, sumado al desastroso comportamiento de los conductores que circulan por la ciudad diariamente, traen como consecuencia una muerte cada tres d\u00edas en la Ciudad, y las medidas implementadas por el gobierno parecen tener como \u00fanico fin una mayor recaudaci\u00f3n en lugar de soluciones reales.<\/p>\n<p>El ejemplo m\u00e1s claro puede verse en las zonas con restricciones a autom\u00f3viles como el microcentro o la reciente inaugurada zona peatonal en Tribunales, d\u00f3nde las c\u00e1maras \u00fanicamente captan las patentes para sancionar a los veh\u00edculos que tienen prohibido su ingreso y no controlan la velocidad a la que circulan que debe ser hasta 10 km\/h y pr\u00e1cticamente nadie cumple.<\/p>\n<p>Tampoco hace falta conocer los n\u00fameros para saber que la situaci\u00f3n de tr\u00e1nsito en la Ciudad se encuentra en decadencia, con solo detenerse en cualquier esquina de alguna avenida porte\u00f1a durante un par de minutos notar\u00e1 una innumerable cantidad de infracciones de todos los niveles de gravedad.<\/p>\n<p>A pesar de todo esto, la Ciudad de Buenos Aires se encuentra fuera del top 10 de provincias con mayor cantidad de muertes por siniestros viales. La Provincia encabeza la lista con 2158 fallecidos y es seguido por Santa F\u00e9 (626); C\u00f3rdoba (439); Tucum\u00e1n (409) y Santiago del Estero (341), en tanto que las provincias con menos fallecidos son Tierra del Fuego (13); La Pampa (79) y Santa Cruz (86).<\/p>\n<figure id=\"attachment_4087\" aria-describedby=\"caption-attachment-4087\" style=\"width: 678px\" class=\"wp-caption alignnone\"><img loading=\"lazy\" decoding=\"async\" data-attachment-id=\"4087\" data-permalink=\"https:\/\/www.comuna13online.com.ar\/?attachment_id=4087\" data-orig-file=\"https:\/\/www.comuna13online.com.ar\/wp-content\/uploads\/2019\/01\/20190123a1.gif\" data-orig-size=\"678,670\" data-comments-opened=\"0\" data-image-meta=\"{&quot;aperture&quot;:&quot;0&quot;,&quot;credit&quot;:&quot;&quot;,&quot;camera&quot;:&quot;&quot;,&quot;caption&quot;:&quot;&quot;,&quot;created_timestamp&quot;:&quot;0&quot;,&quot;copyright&quot;:&quot;&quot;,&quot;focal_length&quot;:&quot;0&quot;,&quot;iso&quot;:&quot;0&quot;,&quot;shutter_speed&quot;:&quot;0&quot;,&quot;title&quot;:&quot;&quot;,&quot;orientation&quot;:&quot;0&quot;}\" data-image-title=\"20190123a1\" data-image-description=\"\" data-image-caption=\"\" data-large-file=\"https:\/\/www.comuna13online.com.ar\/wp-content\/uploads\/2019\/01\/20190123a1-443x438.gif\" class=\"wp-image-4087 size-full\" src=\"http:\/\/www.comuna13online.com.ar\/wp-content\/uploads\/2019\/01\/20190123a1.gif\" alt=\"\" width=\"678\" height=\"670\" \/><figcaption id=\"caption-attachment-4087\" class=\"wp-caption-text\"><span style=\"color: #999999;\">Fuente: Luchemos por la Vida<\/span><\/figcaption><\/figure>\n<p>A diferencia de la Ciudad, en la totalidad del territorio nacional, la cifra de fallecidos fue de 7.274, 61 vidas menos que en 2017 donde murieron 7.213, pr\u00e1cticamente la misma cantidad, al igual que en 2016, cuando hubo en total 7.268. Si bien la situaci\u00f3n no empeora, el resultado significa que unas 600 personas pierden la vida por mes y 20 por d\u00eda, las cifras de muertos son elevad\u00edsimas, comparadas con las de otros pa\u00edses.<\/p>\n<figure id=\"attachment_4082\" aria-describedby=\"caption-attachment-4082\" style=\"width: 678px\" class=\"wp-caption alignnone\"><img loading=\"lazy\" decoding=\"async\" data-attachment-id=\"4082\" data-permalink=\"https:\/\/www.comuna13online.com.ar\/?attachment_id=4082\" data-orig-file=\"https:\/\/www.comuna13online.com.ar\/wp-content\/uploads\/2019\/01\/20190123a2.gif\" data-orig-size=\"638,173\" data-comments-opened=\"0\" data-image-meta=\"{&quot;aperture&quot;:&quot;0&quot;,&quot;credit&quot;:&quot;&quot;,&quot;camera&quot;:&quot;&quot;,&quot;caption&quot;:&quot;&quot;,&quot;created_timestamp&quot;:&quot;0&quot;,&quot;copyright&quot;:&quot;&quot;,&quot;focal_length&quot;:&quot;0&quot;,&quot;iso&quot;:&quot;0&quot;,&quot;shutter_speed&quot;:&quot;0&quot;,&quot;title&quot;:&quot;&quot;,&quot;orientation&quot;:&quot;0&quot;}\" data-image-title=\"20190123a2\" data-image-description=\"\" data-image-caption=\"\" data-large-file=\"https:\/\/www.comuna13online.com.ar\/wp-content\/uploads\/2019\/01\/20190123a2.gif\" class=\"wp-image-4082\" src=\"http:\/\/www.comuna13online.com.ar\/wp-content\/uploads\/2019\/01\/20190123a2.gif\" alt=\"\" width=\"678\" height=\"184\" \/><figcaption id=\"caption-attachment-4082\" class=\"wp-caption-text\"><span style=\"color: #999999;\">Cuadro comparativo de disminuci\u00f3n de muertes 1990 &#8211; 2014. (Luchemos por la Vida)<\/span><\/figcaption><\/figure>\n<p>&nbsp;<\/p>\n","protected":false},"excerpt":{"rendered":"<div class=\"mh-excerpt\">As\u00ed se desprende de las estad\u00edsticas difundidas por la ONG especializada Luchemos por la Vida, a nivel nacional los muertos llegan a 7274, un promedio de 20 fallecimientos por d\u00eda. <a class=\"mh-excerpt-more\" href=\"https:\/\/www.comuna13online.com.ar\/?p=4081\" title=\"En 2018 aumentaron un 38% las muertes por accidentes viales en la Ciudad\">[&#8230;]<\/a><\/div>\n","protected":false},"author":1,"featured_media":4083,"comment_status":"closed","ping_status":"closed","sticky":false,"template":"","format":"standard","meta":{"_uag_custom_page_level_css":"","_jetpack_memberships_contains_paid_content":false,"footnotes":"","jetpack_publicize_message":"","jetpack_publicize_feature_enabled":true,"jetpack_social_post_already_shared":true,"jetpack_social_options":{"image_generator_settings":{"template":"highway","default_image_id":0,"font":"","enabled":false},"version":2}},"categories":[73],"tags":[75],"class_list":{"0":"post-4081","1":"post","2":"type-post","3":"status-publish","4":"format-standard","5":"has-post-thumbnail","7":"category-seguridad-vial","8":"tag-seguridad-vial"},"jetpack_publicize_connections":[],"jetpack_featured_media_url":"https:\/\/www.comuna13online.com.ar\/wp-content\/uploads\/2019\/01\/20190125a.jpg","uagb_featured_image_src":{"full":["https:\/\/www.comuna13online.com.ar\/wp-content\/uploads\/2019\/01\/20190125a.jpg",1030,438,false],"thumbnail":["https:\/\/www.comuna13online.com.ar\/wp-content\/uploads\/2019\/01\/20190125a-150x150.jpg",96,96,true],"medium":["https:\/\/www.comuna13online.com.ar\/wp-content\/uploads\/2019\/01\/20190125a-678x288.jpg",678,288,true],"medium_large":["https:\/\/www.comuna13online.com.ar\/wp-content\/uploads\/2019\/01\/20190125a-768x327.jpg",768,327,true],"large":["https:\/\/www.comuna13online.com.ar\/wp-content\/uploads\/2019\/01\/20190125a.jpg",1030,438,false],"1536x1536":["https:\/\/www.comuna13online.com.ar\/wp-content\/uploads\/2019\/01\/20190125a.jpg",1030,438,false],"2048x2048":["https:\/\/www.comuna13online.com.ar\/wp-content\/uploads\/2019\/01\/20190125a.jpg",1030,438,false],"mh-magazine-slider":["https:\/\/www.comuna13online.com.ar\/wp-content\/uploads\/2019\/01\/20190125a.jpg",1030,438,false],"mh-magazine-content":["https:\/\/www.comuna13online.com.ar\/wp-content\/uploads\/2019\/01\/20190125a-678x381.jpg",678,381,true],"mh-magazine-large":["https:\/\/www.comuna13online.com.ar\/wp-content\/uploads\/2019\/01\/20190125a-678x438.jpg",678,438,true],"mh-magazine-medium":["https:\/\/www.comuna13online.com.ar\/wp-content\/uploads\/2019\/01\/20190125a-326x245.jpg",326,245,true],"mh-magazine-small":["https:\/\/www.comuna13online.com.ar\/wp-content\/uploads\/2019\/01\/20190125a-80x60.jpg",80,60,true],"sow-carousel-default":["https:\/\/www.comuna13online.com.ar\/wp-content\/uploads\/2019\/01\/20190125a-272x182.jpg",272,182,true]},"uagb_author_info":{"display_name":"Comuna13","author_link":"https:\/\/www.comuna13online.com.ar\/?author=1"},"uagb_comment_info":0,"uagb_excerpt":"As\u00ed se desprende de las estad\u00edsticas difundidas por la ONG especializada Luchemos por la Vida, a nivel nacional los muertos llegan a 7274, un promedio de 20 fallecimientos por d\u00eda. [...]","jetpack_sharing_enabled":true,"_links":{"self":[{"href":"https:\/\/www.comuna13online.com.ar\/index.php?rest_route=\/wp\/v2\/posts\/4081","targetHints":{"allow":["GET"]}}],"collection":[{"href":"https:\/\/www.comuna13online.com.ar\/index.php?rest_route=\/wp\/v2\/posts"}],"about":[{"href":"https:\/\/www.comuna13online.com.ar\/index.php?rest_route=\/wp\/v2\/types\/post"}],"author":[{"embeddable":true,"href":"https:\/\/www.comuna13online.com.ar\/index.php?rest_route=\/wp\/v2\/users\/1"}],"replies":[{"embeddable":true,"href":"https:\/\/www.comuna13online.com.ar\/index.php?rest_route=%2Fwp%2Fv2%2Fcomments&post=4081"}],"version-history":[{"count":0,"href":"https:\/\/www.comuna13online.com.ar\/index.php?rest_route=\/wp\/v2\/posts\/4081\/revisions"}],"wp:featuredmedia":[{"embeddable":true,"href":"https:\/\/www.comuna13online.com.ar\/index.php?rest_route=\/wp\/v2\/media\/4083"}],"wp:attachment":[{"href":"https:\/\/www.comuna13online.com.ar\/index.php?rest_route=%2Fwp%2Fv2%2Fmedia&parent=4081"}],"wp:term":[{"taxonomy":"category","embeddable":true,"href":"https:\/\/www.comuna13online.com.ar\/index.php?rest_route=%2Fwp%2Fv2%2Fcategories&post=4081"},{"taxonomy":"post_tag","embeddable":true,"href":"https:\/\/www.comuna13online.com.ar\/index.php?rest_route=%2Fwp%2Fv2%2Ftags&post=4081"}],"curies":[{"name":"wp","href":"https:\/\/api.w.org\/{rel}","templated":true}]}}