{"id":4046,"date":"2019-01-19T09:00:00","date_gmt":"2019-01-19T12:00:00","guid":{"rendered":"http:\/\/www.comuna13online.com.ar\/?p=4046"},"modified":"2019-01-24T13:22:28","modified_gmt":"2019-01-24T16:22:28","slug":"cabildo-y-juramento-fue-el-punto-de-mayor-convocatoria-en-el-ruidazo-de-ayer","status":"publish","type":"post","link":"https:\/\/www.comuna13online.com.ar\/?p=4046","title":{"rendered":"Cabildo y Juramento fue el punto de mayor convocatoria en el Ruidazo"},"content":{"rendered":"<p><strong>Los vecinos se concentraron en distintos puntos neur\u00e1lgicos de la Ciudad para reclamar por el aumento de los servicios, Cabildo y Juramento tuvo la mayor convocatoria de la Comuna 13.<\/strong><\/p>\n<p><img loading=\"lazy\" decoding=\"async\" data-attachment-id=\"4049\" data-permalink=\"https:\/\/www.comuna13online.com.ar\/?attachment_id=4049\" data-orig-file=\"https:\/\/www.comuna13online.com.ar\/wp-content\/uploads\/2019\/01\/20190119a1.jpg\" data-orig-size=\"677,381\" data-comments-opened=\"0\" data-image-meta=\"{&quot;aperture&quot;:&quot;0&quot;,&quot;credit&quot;:&quot;&quot;,&quot;camera&quot;:&quot;&quot;,&quot;caption&quot;:&quot;&quot;,&quot;created_timestamp&quot;:&quot;0&quot;,&quot;copyright&quot;:&quot;&quot;,&quot;focal_length&quot;:&quot;0&quot;,&quot;iso&quot;:&quot;0&quot;,&quot;shutter_speed&quot;:&quot;0&quot;,&quot;title&quot;:&quot;&quot;,&quot;orientation&quot;:&quot;0&quot;}\" data-image-title=\"20190119a1\" data-image-description=\"\" data-image-caption=\"\" data-large-file=\"https:\/\/www.comuna13online.com.ar\/wp-content\/uploads\/2019\/01\/20190119a1.jpg\" class=\"alignnone size-full wp-image-4049\" src=\"http:\/\/www.comuna13online.com.ar\/wp-content\/uploads\/2019\/01\/20190119a1.jpg\" alt=\"\" width=\"677\" height=\"381\" \/><\/p>\n<p>Nuevamente los porte\u00f1os se hicieron sentir en las esquinas y plazas de los principales puntos de la Ciudad, protestaron principalmente contra la suba de tarifas de los servicios y de los transportes p\u00fablicos y acompa\u00f1aron los maestros que sumaron protestas por el cierre de escuelas nocturnas y la creaci\u00f3n de UNICABA que busca cerrar los institutos de formaci\u00f3n de maestros.<\/p>\n<p>Fue el cuarto viernes consecutivo de \u201cruidazo\u201d nacional convocado por\u00a0 el Observatorio del Derecho a la Ciudad, la Asamblea Ciudadana y el Movimiento Comunero.<\/p>\n<p>Apenas un pu\u00f1ado de medios cubri\u00f3 la dimensi\u00f3n de la protesta, pero en las redes sociales los manifestantes de todos los puntos del pa\u00eds compartieron im\u00e1genes y videos\u00a0bajo el hashtag #NoAlTarifazo.<\/p>\n<div style=\"width: 678px;\" class=\"wp-video\"><video class=\"wp-video-shortcode\" id=\"video-4046-1\" width=\"678\" height=\"381\" preload=\"metadata\" controls=\"controls\"><source type=\"video\/mp4\" src=\"http:\/\/www.comuna13online.com.ar\/wp-content\/uploads\/2019\/01\/NoAlTarifazo.mp4.mp4?_=1\" \/><a href=\"http:\/\/www.comuna13online.com.ar\/wp-content\/uploads\/2019\/01\/NoAlTarifazo.mp4.mp4\">http:\/\/www.comuna13online.com.ar\/wp-content\/uploads\/2019\/01\/NoAlTarifazo.mp4.mp4<\/a><\/video><\/div>\n<p>El Observatorio del Derecho a la Ciudad present\u00f3 un proyecto en la Legislatura de la Ciudad y exigime que se convoque a Sesi\u00f3n Extraordinaria para\u00a0sancionar la Ley de Emergencia Tarifaria, un nuevo r\u00e9gimen de\u00a0Tarifa Social\u00a0y\u00a0frenar\u00a0los\u00a0cortes de Servicios P\u00fablicos (Proyecto de Ley N\u00b0 3849-P-2018).<\/p>\n<p>Tambi\u00e9n lanz\u00f3 un petitorio y se encuentra juntando firmas (<a href=\"https:\/\/buff.ly\/2QLDoSb\" target=\"_blank\" rel=\"noopener\">puede hacerlo aqu\u00ed<\/a>) buscando que se sancione la emergencia tarifaria, Adem\u00e1s se demanda\u00a0la\u00a0suspensi\u00f3n de los aumentos del Subte,\u00a0la\u00a0anulaci\u00f3n\u00a0de la Resoluci\u00f3n que ordena el\u00a0cierre de escuelas nocturnas,\u00a0terminar con la venta de inmuebles estatales para negociados inmobiliarios,\u00a0Basta de Ajuste a nuestros ni\u00f1os\/as y a nuestros mayores, terminar con el feroz endeudamiento y la defensa de la salud y educaci\u00f3n p\u00fablica.<\/p>\n<p><img loading=\"lazy\" decoding=\"async\" data-attachment-id=\"4050\" data-permalink=\"https:\/\/www.comuna13online.com.ar\/?attachment_id=4050\" data-orig-file=\"https:\/\/www.comuna13online.com.ar\/wp-content\/uploads\/2019\/01\/20190119a2.jpg\" data-orig-size=\"678,382\" data-comments-opened=\"0\" data-image-meta=\"{&quot;aperture&quot;:&quot;0&quot;,&quot;credit&quot;:&quot;&quot;,&quot;camera&quot;:&quot;&quot;,&quot;caption&quot;:&quot;&quot;,&quot;created_timestamp&quot;:&quot;0&quot;,&quot;copyright&quot;:&quot;&quot;,&quot;focal_length&quot;:&quot;0&quot;,&quot;iso&quot;:&quot;0&quot;,&quot;shutter_speed&quot;:&quot;0&quot;,&quot;title&quot;:&quot;&quot;,&quot;orientation&quot;:&quot;0&quot;}\" data-image-title=\"20190119a2\" data-image-description=\"\" data-image-caption=\"\" data-large-file=\"https:\/\/www.comuna13online.com.ar\/wp-content\/uploads\/2019\/01\/20190119a2.jpg\" class=\"alignnone size-medium wp-image-4050\" src=\"http:\/\/www.comuna13online.com.ar\/wp-content\/uploads\/2019\/01\/20190119a2-678x382.jpg\" alt=\"\" width=\"678\" height=\"382\" \/><\/p>\n<p>Las mayores concentraciones porte\u00f1as se registraron en intersecciones como Corrientes y Medrano (Almagro); Corrientes y Scalabrini Ortiz (Villa Crespo); Corrientes y \u00c1ngel Gallardo (Villa Crespo); Cabildo y Juramento (Belgrano); Rivadavia y Pedernera (Flores); Defensa e Independencia (San Telmo); Monroe y Triunvirato (Villa Urquiza); Lacroze y \u00c1lvarez Thomas (Colegiales); Rivadavia y Carhu\u00e9 (Liniers), San Juan y Boedo (Boedo) y Caseros y La Rioja (Parque Patricios).<\/p>\n<p>En nuestra comuna tambi\u00e9n hubo concentraciones en Alvarez Th\u00f3mas y Fco. Lacroze, Cris\u00f3logo Larralde y Cabildo y Fco. Lacroze y Cabildo. Los automovilistas que pasaban por las zonas de protesta acompa\u00f1aron con sus bocinas y muchos vecinos se se sumaron al ruidazo desde los balcones de los edificios.<\/p>\n<p><img loading=\"lazy\" decoding=\"async\" data-attachment-id=\"4051\" data-permalink=\"https:\/\/www.comuna13online.com.ar\/?attachment_id=4051\" data-orig-file=\"https:\/\/www.comuna13online.com.ar\/wp-content\/uploads\/2019\/01\/20190119a3.jpg\" data-orig-size=\"678,413\" data-comments-opened=\"0\" data-image-meta=\"{&quot;aperture&quot;:&quot;0&quot;,&quot;credit&quot;:&quot;&quot;,&quot;camera&quot;:&quot;&quot;,&quot;caption&quot;:&quot;&quot;,&quot;created_timestamp&quot;:&quot;0&quot;,&quot;copyright&quot;:&quot;&quot;,&quot;focal_length&quot;:&quot;0&quot;,&quot;iso&quot;:&quot;0&quot;,&quot;shutter_speed&quot;:&quot;0&quot;,&quot;title&quot;:&quot;&quot;,&quot;orientation&quot;:&quot;0&quot;}\" data-image-title=\"20190119a3\" data-image-description=\"\" data-image-caption=\"\" data-large-file=\"https:\/\/www.comuna13online.com.ar\/wp-content\/uploads\/2019\/01\/20190119a3.jpg\" class=\"alignnone size-medium wp-image-4051\" src=\"http:\/\/www.comuna13online.com.ar\/wp-content\/uploads\/2019\/01\/20190119a3-678x413.jpg\" alt=\"\" width=\"678\" height=\"413\" \/><\/p>\n","protected":false},"excerpt":{"rendered":"<div class=\"mh-excerpt\">Los vecinos se concentraron en distintos puntos neur\u00e1lgicos de la Ciudad para reclamar por el aumento de los servicios, Cabildo y Juramento tuvo la mayor convocatoria de la Comuna 13. <a class=\"mh-excerpt-more\" href=\"https:\/\/www.comuna13online.com.ar\/?p=4046\" title=\"Cabildo y Juramento fue el punto de mayor convocatoria en el Ruidazo\">[&#8230;]<\/a><\/div>\n","protected":false},"author":1,"featured_media":4048,"comment_status":"closed","ping_status":"closed","sticky":false,"template":"","format":"standard","meta":{"_uag_custom_page_level_css":"","_jetpack_memberships_contains_paid_content":false,"footnotes":"","jetpack_publicize_message":"Cabildo y Juramento fue el punto de mayor convocatoria en el Ruidazo de ayer. #NoAlTarifazo, #Ruidazo","jetpack_publicize_feature_enabled":true,"jetpack_social_post_already_shared":true,"jetpack_social_options":{"image_generator_settings":{"template":"highway","default_image_id":0,"font":"","enabled":false},"version":2}},"categories":[230],"tags":[19,28,166,56],"class_list":{"0":"post-4046","1":"post","2":"type-post","3":"status-publish","4":"format-standard","5":"has-post-thumbnail","7":"category-protestas","8":"tag-comuna-13","9":"tag-manifestacion","10":"tag-ruidazo","11":"tag-tarifas"},"jetpack_publicize_connections":[],"jetpack_featured_media_url":"https:\/\/www.comuna13online.com.ar\/wp-content\/uploads\/2019\/01\/20190119a.jpg","uagb_featured_image_src":{"full":["https:\/\/www.comuna13online.com.ar\/wp-content\/uploads\/2019\/01\/20190119a.jpg",1030,438,false],"thumbnail":["https:\/\/www.comuna13online.com.ar\/wp-content\/uploads\/2019\/01\/20190119a-150x150.jpg",96,96,true],"medium":["https:\/\/www.comuna13online.com.ar\/wp-content\/uploads\/2019\/01\/20190119a-678x288.jpg",678,288,true],"medium_large":["https:\/\/www.comuna13online.com.ar\/wp-content\/uploads\/2019\/01\/20190119a-768x327.jpg",768,327,true],"large":["https:\/\/www.comuna13online.com.ar\/wp-content\/uploads\/2019\/01\/20190119a.jpg",1030,438,false],"1536x1536":["https:\/\/www.comuna13online.com.ar\/wp-content\/uploads\/2019\/01\/20190119a.jpg",1030,438,false],"2048x2048":["https:\/\/www.comuna13online.com.ar\/wp-content\/uploads\/2019\/01\/20190119a.jpg",1030,438,false],"mh-magazine-slider":["https:\/\/www.comuna13online.com.ar\/wp-content\/uploads\/2019\/01\/20190119a.jpg",1030,438,false],"mh-magazine-content":["https:\/\/www.comuna13online.com.ar\/wp-content\/uploads\/2019\/01\/20190119a-678x381.jpg",678,381,true],"mh-magazine-large":["https:\/\/www.comuna13online.com.ar\/wp-content\/uploads\/2019\/01\/20190119a-678x438.jpg",678,438,true],"mh-magazine-medium":["https:\/\/www.comuna13online.com.ar\/wp-content\/uploads\/2019\/01\/20190119a-326x245.jpg",326,245,true],"mh-magazine-small":["https:\/\/www.comuna13online.com.ar\/wp-content\/uploads\/2019\/01\/20190119a-80x60.jpg",80,60,true],"sow-carousel-default":["https:\/\/www.comuna13online.com.ar\/wp-content\/uploads\/2019\/01\/20190119a-272x182.jpg",272,182,true]},"uagb_author_info":{"display_name":"Comuna13","author_link":"https:\/\/www.comuna13online.com.ar\/?author=1"},"uagb_comment_info":0,"uagb_excerpt":"Los vecinos se concentraron en distintos puntos neur\u00e1lgicos de la Ciudad para reclamar por el aumento de los servicios, Cabildo y Juramento tuvo la mayor convocatoria de la Comuna 13. [...]","jetpack_sharing_enabled":true,"_links":{"self":[{"href":"https:\/\/www.comuna13online.com.ar\/index.php?rest_route=\/wp\/v2\/posts\/4046","targetHints":{"allow":["GET"]}}],"collection":[{"href":"https:\/\/www.comuna13online.com.ar\/index.php?rest_route=\/wp\/v2\/posts"}],"about":[{"href":"https:\/\/www.comuna13online.com.ar\/index.php?rest_route=\/wp\/v2\/types\/post"}],"author":[{"embeddable":true,"href":"https:\/\/www.comuna13online.com.ar\/index.php?rest_route=\/wp\/v2\/users\/1"}],"replies":[{"embeddable":true,"href":"https:\/\/www.comuna13online.com.ar\/index.php?rest_route=%2Fwp%2Fv2%2Fcomments&post=4046"}],"version-history":[{"count":0,"href":"https:\/\/www.comuna13online.com.ar\/index.php?rest_route=\/wp\/v2\/posts\/4046\/revisions"}],"wp:featuredmedia":[{"embeddable":true,"href":"https:\/\/www.comuna13online.com.ar\/index.php?rest_route=\/wp\/v2\/media\/4048"}],"wp:attachment":[{"href":"https:\/\/www.comuna13online.com.ar\/index.php?rest_route=%2Fwp%2Fv2%2Fmedia&parent=4046"}],"wp:term":[{"taxonomy":"category","embeddable":true,"href":"https:\/\/www.comuna13online.com.ar\/index.php?rest_route=%2Fwp%2Fv2%2Fcategories&post=4046"},{"taxonomy":"post_tag","embeddable":true,"href":"https:\/\/www.comuna13online.com.ar\/index.php?rest_route=%2Fwp%2Fv2%2Ftags&post=4046"}],"curies":[{"name":"wp","href":"https:\/\/api.w.org\/{rel}","templated":true}]}}