{"id":4013,"date":"2019-01-17T06:00:25","date_gmt":"2019-01-17T09:00:25","guid":{"rendered":"http:\/\/www.comuna13online.com.ar\/?p=4013"},"modified":"2019-01-18T12:08:42","modified_gmt":"2019-01-18T15:08:42","slug":"hoy-campana-de-vacunacion-en-colegiales","status":"publish","type":"post","link":"https:\/\/www.comuna13online.com.ar\/?p=4013","title":{"rendered":"Hoy: Campa\u00f1a de vacunaci\u00f3n en Colegiales"},"content":{"rendered":"<p><strong>En el marco de la\u00a0\u00abCampa\u00f1a de vacunaci\u00f3n en colonias de verano\u00bb, se aplicar\u00e1n las vacunas correspondientes a chicos de 5, 6 y 11 a\u00f1os en el Polideportivo Colegiales.<\/strong><\/p>\n<p><img loading=\"lazy\" decoding=\"async\" data-attachment-id=\"426\" data-permalink=\"https:\/\/www.comuna13online.com.ar\/?attachment_id=426\" data-orig-file=\"https:\/\/www.comuna13online.com.ar\/wp-content\/uploads\/2018\/01\/vacunacion01.jpg\" data-orig-size=\"1030,438\" data-comments-opened=\"0\" data-image-meta=\"{&quot;aperture&quot;:&quot;0&quot;,&quot;credit&quot;:&quot;&quot;,&quot;camera&quot;:&quot;&quot;,&quot;caption&quot;:&quot;&quot;,&quot;created_timestamp&quot;:&quot;0&quot;,&quot;copyright&quot;:&quot;&quot;,&quot;focal_length&quot;:&quot;0&quot;,&quot;iso&quot;:&quot;0&quot;,&quot;shutter_speed&quot;:&quot;0&quot;,&quot;title&quot;:&quot;&quot;,&quot;orientation&quot;:&quot;0&quot;}\" data-image-title=\"vacunacion01\" data-image-description=\"\" data-image-caption=\"\" data-large-file=\"https:\/\/www.comuna13online.com.ar\/wp-content\/uploads\/2018\/01\/vacunacion01.jpg\" class=\"alignnone wp-image-426 size-medium\" src=\"http:\/\/www.comuna13online.com.ar\/wp-content\/uploads\/2018\/01\/vacunacion01-678x288.jpg\" alt=\"\" width=\"678\" height=\"288\" srcset=\"https:\/\/www.comuna13online.com.ar\/wp-content\/uploads\/2018\/01\/vacunacion01-678x288.jpg 678w, https:\/\/www.comuna13online.com.ar\/wp-content\/uploads\/2018\/01\/vacunacion01-768x327.jpg 768w, https:\/\/www.comuna13online.com.ar\/wp-content\/uploads\/2018\/01\/vacunacion01.jpg 1030w\" sizes=\"auto, (max-width: 678px) 100vw, 678px\" \/><\/p>\n<p>La Direcci\u00f3n General de Planificaci\u00f3n Operativa del Ministerio de Salud en conjunto con la Subsecretaria de Deportes de la Vicejefatura del Gobierno de la Ciudad de Buenos Aires est\u00e1 llevando a cabo la\u00a0\u00abCampa\u00f1a de vacunaci\u00f3n en colonias de verano\u00bb.<\/p>\n<p>Este mi\u00e9rcoles 16\u00a0se aplicar\u00e1n las vacunas en el Polideportivo Colegiels ubicado en de 14 a 16 horas. <a href=\"https:\/\/mapa.buenosaires.gob.ar\/comollego\/?lat=-34.579409&amp;lng=-58.444639&amp;zl=15&amp;modo=transporte&amp;dir=Freire%2C+Ramon%2C+Cap.+Gral.+120\" target=\"_blank\" rel=\"noopener\">C\u00f3mo llegar<\/a>.<\/p>\n<h4><strong>Qu\u00e9 vacunas se apican<\/strong><\/h4>\n<p><strong>Ni\u00f1os de 5-6 a\u00f1os<\/strong><\/p>\n<p>Poliomielitis oral 3er refuerzo (Sabin)<\/p>\n<p>Triple Viral &#8211; 2\u00ba dosis (sarampi\u00f3n, rub\u00e9ola, paperas)<\/p>\n<p>Triple Bacteriana Celular &#8211; 2\u00ba refuerzo DTP (difteria, t\u00e9tanos, tos convulsa)<\/p>\n<p><strong>Ni\u00f1os de 11 a\u00f1os<\/strong><\/p>\n<p>Es importante vacunar a los chicos a esta edad\u00a0para reforzar la inmunidad contra esas enfermedades dado que con los a\u00f1os las defensas desarrolladas luego de las primeras dosis disminuyen.<\/p>\n<p>Triple bacteriana acelular DTP (difteria, t\u00e9tanos, tos convulsa)<\/p>\n<p>VPH (v\u00edrus de papiloma humano)\u00a0Para las chicas nacidas a partir del 2000 para los chicos nacidos a partir del 2006.<\/p>\n<p><img loading=\"lazy\" decoding=\"async\" data-attachment-id=\"4016\" data-permalink=\"https:\/\/www.comuna13online.com.ar\/?attachment_id=4016\" data-orig-file=\"https:\/\/www.comuna13online.com.ar\/wp-content\/uploads\/2019\/01\/colonias-vacunacion.png\" data-orig-size=\"600,1496\" data-comments-opened=\"0\" data-image-meta=\"{&quot;aperture&quot;:&quot;0&quot;,&quot;credit&quot;:&quot;&quot;,&quot;camera&quot;:&quot;&quot;,&quot;caption&quot;:&quot;&quot;,&quot;created_timestamp&quot;:&quot;0&quot;,&quot;copyright&quot;:&quot;&quot;,&quot;focal_length&quot;:&quot;0&quot;,&quot;iso&quot;:&quot;0&quot;,&quot;shutter_speed&quot;:&quot;0&quot;,&quot;title&quot;:&quot;&quot;,&quot;orientation&quot;:&quot;0&quot;}\" data-image-title=\"colonias-vacunacion\" data-image-description=\"\" data-image-caption=\"\" data-large-file=\"https:\/\/www.comuna13online.com.ar\/wp-content\/uploads\/2019\/01\/colonias-vacunacion-176x438.png\" class=\"aligncenter wp-image-4016\" src=\"http:\/\/www.comuna13online.com.ar\/wp-content\/uploads\/2019\/01\/colonias-vacunacion.png\" alt=\"\" width=\"678\" height=\"1690\" srcset=\"https:\/\/www.comuna13online.com.ar\/wp-content\/uploads\/2019\/01\/colonias-vacunacion.png 600w, https:\/\/www.comuna13online.com.ar\/wp-content\/uploads\/2019\/01\/colonias-vacunacion-181x452.png 181w, https:\/\/www.comuna13online.com.ar\/wp-content\/uploads\/2019\/01\/colonias-vacunacion-176x438.png 176w\" sizes=\"auto, (max-width: 678px) 100vw, 678px\" \/><\/p>\n","protected":false},"excerpt":{"rendered":"<div class=\"mh-excerpt\">En el marco de la\u00a0\u00abCampa\u00f1a de vacunaci\u00f3n en colonias de verano\u00bb, se aplicar\u00e1n las vacunas correspondientes a chicos de 5, 6 y 11 a\u00f1os en el Polideportivo Colegiales. La Direcci\u00f3n <a class=\"mh-excerpt-more\" href=\"https:\/\/www.comuna13online.com.ar\/?p=4013\" title=\"Hoy: Campa\u00f1a de vacunaci\u00f3n en Colegiales\">[&#8230;]<\/a><\/div>\n","protected":false},"author":1,"featured_media":4015,"comment_status":"closed","ping_status":"closed","sticky":false,"template":"","format":"standard","meta":{"_uag_custom_page_level_css":"","_jetpack_memberships_contains_paid_content":false,"footnotes":"","jetpack_publicize_message":"","jetpack_publicize_feature_enabled":true,"jetpack_social_post_already_shared":true,"jetpack_social_options":{"image_generator_settings":{"template":"highway","default_image_id":0,"font":"","enabled":false},"version":2}},"categories":[44],"tags":[19,45,118,78],"class_list":{"0":"post-4013","1":"post","2":"type-post","3":"status-publish","4":"format-standard","5":"has-post-thumbnail","7":"category-salud","8":"tag-comuna-13","9":"tag-salud","10":"tag-vacunacion","11":"tag-vacunas"},"jetpack_publicize_connections":[],"jetpack_featured_media_url":"https:\/\/www.comuna13online.com.ar\/wp-content\/uploads\/2019\/01\/20190117a.jpg","uagb_featured_image_src":{"full":["https:\/\/www.comuna13online.com.ar\/wp-content\/uploads\/2019\/01\/20190117a.jpg",1030,438,false],"thumbnail":["https:\/\/www.comuna13online.com.ar\/wp-content\/uploads\/2019\/01\/20190117a-150x150.jpg",96,96,true],"medium":["https:\/\/www.comuna13online.com.ar\/wp-content\/uploads\/2019\/01\/20190117a-678x288.jpg",678,288,true],"medium_large":["https:\/\/www.comuna13online.com.ar\/wp-content\/uploads\/2019\/01\/20190117a-768x327.jpg",768,327,true],"large":["https:\/\/www.comuna13online.com.ar\/wp-content\/uploads\/2019\/01\/20190117a.jpg",1030,438,false],"1536x1536":["https:\/\/www.comuna13online.com.ar\/wp-content\/uploads\/2019\/01\/20190117a.jpg",1030,438,false],"2048x2048":["https:\/\/www.comuna13online.com.ar\/wp-content\/uploads\/2019\/01\/20190117a.jpg",1030,438,false],"mh-magazine-slider":["https:\/\/www.comuna13online.com.ar\/wp-content\/uploads\/2019\/01\/20190117a.jpg",1030,438,false],"mh-magazine-content":["https:\/\/www.comuna13online.com.ar\/wp-content\/uploads\/2019\/01\/20190117a-678x381.jpg",678,381,true],"mh-magazine-large":["https:\/\/www.comuna13online.com.ar\/wp-content\/uploads\/2019\/01\/20190117a-678x438.jpg",678,438,true],"mh-magazine-medium":["https:\/\/www.comuna13online.com.ar\/wp-content\/uploads\/2019\/01\/20190117a-326x245.jpg",326,245,true],"mh-magazine-small":["https:\/\/www.comuna13online.com.ar\/wp-content\/uploads\/2019\/01\/20190117a-80x60.jpg",80,60,true],"sow-carousel-default":["https:\/\/www.comuna13online.com.ar\/wp-content\/uploads\/2019\/01\/20190117a-272x182.jpg",272,182,true]},"uagb_author_info":{"display_name":"Comuna13","author_link":"https:\/\/www.comuna13online.com.ar\/?author=1"},"uagb_comment_info":0,"uagb_excerpt":"En el marco de la\u00a0\u00abCampa\u00f1a de vacunaci\u00f3n en colonias de verano\u00bb, se aplicar\u00e1n las vacunas correspondientes a chicos de 5, 6 y 11 a\u00f1os en el Polideportivo Colegiales. La Direcci\u00f3n [...]","jetpack_sharing_enabled":true,"_links":{"self":[{"href":"https:\/\/www.comuna13online.com.ar\/index.php?rest_route=\/wp\/v2\/posts\/4013","targetHints":{"allow":["GET"]}}],"collection":[{"href":"https:\/\/www.comuna13online.com.ar\/index.php?rest_route=\/wp\/v2\/posts"}],"about":[{"href":"https:\/\/www.comuna13online.com.ar\/index.php?rest_route=\/wp\/v2\/types\/post"}],"author":[{"embeddable":true,"href":"https:\/\/www.comuna13online.com.ar\/index.php?rest_route=\/wp\/v2\/users\/1"}],"replies":[{"embeddable":true,"href":"https:\/\/www.comuna13online.com.ar\/index.php?rest_route=%2Fwp%2Fv2%2Fcomments&post=4013"}],"version-history":[{"count":0,"href":"https:\/\/www.comuna13online.com.ar\/index.php?rest_route=\/wp\/v2\/posts\/4013\/revisions"}],"wp:featuredmedia":[{"embeddable":true,"href":"https:\/\/www.comuna13online.com.ar\/index.php?rest_route=\/wp\/v2\/media\/4015"}],"wp:attachment":[{"href":"https:\/\/www.comuna13online.com.ar\/index.php?rest_route=%2Fwp%2Fv2%2Fmedia&parent=4013"}],"wp:term":[{"taxonomy":"category","embeddable":true,"href":"https:\/\/www.comuna13online.com.ar\/index.php?rest_route=%2Fwp%2Fv2%2Fcategories&post=4013"},{"taxonomy":"post_tag","embeddable":true,"href":"https:\/\/www.comuna13online.com.ar\/index.php?rest_route=%2Fwp%2Fv2%2Ftags&post=4013"}],"curies":[{"name":"wp","href":"https:\/\/api.w.org\/{rel}","templated":true}]}}