{"id":4000,"date":"2019-01-16T13:16:07","date_gmt":"2019-01-16T16:16:07","guid":{"rendered":"http:\/\/www.comuna13online.com.ar\/?p=4000"},"modified":"2019-03-15T09:17:33","modified_gmt":"2019-03-15T12:17:33","slug":"la-inflacion-de-la-ciudad-supero-el-45-en-2018","status":"publish","type":"post","link":"https:\/\/www.comuna13online.com.ar\/?p=4000","title":{"rendered":"La inflaci\u00f3n de la Ciudad super\u00f3 el 45% en 2018"},"content":{"rendered":"<p><strong>El IPC porte\u00f1o registr\u00f3 en diciembre un incremento en los precios del 2,4<\/strong><strong>% y totaliz\u00f3 en 2018 un 45,5%, el m\u00e1s alto desde que se mide este \u00edndice desde 2013.<\/strong><\/p>\n<p>&nbsp;<\/p>\n<p><img loading=\"lazy\" decoding=\"async\" data-attachment-id=\"4002\" data-permalink=\"https:\/\/www.comuna13online.com.ar\/?attachment_id=4002\" data-orig-file=\"https:\/\/www.comuna13online.com.ar\/wp-content\/uploads\/2019\/01\/20190116b1.gif\" data-orig-size=\"678,284\" data-comments-opened=\"0\" data-image-meta=\"{&quot;aperture&quot;:&quot;0&quot;,&quot;credit&quot;:&quot;&quot;,&quot;camera&quot;:&quot;&quot;,&quot;caption&quot;:&quot;&quot;,&quot;created_timestamp&quot;:&quot;0&quot;,&quot;copyright&quot;:&quot;&quot;,&quot;focal_length&quot;:&quot;0&quot;,&quot;iso&quot;:&quot;0&quot;,&quot;shutter_speed&quot;:&quot;0&quot;,&quot;title&quot;:&quot;&quot;,&quot;orientation&quot;:&quot;0&quot;}\" data-image-title=\"20190116b1\" data-image-description=\"\" data-image-caption=\"\" data-large-file=\"https:\/\/www.comuna13online.com.ar\/wp-content\/uploads\/2019\/01\/20190116b1.gif\" class=\"alignnone size-medium wp-image-4002\" src=\"http:\/\/www.comuna13online.com.ar\/wp-content\/uploads\/2019\/01\/20190116b1-678x284.gif\" alt=\"\" width=\"678\" height=\"284\" \/><\/p>\n<p>En diciembre, el \u00cdndice de Precios al Consumidor porte\u00f1o (IPCBA) midi\u00f3 un incremento sensiblemente menor\u00a0 (-0,2%) al registrado por el INDEC (2,6%) y descendi\u00f3 a 2,4%, marcando tambi\u00e9n una leve baja (0,4%) con respecto al mes de noviembre.<\/p>\n<p>Por otro lado se confirm\u00f3 que la inflaci\u00f3n acumulada en 2018 es la m\u00e1s alta desde que la Ciudad de Buenos Aires mide el \u00edndice de precios, que alcanz\u00f3 el 45,5% superando el 41% registrado en 2016 y apenas 2,1 puntos por debajo de la medici\u00f3n del INCEC, que midi\u00f3 47,6%, siendo este el mayor n\u00famero desde 1991 y acumulando casi 160% desde que Mauricio Macri asumi\u00f3 la presidencia.<\/p>\n<p>Si bien en los \u00faltimos dos meses del a\u00f1o se registr\u00f3 una peque\u00f1a desaceleraci\u00f3n en el \u00edndice de precios, dif\u00edcilmente esta tendencia pueda mantenerse debido a los aumentos de los servicios de electricidad, gas y agua corriente sumados a los de colectivos, trenes y subtes que se implementar\u00e1n gradualmente hasta el mes de mayo.<\/p>\n<p><img loading=\"lazy\" decoding=\"async\" data-attachment-id=\"4008\" data-permalink=\"https:\/\/www.comuna13online.com.ar\/?attachment_id=4008\" data-orig-file=\"https:\/\/www.comuna13online.com.ar\/wp-content\/uploads\/2019\/01\/20190116b3.gif\" data-orig-size=\"678,229\" data-comments-opened=\"0\" data-image-meta=\"{&quot;aperture&quot;:&quot;0&quot;,&quot;credit&quot;:&quot;&quot;,&quot;camera&quot;:&quot;&quot;,&quot;caption&quot;:&quot;&quot;,&quot;created_timestamp&quot;:&quot;0&quot;,&quot;copyright&quot;:&quot;&quot;,&quot;focal_length&quot;:&quot;0&quot;,&quot;iso&quot;:&quot;0&quot;,&quot;shutter_speed&quot;:&quot;0&quot;,&quot;title&quot;:&quot;&quot;,&quot;orientation&quot;:&quot;0&quot;}\" data-image-title=\"20190116b3\" data-image-description=\"\" data-image-caption=\"\" data-large-file=\"https:\/\/www.comuna13online.com.ar\/wp-content\/uploads\/2019\/01\/20190116b3.gif\" class=\"alignnone size-medium wp-image-4008\" src=\"http:\/\/www.comuna13online.com.ar\/wp-content\/uploads\/2019\/01\/20190116b3-678x229.gif\" alt=\"\" width=\"678\" height=\"229\" \/><\/p>\n<p>En el informe difundido por el Centro de Estad\u00edsticas de la Ciudad explica que la tasa de variaci\u00f3n mensual del \u00edndice de precios al consumidor de diciembre se vio afectada principalmente a las subas registradas en las divisiones: Salud,<br \/>\nVivienda, agua, electricidad y otros combustibles, Restaurantes y hoteles, Alimentos y bebidas no alcoh\u00f3licas y Transporte, que en conjunto explicaron el 73,5% del alza del Nivel General.<\/p>\n<p>Salud subi\u00f3 un 5,7% debido principalmente al ajustes en las cuotas de medicina prepaga,\u00a0y en menor medida al aumento de los medicamentos. Vivienda, agua, electricidad y otros combustibles\u00a0promedi\u00f3 un incremento de 2,0% y en lo que respecta a Restaurantes y hoteles el incremento fue de 4,1%, gran parte por el inicio de la temporada de turismo.<\/p>\n<p>por \u00faltimo el rubro Alimentos y bebidas no alcoh\u00f3licas aument\u00f3 1,9%, impulsado por las subas en\u00a0Leche, productos l\u00e1cteos y\u00a0huevos, Pan y cereales, Aguas minerales, bebidas gaseosas y jugos y Carnes y derivados. Hubo una ca\u00edda del 5,8% en el precio de\u00a0Verduras, tub\u00e9rculos y legumbres.<\/p>\n<p>El incremento en los Transportes tuvo un promedi\u00f3 de 1,8%,\u00a0por al aumento en la tarifa de taxi y subtes, el incrementos en el precio del\u00a0gas natural comprimido y de los pasajes de \u00f3mnibus\u00a0de larga distancia.<\/p>\n<h3><span style=\"color: #ff9900;\">\u00daltimos 24 meses<\/span><\/h3>\n<div><img loading=\"lazy\" decoding=\"async\" data-attachment-id=\"4003\" data-permalink=\"https:\/\/www.comuna13online.com.ar\/?attachment_id=4003\" data-orig-file=\"https:\/\/www.comuna13online.com.ar\/wp-content\/uploads\/2019\/01\/20190116b2.gif\" data-orig-size=\"678,535\" data-comments-opened=\"0\" data-image-meta=\"{&quot;aperture&quot;:&quot;0&quot;,&quot;credit&quot;:&quot;&quot;,&quot;camera&quot;:&quot;&quot;,&quot;caption&quot;:&quot;&quot;,&quot;created_timestamp&quot;:&quot;0&quot;,&quot;copyright&quot;:&quot;&quot;,&quot;focal_length&quot;:&quot;0&quot;,&quot;iso&quot;:&quot;0&quot;,&quot;shutter_speed&quot;:&quot;0&quot;,&quot;title&quot;:&quot;&quot;,&quot;orientation&quot;:&quot;0&quot;}\" data-image-title=\"20190116b2\" data-image-description=\"\" data-image-caption=\"\" data-large-file=\"https:\/\/www.comuna13online.com.ar\/wp-content\/uploads\/2019\/01\/20190116b2-555x438.gif\" class=\"alignnone wp-image-4003 size-full\" src=\"http:\/\/www.comuna13online.com.ar\/wp-content\/uploads\/2019\/01\/20190116b2.gif\" alt=\"\" width=\"678\" height=\"535\" \/><\/div>\n<h3><span style=\"color: #ff9900;\">Bienes y Servicios<\/span><\/h3>\n<p>El comportamiento de los\u00a0Bienes y Servicios durante diciembre fue algo dispar, mientras los Bienes registraron un incremento de precios de 1,9%, lo que significa una baja de 2 puntos respecto al mes pasado, los Servicios tuvieron una medici\u00f3n de 0,9% puntos porcentuales por encima de noviembre, trepando a 2,8%.<\/p>\n<p>Completado el a\u00f1o 2018, los Servicios\u00a0acumularon una suba de 41,2% y los Bienes de 50,8%, en comparaci\u00f3n con 2017, vemos que los Servicios arrojaron un incremento de 9,8% (31,4% en 2017) y los Bienes de 30,7% (20,1% respectivamente).<\/p>\n<p>Lo que refleja la comparaci\u00f3n de los \u00faltimos dos a\u00f1os en el comportamiento de los Bienes y Servicios es que contrariamente a 2017, en 2018 el aumento de los\u00a0 Bienes fue superior al de los Servicios y eso se debe principalmente a la fuerte depreciaci\u00f3n que sufri\u00f3 nuestra moneda.<\/p>\n<p>El incremento de los Servicios se debe principalmente\u00a0a las cuotas de medicina prepaga, gastos comunes de la vivienda y en la comida consumida fuera del hogar sumado a los aumentos\u00a0relacionados al turismo. En menor medida subieron\u00a0los alquileres, telefon\u00eda m\u00f3vil y en el costo de viaje en taxi y subte.<\/p>\n<p>Por su parte, la variaci\u00f3n de los Bienes respondi\u00f3 principalmente a\u00a0incrementos en los precios\u00a0de\u00a0los alimentos,<br \/>\nmedicamentos y de los autom\u00f3viles.<\/p>\n","protected":false},"excerpt":{"rendered":"<div class=\"mh-excerpt\">El IPC porte\u00f1o registr\u00f3 en diciembre un incremento en los precios del 2,4% y totaliz\u00f3 en 2018 un 45,5%, el m\u00e1s alto desde que se mide este \u00edndice desde 2013. <a class=\"mh-excerpt-more\" href=\"https:\/\/www.comuna13online.com.ar\/?p=4000\" title=\"La inflaci\u00f3n de la Ciudad super\u00f3 el 45% en 2018\">[&#8230;]<\/a><\/div>\n","protected":false},"author":1,"featured_media":4001,"comment_status":"closed","ping_status":"closed","sticky":false,"template":"","format":"standard","meta":{"_uag_custom_page_level_css":"","_jetpack_memberships_contains_paid_content":false,"footnotes":"","jetpack_publicize_message":"","jetpack_publicize_feature_enabled":true,"jetpack_social_post_already_shared":true,"jetpack_social_options":{"image_generator_settings":{"template":"highway","default_image_id":0,"font":"","enabled":false},"version":2}},"categories":[24],"tags":[25],"class_list":{"0":"post-4000","1":"post","2":"type-post","3":"status-publish","4":"format-standard","5":"has-post-thumbnail","7":"category-inflacion","8":"tag-inflacion"},"jetpack_publicize_connections":[],"jetpack_featured_media_url":"https:\/\/www.comuna13online.com.ar\/wp-content\/uploads\/2019\/01\/20190116b.jpg","uagb_featured_image_src":{"full":["https:\/\/www.comuna13online.com.ar\/wp-content\/uploads\/2019\/01\/20190116b.jpg",1030,438,false],"thumbnail":["https:\/\/www.comuna13online.com.ar\/wp-content\/uploads\/2019\/01\/20190116b-150x150.jpg",96,96,true],"medium":["https:\/\/www.comuna13online.com.ar\/wp-content\/uploads\/2019\/01\/20190116b-678x288.jpg",678,288,true],"medium_large":["https:\/\/www.comuna13online.com.ar\/wp-content\/uploads\/2019\/01\/20190116b-768x327.jpg",768,327,true],"large":["https:\/\/www.comuna13online.com.ar\/wp-content\/uploads\/2019\/01\/20190116b.jpg",1030,438,false],"1536x1536":["https:\/\/www.comuna13online.com.ar\/wp-content\/uploads\/2019\/01\/20190116b.jpg",1030,438,false],"2048x2048":["https:\/\/www.comuna13online.com.ar\/wp-content\/uploads\/2019\/01\/20190116b.jpg",1030,438,false],"mh-magazine-slider":["https:\/\/www.comuna13online.com.ar\/wp-content\/uploads\/2019\/01\/20190116b.jpg",1030,438,false],"mh-magazine-content":["https:\/\/www.comuna13online.com.ar\/wp-content\/uploads\/2019\/01\/20190116b-678x381.jpg",678,381,true],"mh-magazine-large":["https:\/\/www.comuna13online.com.ar\/wp-content\/uploads\/2019\/01\/20190116b-678x438.jpg",678,438,true],"mh-magazine-medium":["https:\/\/www.comuna13online.com.ar\/wp-content\/uploads\/2019\/01\/20190116b-326x245.jpg",326,245,true],"mh-magazine-small":["https:\/\/www.comuna13online.com.ar\/wp-content\/uploads\/2019\/01\/20190116b-80x60.jpg",80,60,true],"sow-carousel-default":["https:\/\/www.comuna13online.com.ar\/wp-content\/uploads\/2019\/01\/20190116b-272x182.jpg",272,182,true]},"uagb_author_info":{"display_name":"Comuna13","author_link":"https:\/\/www.comuna13online.com.ar\/?author=1"},"uagb_comment_info":0,"uagb_excerpt":"El IPC porte\u00f1o registr\u00f3 en diciembre un incremento en los precios del 2,4% y totaliz\u00f3 en 2018 un 45,5%, el m\u00e1s alto desde que se mide este \u00edndice desde 2013. [...]","jetpack_sharing_enabled":true,"_links":{"self":[{"href":"https:\/\/www.comuna13online.com.ar\/index.php?rest_route=\/wp\/v2\/posts\/4000","targetHints":{"allow":["GET"]}}],"collection":[{"href":"https:\/\/www.comuna13online.com.ar\/index.php?rest_route=\/wp\/v2\/posts"}],"about":[{"href":"https:\/\/www.comuna13online.com.ar\/index.php?rest_route=\/wp\/v2\/types\/post"}],"author":[{"embeddable":true,"href":"https:\/\/www.comuna13online.com.ar\/index.php?rest_route=\/wp\/v2\/users\/1"}],"replies":[{"embeddable":true,"href":"https:\/\/www.comuna13online.com.ar\/index.php?rest_route=%2Fwp%2Fv2%2Fcomments&post=4000"}],"version-history":[{"count":0,"href":"https:\/\/www.comuna13online.com.ar\/index.php?rest_route=\/wp\/v2\/posts\/4000\/revisions"}],"wp:featuredmedia":[{"embeddable":true,"href":"https:\/\/www.comuna13online.com.ar\/index.php?rest_route=\/wp\/v2\/media\/4001"}],"wp:attachment":[{"href":"https:\/\/www.comuna13online.com.ar\/index.php?rest_route=%2Fwp%2Fv2%2Fmedia&parent=4000"}],"wp:term":[{"taxonomy":"category","embeddable":true,"href":"https:\/\/www.comuna13online.com.ar\/index.php?rest_route=%2Fwp%2Fv2%2Fcategories&post=4000"},{"taxonomy":"post_tag","embeddable":true,"href":"https:\/\/www.comuna13online.com.ar\/index.php?rest_route=%2Fwp%2Fv2%2Ftags&post=4000"}],"curies":[{"name":"wp","href":"https:\/\/api.w.org\/{rel}","templated":true}]}}