{"id":3980,"date":"2019-01-15T06:00:40","date_gmt":"2019-01-15T09:00:40","guid":{"rendered":"http:\/\/www.comuna13online.com.ar\/?p=3980"},"modified":"2019-01-14T13:09:20","modified_gmt":"2019-01-14T16:09:20","slug":"mayor-proteccion-a-victimas-y-testigos-de-delitos","status":"publish","type":"post","link":"https:\/\/www.comuna13online.com.ar\/?p=3980","title":{"rendered":"Mayor protecci\u00f3n a v\u00edctimas y testigos de delitos"},"content":{"rendered":"<p><strong>La nueva Ley que fue sancionada en diciembre pasado contempla la asistencia letrada gratuita y la restituci\u00f3n del patrimonio da\u00f1ado y brinda subsidios para menores afectados por la violencia intrafamiliar.<\/strong><\/p>\n<p>Fue sancionada la ley que establece la protecci\u00f3n de las personas que hubieran sido v\u00edctimas o testigos de delito, de autor\u00eda del diputado <strong>Sergio Abrevaya <\/strong>(GEN) y con tratamiento previo en la Comisi\u00f3n de Justicia, que preside <strong>Daniel Presti <\/strong>(Vamos Juntos).<\/p>\n<p>Los principios rectores que modifican la legislaci\u00f3n actual se basan en <em>\u201cla eficiencia de los medios para la mejor protecci\u00f3n de la persona que hubiera sido v\u00edctima o testigo de delito; la no revictimizaci\u00f3n evitando menoscabar la intimidad de las personas que hubieran sido v\u00edctimas o testigos de delitos; el enfoque diferencial, adecuando las medidas a las condiciones particulares de cada caso; la primordial utilizaci\u00f3n de medios tecnol\u00f3gicos para cumplir con la manda de protecci\u00f3n, extremo que coadyuvar\u00e1 tambi\u00e9n a evitar que las medidas generen mayores afectaciones a la intimidad y a la vida cotidiana de la persona que hubiera sido v\u00edctima o testigo de delito, y la equidad en el uso de los recursos a los fines de propender a la mejor calidad, eficiencia y eficacia en la prestaci\u00f3n del servicio p\u00fablico de seguridad en la Ciudad\u201d,<\/em> como han establecido sus considerandos.<\/p>\n<p>Las v\u00edctimas pueden reclamar celeridad para que se reciban sus denuncias y que se le restituya parte de su patrimonio da\u00f1ado.<\/p>\n<p>Tambi\u00e9n se estableci\u00f3 que no haya revictimizaci\u00f3n, entendiendo que la v\u00edctima de delito no ser\u00e1 tratada como responsable del hecho sufrido y las molestias que le ocasione el proceso penal se limitar\u00e1n a las estrictamente imprescindibles.<\/p>\n<p>Se contempl\u00f3 que ser\u00e1 gratuito que un abogado patrocine a la v\u00edctima <em>\u201ccuando se tratare de un delito contra la vida, la libertad o la integridad sexual, o tuviere por resultado la muerte del ofendido\u201d. <\/em>La ley fue aprobada con 46 votos positivos, 8 negativos de Unidad Ciudadana y 5 abstenciones de bloques de izquierda.<\/p>\n","protected":false},"excerpt":{"rendered":"<div class=\"mh-excerpt\">La nueva Ley que fue sancionada en diciembre pasado contempla la asistencia letrada gratuita y la restituci\u00f3n del patrimonio da\u00f1ado y brinda subsidios para menores afectados por la violencia intrafamiliar. <a class=\"mh-excerpt-more\" href=\"https:\/\/www.comuna13online.com.ar\/?p=3980\" title=\"Mayor protecci\u00f3n a v\u00edctimas y testigos de delitos\">[&#8230;]<\/a><\/div>\n","protected":false},"author":1,"featured_media":3981,"comment_status":"closed","ping_status":"closed","sticky":false,"template":"","format":"standard","meta":{"_uag_custom_page_level_css":"","_jetpack_memberships_contains_paid_content":false,"footnotes":"","jetpack_publicize_message":"","jetpack_publicize_feature_enabled":true,"jetpack_social_post_already_shared":true,"jetpack_social_options":{"image_generator_settings":{"template":"highway","default_image_id":0,"font":"","enabled":false},"version":2}},"categories":[21],"tags":[7],"class_list":{"0":"post-3980","1":"post","2":"type-post","3":"status-publish","4":"format-standard","5":"has-post-thumbnail","7":"category-legislatura","8":"tag-legislatura"},"jetpack_publicize_connections":[],"jetpack_featured_media_url":"https:\/\/www.comuna13online.com.ar\/wp-content\/uploads\/2019\/01\/20190115b.jpg","uagb_featured_image_src":{"full":["https:\/\/www.comuna13online.com.ar\/wp-content\/uploads\/2019\/01\/20190115b.jpg",1030,438,false],"thumbnail":["https:\/\/www.comuna13online.com.ar\/wp-content\/uploads\/2019\/01\/20190115b-150x150.jpg",96,96,true],"medium":["https:\/\/www.comuna13online.com.ar\/wp-content\/uploads\/2019\/01\/20190115b-678x288.jpg",678,288,true],"medium_large":["https:\/\/www.comuna13online.com.ar\/wp-content\/uploads\/2019\/01\/20190115b-768x327.jpg",768,327,true],"large":["https:\/\/www.comuna13online.com.ar\/wp-content\/uploads\/2019\/01\/20190115b.jpg",1030,438,false],"1536x1536":["https:\/\/www.comuna13online.com.ar\/wp-content\/uploads\/2019\/01\/20190115b.jpg",1030,438,false],"2048x2048":["https:\/\/www.comuna13online.com.ar\/wp-content\/uploads\/2019\/01\/20190115b.jpg",1030,438,false],"mh-magazine-slider":["https:\/\/www.comuna13online.com.ar\/wp-content\/uploads\/2019\/01\/20190115b.jpg",1030,438,false],"mh-magazine-content":["https:\/\/www.comuna13online.com.ar\/wp-content\/uploads\/2019\/01\/20190115b-678x381.jpg",678,381,true],"mh-magazine-large":["https:\/\/www.comuna13online.com.ar\/wp-content\/uploads\/2019\/01\/20190115b-678x438.jpg",678,438,true],"mh-magazine-medium":["https:\/\/www.comuna13online.com.ar\/wp-content\/uploads\/2019\/01\/20190115b-326x245.jpg",326,245,true],"mh-magazine-small":["https:\/\/www.comuna13online.com.ar\/wp-content\/uploads\/2019\/01\/20190115b-80x60.jpg",80,60,true],"sow-carousel-default":["https:\/\/www.comuna13online.com.ar\/wp-content\/uploads\/2019\/01\/20190115b-272x182.jpg",272,182,true]},"uagb_author_info":{"display_name":"Comuna13","author_link":"https:\/\/www.comuna13online.com.ar\/?author=1"},"uagb_comment_info":0,"uagb_excerpt":"La nueva Ley que fue sancionada en diciembre pasado contempla la asistencia letrada gratuita y la restituci\u00f3n del patrimonio da\u00f1ado y brinda subsidios para menores afectados por la violencia intrafamiliar. [...]","jetpack_sharing_enabled":true,"_links":{"self":[{"href":"https:\/\/www.comuna13online.com.ar\/index.php?rest_route=\/wp\/v2\/posts\/3980","targetHints":{"allow":["GET"]}}],"collection":[{"href":"https:\/\/www.comuna13online.com.ar\/index.php?rest_route=\/wp\/v2\/posts"}],"about":[{"href":"https:\/\/www.comuna13online.com.ar\/index.php?rest_route=\/wp\/v2\/types\/post"}],"author":[{"embeddable":true,"href":"https:\/\/www.comuna13online.com.ar\/index.php?rest_route=\/wp\/v2\/users\/1"}],"replies":[{"embeddable":true,"href":"https:\/\/www.comuna13online.com.ar\/index.php?rest_route=%2Fwp%2Fv2%2Fcomments&post=3980"}],"version-history":[{"count":0,"href":"https:\/\/www.comuna13online.com.ar\/index.php?rest_route=\/wp\/v2\/posts\/3980\/revisions"}],"wp:featuredmedia":[{"embeddable":true,"href":"https:\/\/www.comuna13online.com.ar\/index.php?rest_route=\/wp\/v2\/media\/3981"}],"wp:attachment":[{"href":"https:\/\/www.comuna13online.com.ar\/index.php?rest_route=%2Fwp%2Fv2%2Fmedia&parent=3980"}],"wp:term":[{"taxonomy":"category","embeddable":true,"href":"https:\/\/www.comuna13online.com.ar\/index.php?rest_route=%2Fwp%2Fv2%2Fcategories&post=3980"},{"taxonomy":"post_tag","embeddable":true,"href":"https:\/\/www.comuna13online.com.ar\/index.php?rest_route=%2Fwp%2Fv2%2Ftags&post=3980"}],"curies":[{"name":"wp","href":"https:\/\/api.w.org\/{rel}","templated":true}]}}