{"id":3965,"date":"2019-01-14T11:36:54","date_gmt":"2019-01-14T14:36:54","guid":{"rendered":"http:\/\/www.comuna13online.com.ar\/?p=3965"},"modified":"2019-01-14T12:29:25","modified_gmt":"2019-01-14T15:29:25","slug":"desde-el-sabado-rigen-los-aumentos-en-colectivos-trenes-y-peajes","status":"publish","type":"post","link":"https:\/\/www.comuna13online.com.ar\/?p=3965","title":{"rendered":"Desde el s\u00e1bado rigen los aumentos en colectivos, trenes y peajes"},"content":{"rendered":"<p><strong>El boleto m\u00ednimo de colectivo pas\u00f3 a costar 15 pesos y el ferrocarril de 5,75 a 10 pesos dependiendo la l\u00ednea, tambi\u00e9n aumentaron los peajes y ma\u00f1ana aumenta el subte.<\/strong><\/p>\n<p>Antes de cerrar el a\u00f1o, el gobierno nacional anunci\u00f3 un aumento gradual en\u00a0en las tarifas de colectivos y trenes\u00a0entre los meses de enero, febrero y marzo que llevar\u00e1n el boleto m\u00ednimo de $ 13 a 18 en marzo en el caso del colectivo y un incremento que var\u00eda seg\u00fan la l\u00ednea en los ferrocarriles.<\/p>\n<h3><strong>Colectivos<\/strong><\/h3>\n<p>La tarifa de colectivos tuvo el pasado s\u00e1bado un aumento de los 2 pesos, y en febrero y marzo aumentar\u00e1 $1 por mes. El Ministro de Transporte de la Naci\u00f3n no descart\u00f3 que pueda haber otros aumentos durante el a\u00f1o, que de haberlos, se har\u00edan luego de las elecciones generales de octubre.<\/p>\n<p>Se\u00a0 mantienen los descuentos del 55% de la Tarifa Social, y del sistema Red SUBE, del 50% para el primer viaje combinado y del 75% hasta los tres siguientes.<\/p>\n<p><img loading=\"lazy\" decoding=\"async\" data-attachment-id=\"3909\" data-permalink=\"https:\/\/www.comuna13online.com.ar\/?attachment_id=3909\" data-orig-file=\"https:\/\/www.comuna13online.com.ar\/wp-content\/uploads\/2018\/12\/20181228a2-1.jpg\" data-orig-size=\"1050,405\" data-comments-opened=\"0\" data-image-meta=\"{&quot;aperture&quot;:&quot;0&quot;,&quot;credit&quot;:&quot;&quot;,&quot;camera&quot;:&quot;&quot;,&quot;caption&quot;:&quot;&quot;,&quot;created_timestamp&quot;:&quot;0&quot;,&quot;copyright&quot;:&quot;&quot;,&quot;focal_length&quot;:&quot;0&quot;,&quot;iso&quot;:&quot;0&quot;,&quot;shutter_speed&quot;:&quot;0&quot;,&quot;title&quot;:&quot;&quot;,&quot;orientation&quot;:&quot;0&quot;}\" data-image-title=\"20181228a2\" data-image-description=\"\" data-image-caption=\"\" data-large-file=\"https:\/\/www.comuna13online.com.ar\/wp-content\/uploads\/2018\/12\/20181228a2-1-1030x397.jpg\" class=\"alignnone wp-image-3909\" src=\"http:\/\/www.comuna13online.com.ar\/wp-content\/uploads\/2018\/12\/20181228a2-1-678x262.jpg\" alt=\"\" width=\"678\" height=\"262\" srcset=\"https:\/\/www.comuna13online.com.ar\/wp-content\/uploads\/2018\/12\/20181228a2-1-678x262.jpg 678w, https:\/\/www.comuna13online.com.ar\/wp-content\/uploads\/2018\/12\/20181228a2-1-768x296.jpg 768w, https:\/\/www.comuna13online.com.ar\/wp-content\/uploads\/2018\/12\/20181228a2-1-1030x397.jpg 1030w, https:\/\/www.comuna13online.com.ar\/wp-content\/uploads\/2018\/12\/20181228a2-1.jpg 1050w\" sizes=\"auto, (max-width: 678px) 100vw, 678px\" \/><\/p>\n<h3><strong>Trenes<\/strong><\/h3>\n<p>En el caso del ferrocarril el incremento de la tarifa es muy variable,\u00a0los trenes Mitre, Sarmiento y San Mart\u00edn aumentaron $1,25 y aumentar\u00e1n $1,25 en febrero y $1 m\u00e1s en marzo. Para las L\u00edneas Roca, Belgrano Sur y Urquiza el incremento fue de $ 0,75\u00a0 y el mismo aumento se le aplicar\u00e1 en febrero y marzo, y el ferrocarril Belgrano Norte cuesta 1 peso m\u00e1s desde el s\u00e1bado y aumentar\u00e1 50 centavos en los pr\u00f3ximos dos meses.<\/p>\n<p><img loading=\"lazy\" decoding=\"async\" data-attachment-id=\"3910\" data-permalink=\"https:\/\/www.comuna13online.com.ar\/?attachment_id=3910\" data-orig-file=\"https:\/\/www.comuna13online.com.ar\/wp-content\/uploads\/2018\/12\/20181228a3.gif\" data-orig-size=\"1056,1116\" data-comments-opened=\"0\" data-image-meta=\"{&quot;aperture&quot;:&quot;0&quot;,&quot;credit&quot;:&quot;&quot;,&quot;camera&quot;:&quot;&quot;,&quot;caption&quot;:&quot;&quot;,&quot;created_timestamp&quot;:&quot;0&quot;,&quot;copyright&quot;:&quot;&quot;,&quot;focal_length&quot;:&quot;0&quot;,&quot;iso&quot;:&quot;0&quot;,&quot;shutter_speed&quot;:&quot;0&quot;,&quot;title&quot;:&quot;&quot;,&quot;orientation&quot;:&quot;0&quot;}\" data-image-title=\"20181228a3\" data-image-description=\"\" data-image-caption=\"\" data-large-file=\"https:\/\/www.comuna13online.com.ar\/wp-content\/uploads\/2018\/12\/20181228a3-414x438.gif\" class=\"alignnone wp-image-3910\" src=\"http:\/\/www.comuna13online.com.ar\/wp-content\/uploads\/2018\/12\/20181228a3.gif\" alt=\"\" width=\"678\" height=\"717\" \/><\/p>\n<h3><strong>Subte<\/strong><\/h3>\n<p>A\u00a0partir de ma\u00f1ana el servicio de subterr\u00e1neo sufrir\u00e1 el segundo incremento de los tres anunciados en octubre de 2018, pas\u00f3 de $ 13,50 a 14,50 en diciembre y ahora costar\u00e1 15,50, y en febrero aumentar\u00e1 $1 m\u00e1s alcanzando el valor del boleto un costo de $16,50.<\/p>\n<p>Desde la empresa estatal Subterr\u00e1neos de Buenos Aires (Sbase) explicaron que\u00a0\u201cesta actualizaci\u00f3n responde a m\u00faltiples factores como la\u00a0variaci\u00f3n de la tarifa t\u00e9cnica -que refleja el costo de la\u00a0explotaci\u00f3n del servicio- y la necesidad de equiparar los valores\u00a0de los diferentes medios de transporte y contribuir con la\u00a0pol\u00edtica de reducci\u00f3n de subsidios\u201d.<\/p>\n<p>Luego, En diciembre, el Ministro Dietrich anunci\u00f3 otro aumento en la tarifa del Subte, que ser\u00e1 de $ 2,50 en abril y otros $ 2 en mayo llevando el pasaje a 21 pesos lo que significa un 180% de aumento en un a\u00f1o.<\/p>\n<p>Este incremento reci\u00e9n podr\u00e1 aplicarse una vez que se lleve a cabo su debate en una audiencia p\u00fablica que el gobierno de la ciudad a\u00fan no defini\u00f3 la fecha.<\/p>\n<h3><strong>Peajes<\/strong><\/h3>\n<p>Tambi\u00e9n aumentaron las autopistas porte\u00f1as en un 35% promedio, para los veh\u00edculos y de casi 60% para las motos, adem\u00e1s, con el argumento de\u00a0desconcentrar el tr\u00e1nsito se implement\u00f3 la hora pico para d\u00edas h\u00e1biles en ambos sentidos de circulaci\u00f3n y los s\u00e1bados, domingos y feriados de 11 a 15 sentido a Provincia y de 17 a 21 sentido al Centro.<\/p>\n<p>Se mantendr\u00e1n las tarifas diferenciales seg\u00fan el horario, con tarifas m\u00e1s baratas fuera de las horas pico, que son de 7 a 11 y de 16 a 20 en d\u00edas h\u00e1biles.<\/p>\n<p><img loading=\"lazy\" decoding=\"async\" data-attachment-id=\"3972\" data-permalink=\"https:\/\/www.comuna13online.com.ar\/?attachment_id=3972\" data-orig-file=\"https:\/\/www.comuna13online.com.ar\/wp-content\/uploads\/2019\/01\/20190114a3.jpg\" data-orig-size=\"750,422\" data-comments-opened=\"0\" data-image-meta=\"{&quot;aperture&quot;:&quot;0&quot;,&quot;credit&quot;:&quot;&quot;,&quot;camera&quot;:&quot;&quot;,&quot;caption&quot;:&quot;&quot;,&quot;created_timestamp&quot;:&quot;0&quot;,&quot;copyright&quot;:&quot;&quot;,&quot;focal_length&quot;:&quot;0&quot;,&quot;iso&quot;:&quot;0&quot;,&quot;shutter_speed&quot;:&quot;0&quot;,&quot;title&quot;:&quot;&quot;,&quot;orientation&quot;:&quot;0&quot;}\" data-image-title=\"20190114a3\" data-image-description=\"\" data-image-caption=\"\" data-large-file=\"https:\/\/www.comuna13online.com.ar\/wp-content\/uploads\/2019\/01\/20190114a3.jpg\" class=\"alignnone size-medium wp-image-3972\" src=\"http:\/\/www.comuna13online.com.ar\/wp-content\/uploads\/2019\/01\/20190114a3-678x381.jpg\" alt=\"\" width=\"678\" height=\"381\" srcset=\"https:\/\/www.comuna13online.com.ar\/wp-content\/uploads\/2019\/01\/20190114a3-678x381.jpg 678w, https:\/\/www.comuna13online.com.ar\/wp-content\/uploads\/2019\/01\/20190114a3.jpg 750w\" sizes=\"auto, (max-width: 678px) 100vw, 678px\" \/> <img loading=\"lazy\" decoding=\"async\" data-attachment-id=\"3973\" data-permalink=\"https:\/\/www.comuna13online.com.ar\/?attachment_id=3973\" data-orig-file=\"https:\/\/www.comuna13online.com.ar\/wp-content\/uploads\/2019\/01\/20190114a4.jpg\" data-orig-size=\"750,419\" data-comments-opened=\"0\" data-image-meta=\"{&quot;aperture&quot;:&quot;0&quot;,&quot;credit&quot;:&quot;&quot;,&quot;camera&quot;:&quot;&quot;,&quot;caption&quot;:&quot;&quot;,&quot;created_timestamp&quot;:&quot;0&quot;,&quot;copyright&quot;:&quot;&quot;,&quot;focal_length&quot;:&quot;0&quot;,&quot;iso&quot;:&quot;0&quot;,&quot;shutter_speed&quot;:&quot;0&quot;,&quot;title&quot;:&quot;&quot;,&quot;orientation&quot;:&quot;0&quot;}\" data-image-title=\"20190114a4\" data-image-description=\"\" data-image-caption=\"\" data-large-file=\"https:\/\/www.comuna13online.com.ar\/wp-content\/uploads\/2019\/01\/20190114a4.jpg\" class=\"alignnone size-medium wp-image-3973\" src=\"http:\/\/www.comuna13online.com.ar\/wp-content\/uploads\/2019\/01\/20190114a4-678x379.jpg\" alt=\"\" width=\"678\" height=\"379\" srcset=\"https:\/\/www.comuna13online.com.ar\/wp-content\/uploads\/2019\/01\/20190114a4-678x379.jpg 678w, https:\/\/www.comuna13online.com.ar\/wp-content\/uploads\/2019\/01\/20190114a4.jpg 750w\" sizes=\"auto, (max-width: 678px) 100vw, 678px\" \/><\/p>\n","protected":false},"excerpt":{"rendered":"<div class=\"mh-excerpt\">El boleto m\u00ednimo de colectivo pas\u00f3 a costar 15 pesos y el ferrocarril de 5,75 a 10 pesos dependiendo la l\u00ednea, tambi\u00e9n aumentaron los peajes y ma\u00f1ana aumenta el subte. <a class=\"mh-excerpt-more\" href=\"https:\/\/www.comuna13online.com.ar\/?p=3965\" title=\"Desde el s\u00e1bado rigen los aumentos en colectivos, trenes y peajes\">[&#8230;]<\/a><\/div>\n","protected":false},"author":1,"featured_media":3967,"comment_status":"closed","ping_status":"closed","sticky":false,"template":"","format":"standard","meta":{"_uag_custom_page_level_css":"","_jetpack_memberships_contains_paid_content":false,"footnotes":"","jetpack_publicize_message":"","jetpack_publicize_feature_enabled":true,"jetpack_social_post_already_shared":true,"jetpack_social_options":{"image_generator_settings":{"template":"highway","default_image_id":0,"font":"","enabled":false},"version":2}},"categories":[13],"tags":[25,56,15],"class_list":{"0":"post-3965","1":"post","2":"type-post","3":"status-publish","4":"format-standard","5":"has-post-thumbnail","7":"category-transporte","8":"tag-inflacion","9":"tag-tarifas","10":"tag-transporte"},"jetpack_publicize_connections":[],"jetpack_featured_media_url":"https:\/\/www.comuna13online.com.ar\/wp-content\/uploads\/2019\/01\/20190114a.jpg","uagb_featured_image_src":{"full":["https:\/\/www.comuna13online.com.ar\/wp-content\/uploads\/2019\/01\/20190114a.jpg",1030,438,false],"thumbnail":["https:\/\/www.comuna13online.com.ar\/wp-content\/uploads\/2019\/01\/20190114a-150x150.jpg",96,96,true],"medium":["https:\/\/www.comuna13online.com.ar\/wp-content\/uploads\/2019\/01\/20190114a-678x288.jpg",678,288,true],"medium_large":["https:\/\/www.comuna13online.com.ar\/wp-content\/uploads\/2019\/01\/20190114a-768x327.jpg",768,327,true],"large":["https:\/\/www.comuna13online.com.ar\/wp-content\/uploads\/2019\/01\/20190114a.jpg",1030,438,false],"1536x1536":["https:\/\/www.comuna13online.com.ar\/wp-content\/uploads\/2019\/01\/20190114a.jpg",1030,438,false],"2048x2048":["https:\/\/www.comuna13online.com.ar\/wp-content\/uploads\/2019\/01\/20190114a.jpg",1030,438,false],"mh-magazine-slider":["https:\/\/www.comuna13online.com.ar\/wp-content\/uploads\/2019\/01\/20190114a.jpg",1030,438,false],"mh-magazine-content":["https:\/\/www.comuna13online.com.ar\/wp-content\/uploads\/2019\/01\/20190114a-678x381.jpg",678,381,true],"mh-magazine-large":["https:\/\/www.comuna13online.com.ar\/wp-content\/uploads\/2019\/01\/20190114a-678x438.jpg",678,438,true],"mh-magazine-medium":["https:\/\/www.comuna13online.com.ar\/wp-content\/uploads\/2019\/01\/20190114a-326x245.jpg",326,245,true],"mh-magazine-small":["https:\/\/www.comuna13online.com.ar\/wp-content\/uploads\/2019\/01\/20190114a-80x60.jpg",80,60,true],"sow-carousel-default":["https:\/\/www.comuna13online.com.ar\/wp-content\/uploads\/2019\/01\/20190114a-272x182.jpg",272,182,true]},"uagb_author_info":{"display_name":"Comuna13","author_link":"https:\/\/www.comuna13online.com.ar\/?author=1"},"uagb_comment_info":0,"uagb_excerpt":"El boleto m\u00ednimo de colectivo pas\u00f3 a costar 15 pesos y el ferrocarril de 5,75 a 10 pesos dependiendo la l\u00ednea, tambi\u00e9n aumentaron los peajes y ma\u00f1ana aumenta el subte. [...]","jetpack_sharing_enabled":true,"_links":{"self":[{"href":"https:\/\/www.comuna13online.com.ar\/index.php?rest_route=\/wp\/v2\/posts\/3965","targetHints":{"allow":["GET"]}}],"collection":[{"href":"https:\/\/www.comuna13online.com.ar\/index.php?rest_route=\/wp\/v2\/posts"}],"about":[{"href":"https:\/\/www.comuna13online.com.ar\/index.php?rest_route=\/wp\/v2\/types\/post"}],"author":[{"embeddable":true,"href":"https:\/\/www.comuna13online.com.ar\/index.php?rest_route=\/wp\/v2\/users\/1"}],"replies":[{"embeddable":true,"href":"https:\/\/www.comuna13online.com.ar\/index.php?rest_route=%2Fwp%2Fv2%2Fcomments&post=3965"}],"version-history":[{"count":0,"href":"https:\/\/www.comuna13online.com.ar\/index.php?rest_route=\/wp\/v2\/posts\/3965\/revisions"}],"wp:featuredmedia":[{"embeddable":true,"href":"https:\/\/www.comuna13online.com.ar\/index.php?rest_route=\/wp\/v2\/media\/3967"}],"wp:attachment":[{"href":"https:\/\/www.comuna13online.com.ar\/index.php?rest_route=%2Fwp%2Fv2%2Fmedia&parent=3965"}],"wp:term":[{"taxonomy":"category","embeddable":true,"href":"https:\/\/www.comuna13online.com.ar\/index.php?rest_route=%2Fwp%2Fv2%2Fcategories&post=3965"},{"taxonomy":"post_tag","embeddable":true,"href":"https:\/\/www.comuna13online.com.ar\/index.php?rest_route=%2Fwp%2Fv2%2Ftags&post=3965"}],"curies":[{"name":"wp","href":"https:\/\/api.w.org\/{rel}","templated":true}]}}