{"id":3823,"date":"2018-12-19T08:00:09","date_gmt":"2018-12-19T11:00:09","guid":{"rendered":"http:\/\/www.comuna13online.com.ar\/?p=3823"},"modified":"2018-12-19T11:48:02","modified_gmt":"2018-12-19T14:48:02","slug":"matador-gratis-en-el-museo-larrreta","status":"publish","type":"post","link":"https:\/\/www.comuna13online.com.ar\/?p=3823","title":{"rendered":"Matador, gratis en el Museo Larrreta"},"content":{"rendered":"<p><strong>En el marco de la exposici\u00f3n Goya+Picasso+Dal\u00ed, Arte y Tauromaquia se proyectar\u00e1 la pel\u00edcula \u00abMatador\u00bb de Pedro Almod\u00f3var en la biblioteca del museo. Para mayores de 16 a\u00f1os.<\/strong><\/p>\n<p><img loading=\"lazy\" decoding=\"async\" data-attachment-id=\"3826\" data-permalink=\"https:\/\/www.comuna13online.com.ar\/?attachment_id=3826\" data-orig-file=\"https:\/\/www.comuna13online.com.ar\/wp-content\/uploads\/2018\/12\/20181219b1.jpg\" data-orig-size=\"678,280\" data-comments-opened=\"0\" data-image-meta=\"{&quot;aperture&quot;:&quot;0&quot;,&quot;credit&quot;:&quot;&quot;,&quot;camera&quot;:&quot;&quot;,&quot;caption&quot;:&quot;&quot;,&quot;created_timestamp&quot;:&quot;0&quot;,&quot;copyright&quot;:&quot;&quot;,&quot;focal_length&quot;:&quot;0&quot;,&quot;iso&quot;:&quot;0&quot;,&quot;shutter_speed&quot;:&quot;0&quot;,&quot;title&quot;:&quot;&quot;,&quot;orientation&quot;:&quot;0&quot;}\" data-image-title=\"20181219b1\" data-image-description=\"\" data-image-caption=\"\" data-large-file=\"https:\/\/www.comuna13online.com.ar\/wp-content\/uploads\/2018\/12\/20181219b1.jpg\" class=\"alignnone size-medium wp-image-3826\" src=\"http:\/\/www.comuna13online.com.ar\/wp-content\/uploads\/2018\/12\/20181219b1-678x280.jpg\" alt=\"\" width=\"678\" height=\"280\" \/><\/p>\n<p>El Museo Larreta contin\u00faa con las actividades relacionadas con la muestra\u00a0\u00a0Goya, Picasso y Dal\u00ed, \u00abArte y Tauromaquia\u00bb, sin lugar a dudas la exposici\u00f3n m\u00e1s importante que se present\u00f3 este a\u00f1o. En esta ocasi\u00f3n se proyectar\u00e1 la pel\u00edcula \u00abMatador\u00bb de Pedro Almod\u00f3var.<\/p>\n<p>La cita es el jueves 20 de diciembre a las 16 horas, la entrada es gratuita y la pel\u00edcula es apta para mayores de 16 a\u00f1os, contar\u00e1 con la presentaci\u00f3n del reconocido cr\u00edtico de cine Gabriel Fresta.\u00a0Cupo limitado, por orden de llegada.<\/p>\n<p>\u00abMatador\u00bb\u00a0 cuenta la historia de\u00a0Diego Montes, un\u00a0torero\u00a0retirado por una cornada prematura, que cambi\u00f3 los toros por las mujeres. Despu\u00e9s de compartir los placeres del amor junto a ellas, matarlas es su \u00fanica forma de revivir la intensa emoci\u00f3n de las faenas, las tardes de sol y las estocadas.<\/p>\n<p>Mar\u00eda Cardenal es una abogada criminalista que admira secretamente el arte del matador. En el momento culminante del amor ella mata a sus compa\u00f1eros, rememorando con sus cr\u00edmenes el m\u00edtico ritual de la tauromaquia.<\/p>\n<p>Ambos, c\u00f3mplices solitarios sumergidos en un mundo opuesto a sus naturalezas, habr\u00e1n de encontrarse, y nadie, ni ellos mismos, podr\u00e1 evitar lo inevitable. (duraci\u00f3n 102 min.)<\/p>\n<p><span style=\"color: #ff0000;\"><strong>Matador <\/strong><span style=\"color: #000000;\">(1986)<\/span><strong><br \/>\n<\/strong><span style=\"color: #000000;\">Drama &#8211; Supenso &#8211; Thriller psicol\u00f3gico<\/span><strong><br \/>\n<\/strong><\/span><\/p>\n<p><strong>Direcci\u00f3n<\/strong>: Pedro Almod\u00f3var<\/p>\n<p><strong>Reparto<\/strong>: Nacho Mart\u00ednez, Assumpta Serna,\u00a0Antonio Banderas, Eva Cobo,\u00a0Eusebio Poncela, Carmen Maura,\u00a0Chus Lampreave,\u00a0Julieta Serrano,\u00a0Luis Ciges,\u00a0Pedro Almod\u00f3var,Ver\u00f3nica Forqu\u00e9,\u00a0Bibiana Fern\u00e1ndez,\u00a0Eva Siva<\/p>\n<p>Pel\u00edcula no apta para menores de 16 a\u00f1os.<\/p>\n<p><iframe loading=\"lazy\" src=\"https:\/\/www.youtube.com\/embed\/COs428sa3dI\" width=\"678\" height=\"381\" frameborder=\"0\" allowfullscreen=\"allowfullscreen\"><\/iframe><\/p>\n<p><img loading=\"lazy\" decoding=\"async\" data-attachment-id=\"99\" data-permalink=\"https:\/\/www.comuna13online.com.ar\/?attachment_id=99\" data-orig-file=\"https:\/\/www.comuna13online.com.ar\/wp-content\/uploads\/2017\/12\/line.jpg\" data-orig-size=\"678,1\" data-comments-opened=\"0\" data-image-meta=\"{&quot;aperture&quot;:&quot;0&quot;,&quot;credit&quot;:&quot;&quot;,&quot;camera&quot;:&quot;&quot;,&quot;caption&quot;:&quot;&quot;,&quot;created_timestamp&quot;:&quot;0&quot;,&quot;copyright&quot;:&quot;&quot;,&quot;focal_length&quot;:&quot;0&quot;,&quot;iso&quot;:&quot;0&quot;,&quot;shutter_speed&quot;:&quot;0&quot;,&quot;title&quot;:&quot;&quot;,&quot;orientation&quot;:&quot;0&quot;}\" data-image-title=\"line\" data-image-description=\"\" data-image-caption=\"\" data-large-file=\"https:\/\/www.comuna13online.com.ar\/wp-content\/uploads\/2017\/12\/line.jpg\" class=\"alignnone size-medium wp-image-99\" src=\"http:\/\/www.comuna13online.com.ar\/wp-content\/uploads\/2017\/12\/line-678x1.jpg\" alt=\"\" width=\"678\" height=\"1\" srcset=\"https:\/\/www.comuna13online.com.ar\/wp-content\/uploads\/2017\/12\/line.jpg 678w, https:\/\/www.comuna13online.com.ar\/wp-content\/uploads\/2017\/12\/line-150x1.jpg 150w, https:\/\/www.comuna13online.com.ar\/wp-content\/uploads\/2017\/12\/line-326x1.jpg 326w, https:\/\/www.comuna13online.com.ar\/wp-content\/uploads\/2017\/12\/line-80x1.jpg 80w, https:\/\/www.comuna13online.com.ar\/wp-content\/uploads\/2017\/12\/line-272x1.jpg 272w\" sizes=\"auto, (max-width: 678px) 100vw, 678px\" \/><\/p>\n<p><strong>Museo de Arte Espa\u00f1ol Enrique Larreta<br \/>\n<\/strong>Juramento 2291 &#8211; Belgrano<br \/>\ningreso por\u00a0Vuelta de Obligado\u00a02155<br \/>\nComuna 13<\/p>\n<p><iframe loading=\"lazy\" style=\"border: 0;\" src=\"https:\/\/www.google.com\/maps\/embed?pb=!1m18!1m12!1m3!1d3285.692963597937!2d-58.4578286850968!3d-34.56132856276278!2m3!1f0!2f0!3f0!3m2!1i1024!2i768!4f13.1!3m3!1m2!1s0x95bcb5d3a0a211b3%3A0xedd3483149685e17!2sMuseo+de+Arte+Espa%C3%B1ol+Enrique+Larreta!5e0!3m2!1ses!2sar!4v1515582783930\" width=\"350\" height=\"250\" frameborder=\"0\" allowfullscreen=\"allowfullscreen\"><span data-mce-type=\"bookmark\" style=\"display: inline-block; width: 0px; overflow: hidden; line-height: 0;\" class=\"mce_SELRES_start\">\ufeff<\/span><span data-mce-type=\"bookmark\" style=\"display: inline-block; width: 0px; overflow: hidden; line-height: 0;\" class=\"mce_SELRES_start\">\ufeff<\/span><\/iframe><\/p>\n<p><strong>Transportes Cercanos:<\/strong><br \/>\nColectivos:\u00a015, 29, 41, 42, 44, 57, 59, 60, 63, 65, 67, 68, 80, 107, 113, 114, 133, 152, 161, 168, 184 y 194.<br \/>\nSubte: Estaci\u00f3n Juramento de la L\u00ednea D<\/p>\n","protected":false},"excerpt":{"rendered":"<div class=\"mh-excerpt\">En el marco de la exposici\u00f3n Goya+Picasso+Dal\u00ed, Arte y Tauromaquia se proyectar\u00e1 la pel\u00edcula \u00abMatador\u00bb de Pedro Almod\u00f3var en la biblioteca del museo. Para mayores de 16 a\u00f1os. El Museo <a class=\"mh-excerpt-more\" href=\"https:\/\/www.comuna13online.com.ar\/?p=3823\" title=\"Matador, gratis en el Museo Larrreta\">[&#8230;]<\/a><\/div>\n","protected":false},"author":1,"featured_media":3825,"comment_status":"closed","ping_status":"closed","sticky":false,"template":"","format":"standard","meta":{"_uag_custom_page_level_css":"","_jetpack_memberships_contains_paid_content":false,"footnotes":"","jetpack_publicize_message":"","jetpack_publicize_feature_enabled":true,"jetpack_social_post_already_shared":true,"jetpack_social_options":{"image_generator_settings":{"template":"highway","default_image_id":0,"font":"","enabled":false},"version":2}},"categories":[228],"tags":[143,19,77],"class_list":{"0":"post-3823","1":"post","2":"type-post","3":"status-publish","4":"format-standard","5":"has-post-thumbnail","7":"category-cine-espactaculos","8":"tag-cine","9":"tag-comuna-13","10":"tag-museo-larreta"},"jetpack_publicize_connections":[],"jetpack_featured_media_url":"https:\/\/www.comuna13online.com.ar\/wp-content\/uploads\/2018\/12\/20181219b.jpg","uagb_featured_image_src":{"full":["https:\/\/www.comuna13online.com.ar\/wp-content\/uploads\/2018\/12\/20181219b.jpg",1030,438,false],"thumbnail":["https:\/\/www.comuna13online.com.ar\/wp-content\/uploads\/2018\/12\/20181219b-150x150.jpg",96,96,true],"medium":["https:\/\/www.comuna13online.com.ar\/wp-content\/uploads\/2018\/12\/20181219b-678x288.jpg",678,288,true],"medium_large":["https:\/\/www.comuna13online.com.ar\/wp-content\/uploads\/2018\/12\/20181219b-768x327.jpg",768,327,true],"large":["https:\/\/www.comuna13online.com.ar\/wp-content\/uploads\/2018\/12\/20181219b.jpg",1030,438,false],"1536x1536":["https:\/\/www.comuna13online.com.ar\/wp-content\/uploads\/2018\/12\/20181219b.jpg",1030,438,false],"2048x2048":["https:\/\/www.comuna13online.com.ar\/wp-content\/uploads\/2018\/12\/20181219b.jpg",1030,438,false],"mh-magazine-slider":["https:\/\/www.comuna13online.com.ar\/wp-content\/uploads\/2018\/12\/20181219b.jpg",1030,438,false],"mh-magazine-content":["https:\/\/www.comuna13online.com.ar\/wp-content\/uploads\/2018\/12\/20181219b-678x381.jpg",678,381,true],"mh-magazine-large":["https:\/\/www.comuna13online.com.ar\/wp-content\/uploads\/2018\/12\/20181219b-678x438.jpg",678,438,true],"mh-magazine-medium":["https:\/\/www.comuna13online.com.ar\/wp-content\/uploads\/2018\/12\/20181219b-326x245.jpg",326,245,true],"mh-magazine-small":["https:\/\/www.comuna13online.com.ar\/wp-content\/uploads\/2018\/12\/20181219b-80x60.jpg",80,60,true],"sow-carousel-default":["https:\/\/www.comuna13online.com.ar\/wp-content\/uploads\/2018\/12\/20181219b-272x182.jpg",272,182,true]},"uagb_author_info":{"display_name":"Comuna13","author_link":"https:\/\/www.comuna13online.com.ar\/?author=1"},"uagb_comment_info":0,"uagb_excerpt":"En el marco de la exposici\u00f3n Goya+Picasso+Dal\u00ed, Arte y Tauromaquia se proyectar\u00e1 la pel\u00edcula \u00abMatador\u00bb de Pedro Almod\u00f3var en la biblioteca del museo. Para mayores de 16 a\u00f1os. El Museo [...]","jetpack_sharing_enabled":true,"_links":{"self":[{"href":"https:\/\/www.comuna13online.com.ar\/index.php?rest_route=\/wp\/v2\/posts\/3823","targetHints":{"allow":["GET"]}}],"collection":[{"href":"https:\/\/www.comuna13online.com.ar\/index.php?rest_route=\/wp\/v2\/posts"}],"about":[{"href":"https:\/\/www.comuna13online.com.ar\/index.php?rest_route=\/wp\/v2\/types\/post"}],"author":[{"embeddable":true,"href":"https:\/\/www.comuna13online.com.ar\/index.php?rest_route=\/wp\/v2\/users\/1"}],"replies":[{"embeddable":true,"href":"https:\/\/www.comuna13online.com.ar\/index.php?rest_route=%2Fwp%2Fv2%2Fcomments&post=3823"}],"version-history":[{"count":0,"href":"https:\/\/www.comuna13online.com.ar\/index.php?rest_route=\/wp\/v2\/posts\/3823\/revisions"}],"wp:featuredmedia":[{"embeddable":true,"href":"https:\/\/www.comuna13online.com.ar\/index.php?rest_route=\/wp\/v2\/media\/3825"}],"wp:attachment":[{"href":"https:\/\/www.comuna13online.com.ar\/index.php?rest_route=%2Fwp%2Fv2%2Fmedia&parent=3823"}],"wp:term":[{"taxonomy":"category","embeddable":true,"href":"https:\/\/www.comuna13online.com.ar\/index.php?rest_route=%2Fwp%2Fv2%2Fcategories&post=3823"},{"taxonomy":"post_tag","embeddable":true,"href":"https:\/\/www.comuna13online.com.ar\/index.php?rest_route=%2Fwp%2Fv2%2Ftags&post=3823"}],"curies":[{"name":"wp","href":"https:\/\/api.w.org\/{rel}","templated":true}]}}