{"id":3805,"date":"2018-12-18T14:38:09","date_gmt":"2018-12-18T17:38:09","guid":{"rendered":"http:\/\/www.comuna13online.com.ar\/?p=3805"},"modified":"2018-12-18T14:38:09","modified_gmt":"2018-12-18T17:38:09","slug":"el-actor-y-cantante-diego-topa-fue-distinguido-como-personalidad-destacada","status":"publish","type":"post","link":"https:\/\/www.comuna13online.com.ar\/?p=3805","title":{"rendered":"El actor y cantante Diego Topa, fue distinguido como \u201cPersonalidad Destacada\u201d"},"content":{"rendered":"<p><strong>El reconocido actor conocido popularmente por sus programas y shows infantiles fue galardonado por la Legislatura como \u00abPersonalidad Destacada\u00bb en el \u00e1mbito de la Cultura de la Ciudad de Buenos Aires.<\/strong><\/p>\n<p><img loading=\"lazy\" decoding=\"async\" data-attachment-id=\"3807\" data-permalink=\"https:\/\/www.comuna13online.com.ar\/?attachment_id=3807\" data-orig-file=\"https:\/\/www.comuna13online.com.ar\/wp-content\/uploads\/2018\/12\/20181218b1.jpg\" data-orig-size=\"678,452\" data-comments-opened=\"0\" data-image-meta=\"{&quot;aperture&quot;:&quot;0&quot;,&quot;credit&quot;:&quot;&quot;,&quot;camera&quot;:&quot;&quot;,&quot;caption&quot;:&quot;&quot;,&quot;created_timestamp&quot;:&quot;0&quot;,&quot;copyright&quot;:&quot;&quot;,&quot;focal_length&quot;:&quot;0&quot;,&quot;iso&quot;:&quot;0&quot;,&quot;shutter_speed&quot;:&quot;0&quot;,&quot;title&quot;:&quot;&quot;,&quot;orientation&quot;:&quot;0&quot;}\" data-image-title=\"20181218b1\" data-image-description=\"\" data-image-caption=\"\" data-large-file=\"https:\/\/www.comuna13online.com.ar\/wp-content\/uploads\/2018\/12\/20181218b1-657x438.jpg\" class=\"alignnone size-full wp-image-3807\" src=\"http:\/\/www.comuna13online.com.ar\/wp-content\/uploads\/2018\/12\/20181218b1.jpg\" alt=\"\" width=\"678\" height=\"452\" srcset=\"https:\/\/www.comuna13online.com.ar\/wp-content\/uploads\/2018\/12\/20181218b1.jpg 678w, https:\/\/www.comuna13online.com.ar\/wp-content\/uploads\/2018\/12\/20181218b1-657x438.jpg 657w, https:\/\/www.comuna13online.com.ar\/wp-content\/uploads\/2018\/12\/20181218b1-272x182.jpg 272w\" sizes=\"auto, (max-width: 678px) 100vw, 678px\" \/><\/p>\n<p><strong>Diego Topa<\/strong> es <strong>\u201cPersonalidad Destacada de la Ciudad de Buenos Aires\u201d.<\/strong> El diputado <strong>Leandro Santoro <\/strong>(Unidad Ciudadana), autor de la iniciativa, cont\u00f3 en el Sal\u00f3n Dorado de la Legislatura porte\u00f1a que <em>\u201cen general, en estos lugares, solemos homenajeara personas muy solemnes. Pero cuando con otros diputados decidimos reconocer a <strong>Diego Topa<\/strong>, buscamos generar empat\u00eda con todos los ni\u00f1os\u201d.<\/em><\/p>\n<p><strong>Santoro<\/strong> explic\u00f3 que los chicos se identifican con su m\u00fasica y sus personajes y <em>\u201chacer felices a nuestros ni\u00f1os y ni\u00f1as, es el trabajo m\u00e1s lindo del mundo\u201d<\/em>, por lo que los peque\u00f1os porte\u00f1os, as\u00ed como sus padres, madres, abuelos y t\u00edos se sienten agradecidos con \u00e9l.<\/p>\n<p><strong>Diego Topa<\/strong>, luego de recibir la distinci\u00f3n, \u00a0primero <em>dijo \u201cgracias por elegirme todos los d\u00edas, para escuchar las canciones, verme en la tele\u201d<\/em> y expres\u00f3 que hoy <em>\u201cvuelvo a tener la misma emoci\u00f3n de la primera vez que pis\u00e9 el escenario y ten\u00eda muchos sue\u00f1os\u201d.<\/em> El actor agradeci\u00f3 a su familia por siempre haberlo apoyado y a <em>\u201cesta Ciudad, que me abri\u00f3 las puertas para cantar y bailar\u201d<\/em>. Para finalizar, dedic\u00f3 tres canciones <em>por \u201cel amor que sentimos por lo m\u00e1s chiquitos\u201d.<\/em><\/p>\n<p>Durante el acto colmado de ni\u00f1os que cantaron las canciones de la flamante personalidad destacada, estuvieron presentes los diputados <strong>Diego Mar\u00edas y Claudio Romero <\/strong>(Vamos Juntos).<\/p>\n<p><img loading=\"lazy\" decoding=\"async\" data-attachment-id=\"3808\" data-permalink=\"https:\/\/www.comuna13online.com.ar\/?attachment_id=3808\" data-orig-file=\"https:\/\/www.comuna13online.com.ar\/wp-content\/uploads\/2018\/12\/20181218b2.jpg\" data-orig-size=\"678,479\" data-comments-opened=\"0\" data-image-meta=\"{&quot;aperture&quot;:&quot;0&quot;,&quot;credit&quot;:&quot;&quot;,&quot;camera&quot;:&quot;&quot;,&quot;caption&quot;:&quot;&quot;,&quot;created_timestamp&quot;:&quot;0&quot;,&quot;copyright&quot;:&quot;&quot;,&quot;focal_length&quot;:&quot;0&quot;,&quot;iso&quot;:&quot;0&quot;,&quot;shutter_speed&quot;:&quot;0&quot;,&quot;title&quot;:&quot;&quot;,&quot;orientation&quot;:&quot;0&quot;}\" data-image-title=\"20181218b2\" data-image-description=\"\" data-image-caption=\"\" data-large-file=\"https:\/\/www.comuna13online.com.ar\/wp-content\/uploads\/2018\/12\/20181218b2-620x438.jpg\" class=\"alignnone size-medium wp-image-3808\" src=\"http:\/\/www.comuna13online.com.ar\/wp-content\/uploads\/2018\/12\/20181218b2-640x452.jpg\" alt=\"\" width=\"640\" height=\"452\" srcset=\"https:\/\/www.comuna13online.com.ar\/wp-content\/uploads\/2018\/12\/20181218b2-640x452.jpg 640w, https:\/\/www.comuna13online.com.ar\/wp-content\/uploads\/2018\/12\/20181218b2-620x438.jpg 620w, https:\/\/www.comuna13online.com.ar\/wp-content\/uploads\/2018\/12\/20181218b2.jpg 678w\" sizes=\"auto, (max-width: 640px) 100vw, 640px\" \/><\/p>\n<p><strong>Realizaciones de Diego Topa<\/strong><\/p>\n<p>Televisi\u00f3n. 1996: Monta\u00f1a rusa otra vuelta; 1997: Socios y m\u00e1s; 1999; La Argentina de Tato; 2001-2002: Zapping Zone; 2001: Disney Planet; 2001: Pon\u00e9 a Francella; 2002: Los simuladores; 2003: Zona Virtual; 2004: Sangre fr\u00eda; 2004-2010: Playhouse Disney; 2005: Casados con hijos; 2005: Amor m\u00edo; 2011-2012: La casa de Disney Junior; 2013-presente: Junior Express; 2014: Gracias por venir, gracias por estar<\/p>\n<p>Cine. 1996: El dedo en la llaga; 1997; Bajo bandera; 1998: Fuga de cerebros; 1999: Historias de fugas; 2000: Rockabilly; 2001: No muertos; 2001: Causa efecto; 2002: Kiebre; 2003: El fondo del mar; 2004: Erreway: 4 caminos; 2004: Roma; 2005: El arca; 2011: Hermanitos del Fin del Mundo<\/p>\n<p>Teatro. 1992-1993: El tesoro del Pirata Pucho; 1993: Lo que dar\u00edas; 1994: Cosa de chicos; 1995: Un \u00e1ngel llamado Estrella; 1996: Mundo amoroso; 1997: Pap\u00e1 querido; 1998: De provincia a capital; 1999: Impredecibles; 2000; Ricos vs pobres; 2003: Desarmables; 2004: Pulgarcito; 2005: El p\u00e1jaro azul; 2006-2010: El show de Topa; 2011-2012: La casa de Disney Junior; 2013: Junior Express; 2014: Junior Express, \u00bfa qu\u00e9 estaci\u00f3n vamos?; 2015: Junior Express, un nuevo viaje; 2015: Junior Express, as\u00ed es la m\u00fasica; 2016: El gran concierto<\/p>\n<p>Discograf\u00eda. 2005; Topate con Topa; 2007: El show de Topa; 2010: Lo mejor de playhouse Disney; 2010: La casa de playhause Disney cantando con Topa y Muni; 2011: Hermanitos del fin del mundo; 2013: Me muevo por aqu\u00ed; 2014: Junior Express; 2015: Junior Express, un nuevo viaje; 2016: Junior Express, lo que llevas en tu coraz\u00f3n.<\/p>\n","protected":false},"excerpt":{"rendered":"<div class=\"mh-excerpt\">El reconocido actor conocido popularmente por sus programas y shows infantiles fue galardonado por la Legislatura como \u00abPersonalidad Destacada\u00bb en el \u00e1mbito de la Cultura de la Ciudad de Buenos <a class=\"mh-excerpt-more\" href=\"https:\/\/www.comuna13online.com.ar\/?p=3805\" title=\"El actor y cantante Diego Topa, fue distinguido como \u201cPersonalidad Destacada\u201d\">[&#8230;]<\/a><\/div>\n","protected":false},"author":1,"featured_media":3806,"comment_status":"closed","ping_status":"closed","sticky":false,"template":"","format":"standard","meta":{"_uag_custom_page_level_css":"","_jetpack_memberships_contains_paid_content":false,"footnotes":"","jetpack_publicize_message":"","jetpack_publicize_feature_enabled":true,"jetpack_social_post_already_shared":true,"jetpack_social_options":{"image_generator_settings":{"template":"highway","default_image_id":0,"font":"","enabled":false},"version":2}},"categories":[195],"tags":[7,147,146],"class_list":{"0":"post-3805","1":"post","2":"type-post","3":"status-publish","4":"format-standard","5":"has-post-thumbnail","7":"category-distincion","8":"tag-legislatura","9":"tag-personalidad-destacada","10":"tag-reconocimiento"},"jetpack_publicize_connections":[],"jetpack_featured_media_url":"https:\/\/www.comuna13online.com.ar\/wp-content\/uploads\/2018\/12\/20181218b.jpg","uagb_featured_image_src":{"full":["https:\/\/www.comuna13online.com.ar\/wp-content\/uploads\/2018\/12\/20181218b.jpg",1030,438,false],"thumbnail":["https:\/\/www.comuna13online.com.ar\/wp-content\/uploads\/2018\/12\/20181218b-150x150.jpg",96,96,true],"medium":["https:\/\/www.comuna13online.com.ar\/wp-content\/uploads\/2018\/12\/20181218b-678x288.jpg",678,288,true],"medium_large":["https:\/\/www.comuna13online.com.ar\/wp-content\/uploads\/2018\/12\/20181218b-768x327.jpg",768,327,true],"large":["https:\/\/www.comuna13online.com.ar\/wp-content\/uploads\/2018\/12\/20181218b.jpg",1030,438,false],"1536x1536":["https:\/\/www.comuna13online.com.ar\/wp-content\/uploads\/2018\/12\/20181218b.jpg",1030,438,false],"2048x2048":["https:\/\/www.comuna13online.com.ar\/wp-content\/uploads\/2018\/12\/20181218b.jpg",1030,438,false],"mh-magazine-slider":["https:\/\/www.comuna13online.com.ar\/wp-content\/uploads\/2018\/12\/20181218b.jpg",1030,438,false],"mh-magazine-content":["https:\/\/www.comuna13online.com.ar\/wp-content\/uploads\/2018\/12\/20181218b-678x381.jpg",678,381,true],"mh-magazine-large":["https:\/\/www.comuna13online.com.ar\/wp-content\/uploads\/2018\/12\/20181218b-678x438.jpg",678,438,true],"mh-magazine-medium":["https:\/\/www.comuna13online.com.ar\/wp-content\/uploads\/2018\/12\/20181218b-326x245.jpg",326,245,true],"mh-magazine-small":["https:\/\/www.comuna13online.com.ar\/wp-content\/uploads\/2018\/12\/20181218b-80x60.jpg",80,60,true],"sow-carousel-default":["https:\/\/www.comuna13online.com.ar\/wp-content\/uploads\/2018\/12\/20181218b-272x182.jpg",272,182,true]},"uagb_author_info":{"display_name":"Comuna13","author_link":"https:\/\/www.comuna13online.com.ar\/?author=1"},"uagb_comment_info":0,"uagb_excerpt":"El reconocido actor conocido popularmente por sus programas y shows infantiles fue galardonado por la Legislatura como \u00abPersonalidad Destacada\u00bb en el \u00e1mbito de la Cultura de la Ciudad de Buenos [...]","jetpack_sharing_enabled":true,"_links":{"self":[{"href":"https:\/\/www.comuna13online.com.ar\/index.php?rest_route=\/wp\/v2\/posts\/3805","targetHints":{"allow":["GET"]}}],"collection":[{"href":"https:\/\/www.comuna13online.com.ar\/index.php?rest_route=\/wp\/v2\/posts"}],"about":[{"href":"https:\/\/www.comuna13online.com.ar\/index.php?rest_route=\/wp\/v2\/types\/post"}],"author":[{"embeddable":true,"href":"https:\/\/www.comuna13online.com.ar\/index.php?rest_route=\/wp\/v2\/users\/1"}],"replies":[{"embeddable":true,"href":"https:\/\/www.comuna13online.com.ar\/index.php?rest_route=%2Fwp%2Fv2%2Fcomments&post=3805"}],"version-history":[{"count":0,"href":"https:\/\/www.comuna13online.com.ar\/index.php?rest_route=\/wp\/v2\/posts\/3805\/revisions"}],"wp:featuredmedia":[{"embeddable":true,"href":"https:\/\/www.comuna13online.com.ar\/index.php?rest_route=\/wp\/v2\/media\/3806"}],"wp:attachment":[{"href":"https:\/\/www.comuna13online.com.ar\/index.php?rest_route=%2Fwp%2Fv2%2Fmedia&parent=3805"}],"wp:term":[{"taxonomy":"category","embeddable":true,"href":"https:\/\/www.comuna13online.com.ar\/index.php?rest_route=%2Fwp%2Fv2%2Fcategories&post=3805"},{"taxonomy":"post_tag","embeddable":true,"href":"https:\/\/www.comuna13online.com.ar\/index.php?rest_route=%2Fwp%2Fv2%2Ftags&post=3805"}],"curies":[{"name":"wp","href":"https:\/\/api.w.org\/{rel}","templated":true}]}}