{"id":3746,"date":"2018-12-13T13:41:33","date_gmt":"2018-12-13T16:41:33","guid":{"rendered":"http:\/\/www.comuna13online.com.ar\/?p=3746"},"modified":"2018-12-13T13:41:33","modified_gmt":"2018-12-13T16:41:33","slug":"la-comuna-13-se-ubica-al-tope-de-las-zonas-para-vivir","status":"publish","type":"post","link":"https:\/\/www.comuna13online.com.ar\/?p=3746","title":{"rendered":"La Comuna 13 se ubica al tope de las zonas para vivir"},"content":{"rendered":"<p><strong>Seg\u00fan un estudio del Instituto de Pol\u00edticas P\u00fablicas para Buenos Aires, I-Ciudad, nuestra Comuna cuenta con mejores\u00a0cuidados ambientales, acceso a bienes y servicios y seguridad de la Ciudad.<\/strong><\/p>\n<p><img loading=\"lazy\" decoding=\"async\" data-attachment-id=\"3759\" data-permalink=\"https:\/\/www.comuna13online.com.ar\/?attachment_id=3759\" data-orig-file=\"https:\/\/www.comuna13online.com.ar\/wp-content\/uploads\/2018\/12\/20181213a-1.jpg\" data-orig-size=\"678,406\" data-comments-opened=\"0\" data-image-meta=\"{&quot;aperture&quot;:&quot;0&quot;,&quot;credit&quot;:&quot;&quot;,&quot;camera&quot;:&quot;&quot;,&quot;caption&quot;:&quot;&quot;,&quot;created_timestamp&quot;:&quot;0&quot;,&quot;copyright&quot;:&quot;&quot;,&quot;focal_length&quot;:&quot;0&quot;,&quot;iso&quot;:&quot;0&quot;,&quot;shutter_speed&quot;:&quot;0&quot;,&quot;title&quot;:&quot;&quot;,&quot;orientation&quot;:&quot;0&quot;}\" data-image-title=\"20181213a-1\" data-image-description=\"\" data-image-caption=\"\" data-large-file=\"https:\/\/www.comuna13online.com.ar\/wp-content\/uploads\/2018\/12\/20181213a-1.jpg\" class=\"alignnone size-medium wp-image-3759\" src=\"http:\/\/www.comuna13online.com.ar\/wp-content\/uploads\/2018\/12\/20181213a-1-678x406.jpg\" alt=\"\" width=\"678\" height=\"406\" \/><\/p>\n<p>El Instituto I-Ciudad de Pol\u00edticas P\u00fablicas para Buenos Aires realiz\u00f3 un an\u00e1lisis de las condiciones materiales y ambientales de la vida y el acceso a bienes y servicios de la Ciudad de Buenos Aires que forman un \u00cdndice de Bienestar Urbano (IBU).<\/p>\n<p>El IBU eval\u00faa el desempe\u00f1o de las 15 Comunas de la Ciudad a trav\u00e9s de 15 indicadores cuantitativos agrupados en\u00a0cuatro categor\u00edas: Econ\u00f3mico-Social, Seguridad, Desarrollo Urbano y Ambiente seleccionados cuidadosamente por investigadores del Instituto con el objetivo de obtener un cuadro de la situaci\u00f3n de cada comuna y lograr un an\u00e1lisis comparativo lo m\u00e1s inequ\u00edvoco posible.<\/p>\n<p>Los datos utilizados provienen de la Direcci\u00f3n General de Estad\u00edsticas y Censos del Gobierno de la Ciudad de Buenos Aires del a\u00f1o 2016 ya que no existen datos oficiales m\u00e1s actuales.<\/p>\n<p><a href=\"http:\/\/www.comuna13online.com.ar\/wp-content\/uploads\/2018\/12\/20181213a2.jpg\" target=\"_blank\" rel=\"noopener\"><img loading=\"lazy\" decoding=\"async\" data-attachment-id=\"3749\" data-permalink=\"https:\/\/www.comuna13online.com.ar\/?attachment_id=3749\" data-orig-file=\"https:\/\/www.comuna13online.com.ar\/wp-content\/uploads\/2018\/12\/20181213a2.jpg\" data-orig-size=\"1036,568\" data-comments-opened=\"0\" data-image-meta=\"{&quot;aperture&quot;:&quot;0&quot;,&quot;credit&quot;:&quot;&quot;,&quot;camera&quot;:&quot;&quot;,&quot;caption&quot;:&quot;&quot;,&quot;created_timestamp&quot;:&quot;0&quot;,&quot;copyright&quot;:&quot;&quot;,&quot;focal_length&quot;:&quot;0&quot;,&quot;iso&quot;:&quot;0&quot;,&quot;shutter_speed&quot;:&quot;0&quot;,&quot;title&quot;:&quot;&quot;,&quot;orientation&quot;:&quot;0&quot;}\" data-image-title=\"20181213a2\" data-image-description=\"\" data-image-caption=\"\" data-large-file=\"https:\/\/www.comuna13online.com.ar\/wp-content\/uploads\/2018\/12\/20181213a2-799x438.jpg\" class=\"alignnone wp-image-3749 size-medium\" src=\"http:\/\/www.comuna13online.com.ar\/wp-content\/uploads\/2018\/12\/20181213a2-678x372.jpg\" alt=\"\" width=\"678\" height=\"372\" srcset=\"https:\/\/www.comuna13online.com.ar\/wp-content\/uploads\/2018\/12\/20181213a2-678x372.jpg 678w, https:\/\/www.comuna13online.com.ar\/wp-content\/uploads\/2018\/12\/20181213a2-768x421.jpg 768w, https:\/\/www.comuna13online.com.ar\/wp-content\/uploads\/2018\/12\/20181213a2-799x438.jpg 799w, https:\/\/www.comuna13online.com.ar\/wp-content\/uploads\/2018\/12\/20181213a2.jpg 1036w\" sizes=\"auto, (max-width: 678px) 100vw, 678px\" \/><\/a><\/p>\n<p><em>\u00abLa elecci\u00f3n de los indicadores q conforman cada una de las 4 dimensiones surgi\u00f3 del an\u00e1lisis interdisciplinario del equipo ICiudad sobre la base de la definici\u00f3n de bienestar urbano propuesta Nos hubiera gustado incluir otros como poluci\u00f3n sonora o producci\u00f3n de residuos s\u00f3lidos urbanos pero esa no es informaci\u00f3n disponible por comunas\u00bb<\/em>, explic\u00f3 Silvia La Ruffa,\u00a0Vicepresidenta de I-Ciudad.<\/p>\n<p>Seg\u00fan los datos que arroj\u00f3 el estudio, la Comuna 13, comprendida por los barrios\u00a0Belgrano,\u00a0Nu\u00f1ez\u00a0y Colegiales, se encuentra al tope de las comunas con mejores indicadores, completan el podio la Comuna 14 (Plaermo) y la Comuna 2 (Recoleta). En est\u00e1s zonas se destaca el poder adquisitivo de sus habitantes, la seguridad, los metros cuadrados por persona, y el nivel de acceso a la Educaci\u00f3n.<\/p>\n<p>Si bien en an\u00e1lisis general la Comuna 13 est\u00e1 al tope del ranking, dependiendo la categor\u00eda su posici\u00f3n cambia considerablemente:<\/p>\n<h4><span style=\"color: #003366;\"><strong>Los indicadores que tomaron se agruparon de la siguiente forma:<\/strong>\u00a0<\/span><\/h4>\n<p><span style=\"color: #008080;\"><span style=\"color: #333333;\">1- <\/span><strong>Econ\u00f3mico Social<\/strong><\/span><\/p>\n<ul>\n<li>Ingreso per capit\u00e1<\/li>\n<li>Nivel de desocupaci\u00f3n<\/li>\n<li>Acceso a la educaci\u00f3n<\/li>\n<li>Tasa de mortalidad infantil<\/li>\n<\/ul>\n<p><span style=\"color: #333333;\">2- <\/span><strong><span style=\"color: #008080;\">Seguridad<\/span><\/strong><\/p>\n<ul>\n<li>Cantidad de comisar\u00edas cada 100.000 habitantes<\/li>\n<li>Homicidios cada 100.000<\/li>\n<li>Robos y hurtos cada 100.000 habitantes<\/li>\n<li>Conflictividad vecinal cada 100.000 habitante<\/li>\n<\/ul>\n<p><span style=\"color: #333333;\">3- <\/span><strong><span style=\"color: #008080;\">Desarrollo Urbano<\/span><\/strong><\/p>\n<ul>\n<li>Distancia\u00a0a\u00a0estaciones\u00a0de\u00a0subte,\u00a0metrobus\u00a0o tren<\/li>\n<li>Oferta\u00a0cultural<\/li>\n<li>Precio de venta de inmuebles<\/li>\n<li>Reclamos por deficiencias en la v\u00eda p\u00fablica<\/li>\n<\/ul>\n<p><span style=\"color: #008080;\"><span style=\"color: #333333;\">4- <\/span><strong>Ambiente<\/strong><\/span><\/p>\n<ul>\n<li>Espacios verdes (superficie por habitante)<\/li>\n<li>Hacinamiento<\/li>\n<li>Arbolado lineal<\/li>\n<\/ul>\n<h4><span style=\"color: #003366;\"><strong>La Comuna 13<\/strong><\/span><\/h4>\n<p>Los datos de la categor\u00eda \u00abEcon\u00f3mico y Social\u00bb muestran a nuestra comuna con excelentes cifras indicadores \u00abIngreso por c\u00e1pita\u00bb, \u00abNivel de desoculaci\u00f3n\u00bb y \u00abAcceso a la Educaci\u00f3n\u00bb en tanto que la \u00abMortalidad Infantil\u00bb se ubica en el 5to lugar.<\/p>\n<p>En \u00abSeguridad\u00bb los indicadores son muy dispares, por un lado cuanta con una tasa muy baja de \u00abHomicidios\u00bb y \u00abRobos y hurtos\u00bb, en cuanto a \u00abComisar\u00edas\u00bb y \u00abConflictividad\u00bb desciende abruptamente al puesto 13 de las 15 comunas exponiendo un serio d\u00e9ficit la voluntad de resolver estos problemas.<\/p>\n<p>\u00abDesarrollo Urbano\u00bb no es la categor\u00eda con los mejores \u00edndices de la Comuna 13, aunque es de suma importancia resaltar que se basa en datos del 2016, cuando por ejemplo, el Metrobus Norte a\u00fan no hab\u00eda sido inaugurado en su totalidad. Bajo esas condiciones, los indicadores ubican a la comuna en un nivel medio del ranking en 2 categor\u00edas (\u00abDistancia\u00a0a\u00a0estaciones\u00a0de\u00a0subte,\u00a0metrobus\u00a0o tren\u00bb y \u00abReclamos por deficiencias en la v\u00eda p\u00fablica\u00bb) mientras que se destaca en \u00abOferta Cultural\u00bb y posee uno de los peores \u00edndices en el \u00abPrecio de venta de inmuebles\u00bb.<\/p>\n<p>Por \u00faltimo, \u00abAmbiente\u00bb se observa buenos indicadores en \u00abEspacios verdes\u00bb y \u00abArbolado lineal\u00bb y sobresale en \u00abHacinamiento\u00bb ubic\u00e1ndose solo debajo de la Comuna 10 integrada por los barrios de Villa Real, Monte Castro, Versalles, Floresta, V\u00e9lez Sarsfield y Villa Luro en la zona oeste de la Ciudad.<\/p>\n<div data-carousel-extra='{&quot;blog_id&quot;:1,&quot;permalink&quot;:&quot;https:\/\/www.comuna13online.com.ar\/?p=3746&quot;}' id='gallery-1' class='gallery galleryid-3746 gallery-columns-4 gallery-size-full'><figure class='gallery-item'>\n\t\t\t<div class='gallery-icon landscape'>\n\t\t\t\t<a href='https:\/\/www.comuna13online.com.ar\/?attachment_id=3754'><img loading=\"lazy\" decoding=\"async\" width=\"1015\" height=\"520\" src=\"https:\/\/www.comuna13online.com.ar\/wp-content\/uploads\/2018\/12\/20181213a3-1.jpg\" class=\"attachment-full size-full\" alt=\"\" srcset=\"https:\/\/www.comuna13online.com.ar\/wp-content\/uploads\/2018\/12\/20181213a3-1.jpg 1015w, https:\/\/www.comuna13online.com.ar\/wp-content\/uploads\/2018\/12\/20181213a3-1-678x347.jpg 678w, https:\/\/www.comuna13online.com.ar\/wp-content\/uploads\/2018\/12\/20181213a3-1-768x393.jpg 768w, https:\/\/www.comuna13online.com.ar\/wp-content\/uploads\/2018\/12\/20181213a3-1-855x438.jpg 855w\" sizes=\"auto, (max-width: 1015px) 100vw, 1015px\" data-attachment-id=\"3754\" data-permalink=\"https:\/\/www.comuna13online.com.ar\/?attachment_id=3754\" data-orig-file=\"https:\/\/www.comuna13online.com.ar\/wp-content\/uploads\/2018\/12\/20181213a3-1.jpg\" data-orig-size=\"1015,520\" data-comments-opened=\"0\" data-image-meta=\"{&quot;aperture&quot;:&quot;0&quot;,&quot;credit&quot;:&quot;&quot;,&quot;camera&quot;:&quot;&quot;,&quot;caption&quot;:&quot;&quot;,&quot;created_timestamp&quot;:&quot;0&quot;,&quot;copyright&quot;:&quot;&quot;,&quot;focal_length&quot;:&quot;0&quot;,&quot;iso&quot;:&quot;0&quot;,&quot;shutter_speed&quot;:&quot;0&quot;,&quot;title&quot;:&quot;&quot;,&quot;orientation&quot;:&quot;0&quot;}\" data-image-title=\"20181213a3\" data-image-description=\"\" data-image-caption=\"\" data-large-file=\"https:\/\/www.comuna13online.com.ar\/wp-content\/uploads\/2018\/12\/20181213a3-1-855x438.jpg\" \/><\/a>\n\t\t\t<\/div><\/figure><figure class='gallery-item'>\n\t\t\t<div class='gallery-icon landscape'>\n\t\t\t\t<a href='https:\/\/www.comuna13online.com.ar\/?attachment_id=3753'><img loading=\"lazy\" decoding=\"async\" width=\"1015\" height=\"520\" src=\"https:\/\/www.comuna13online.com.ar\/wp-content\/uploads\/2018\/12\/20181213a6.jpg\" class=\"attachment-full size-full\" alt=\"\" srcset=\"https:\/\/www.comuna13online.com.ar\/wp-content\/uploads\/2018\/12\/20181213a6.jpg 1015w, https:\/\/www.comuna13online.com.ar\/wp-content\/uploads\/2018\/12\/20181213a6-678x347.jpg 678w, https:\/\/www.comuna13online.com.ar\/wp-content\/uploads\/2018\/12\/20181213a6-768x393.jpg 768w, https:\/\/www.comuna13online.com.ar\/wp-content\/uploads\/2018\/12\/20181213a6-855x438.jpg 855w\" sizes=\"auto, (max-width: 1015px) 100vw, 1015px\" data-attachment-id=\"3753\" data-permalink=\"https:\/\/www.comuna13online.com.ar\/?attachment_id=3753\" data-orig-file=\"https:\/\/www.comuna13online.com.ar\/wp-content\/uploads\/2018\/12\/20181213a6.jpg\" data-orig-size=\"1015,520\" data-comments-opened=\"0\" data-image-meta=\"{&quot;aperture&quot;:&quot;0&quot;,&quot;credit&quot;:&quot;&quot;,&quot;camera&quot;:&quot;&quot;,&quot;caption&quot;:&quot;&quot;,&quot;created_timestamp&quot;:&quot;0&quot;,&quot;copyright&quot;:&quot;&quot;,&quot;focal_length&quot;:&quot;0&quot;,&quot;iso&quot;:&quot;0&quot;,&quot;shutter_speed&quot;:&quot;0&quot;,&quot;title&quot;:&quot;&quot;,&quot;orientation&quot;:&quot;0&quot;}\" data-image-title=\"20181213a6\" data-image-description=\"\" data-image-caption=\"\" data-large-file=\"https:\/\/www.comuna13online.com.ar\/wp-content\/uploads\/2018\/12\/20181213a6-855x438.jpg\" \/><\/a>\n\t\t\t<\/div><\/figure><figure class='gallery-item'>\n\t\t\t<div class='gallery-icon landscape'>\n\t\t\t\t<a href='https:\/\/www.comuna13online.com.ar\/?attachment_id=3752'><img loading=\"lazy\" decoding=\"async\" width=\"1015\" height=\"520\" src=\"https:\/\/www.comuna13online.com.ar\/wp-content\/uploads\/2018\/12\/20181213a5.jpg\" class=\"attachment-full size-full\" alt=\"\" srcset=\"https:\/\/www.comuna13online.com.ar\/wp-content\/uploads\/2018\/12\/20181213a5.jpg 1015w, https:\/\/www.comuna13online.com.ar\/wp-content\/uploads\/2018\/12\/20181213a5-678x347.jpg 678w, https:\/\/www.comuna13online.com.ar\/wp-content\/uploads\/2018\/12\/20181213a5-768x393.jpg 768w, https:\/\/www.comuna13online.com.ar\/wp-content\/uploads\/2018\/12\/20181213a5-855x438.jpg 855w\" sizes=\"auto, (max-width: 1015px) 100vw, 1015px\" data-attachment-id=\"3752\" data-permalink=\"https:\/\/www.comuna13online.com.ar\/?attachment_id=3752\" data-orig-file=\"https:\/\/www.comuna13online.com.ar\/wp-content\/uploads\/2018\/12\/20181213a5.jpg\" data-orig-size=\"1015,520\" data-comments-opened=\"0\" data-image-meta=\"{&quot;aperture&quot;:&quot;0&quot;,&quot;credit&quot;:&quot;&quot;,&quot;camera&quot;:&quot;&quot;,&quot;caption&quot;:&quot;&quot;,&quot;created_timestamp&quot;:&quot;0&quot;,&quot;copyright&quot;:&quot;&quot;,&quot;focal_length&quot;:&quot;0&quot;,&quot;iso&quot;:&quot;0&quot;,&quot;shutter_speed&quot;:&quot;0&quot;,&quot;title&quot;:&quot;&quot;,&quot;orientation&quot;:&quot;0&quot;}\" data-image-title=\"20181213a5\" data-image-description=\"\" data-image-caption=\"\" data-large-file=\"https:\/\/www.comuna13online.com.ar\/wp-content\/uploads\/2018\/12\/20181213a5-855x438.jpg\" \/><\/a>\n\t\t\t<\/div><\/figure><figure class='gallery-item'>\n\t\t\t<div class='gallery-icon landscape'>\n\t\t\t\t<a href='https:\/\/www.comuna13online.com.ar\/?attachment_id=3751'><img loading=\"lazy\" decoding=\"async\" width=\"1015\" height=\"520\" src=\"https:\/\/www.comuna13online.com.ar\/wp-content\/uploads\/2018\/12\/20181213a4.jpg\" class=\"attachment-full size-full\" alt=\"\" srcset=\"https:\/\/www.comuna13online.com.ar\/wp-content\/uploads\/2018\/12\/20181213a4.jpg 1015w, https:\/\/www.comuna13online.com.ar\/wp-content\/uploads\/2018\/12\/20181213a4-678x347.jpg 678w, https:\/\/www.comuna13online.com.ar\/wp-content\/uploads\/2018\/12\/20181213a4-768x393.jpg 768w, https:\/\/www.comuna13online.com.ar\/wp-content\/uploads\/2018\/12\/20181213a4-855x438.jpg 855w\" sizes=\"auto, (max-width: 1015px) 100vw, 1015px\" data-attachment-id=\"3751\" data-permalink=\"https:\/\/www.comuna13online.com.ar\/?attachment_id=3751\" data-orig-file=\"https:\/\/www.comuna13online.com.ar\/wp-content\/uploads\/2018\/12\/20181213a4.jpg\" data-orig-size=\"1015,520\" data-comments-opened=\"0\" data-image-meta=\"{&quot;aperture&quot;:&quot;0&quot;,&quot;credit&quot;:&quot;&quot;,&quot;camera&quot;:&quot;&quot;,&quot;caption&quot;:&quot;&quot;,&quot;created_timestamp&quot;:&quot;0&quot;,&quot;copyright&quot;:&quot;&quot;,&quot;focal_length&quot;:&quot;0&quot;,&quot;iso&quot;:&quot;0&quot;,&quot;shutter_speed&quot;:&quot;0&quot;,&quot;title&quot;:&quot;&quot;,&quot;orientation&quot;:&quot;0&quot;}\" data-image-title=\"20181213a4\" data-image-description=\"\" data-image-caption=\"\" data-large-file=\"https:\/\/www.comuna13online.com.ar\/wp-content\/uploads\/2018\/12\/20181213a4-855x438.jpg\" \/><\/a>\n\t\t\t<\/div><\/figure>\n\t\t<\/div>\n\n<h5 style=\"text-align: center;\"><span style=\"color: #008080;\">INFORME COMPLETO<\/span><a href=\"http:\/\/www.comuna13online.com.ar\/wp-content\/uploads\/2018\/12\/395385137-INFORME-ICiudad.pdf\"><img loading=\"lazy\" decoding=\"async\" data-attachment-id=\"503\" data-permalink=\"https:\/\/www.comuna13online.com.ar\/?attachment_id=503\" data-orig-file=\"https:\/\/www.comuna13online.com.ar\/wp-content\/uploads\/2018\/01\/descargar-pdf.png\" data-orig-size=\"400,100\" data-comments-opened=\"0\" data-image-meta=\"{&quot;aperture&quot;:&quot;0&quot;,&quot;credit&quot;:&quot;&quot;,&quot;camera&quot;:&quot;&quot;,&quot;caption&quot;:&quot;&quot;,&quot;created_timestamp&quot;:&quot;0&quot;,&quot;copyright&quot;:&quot;&quot;,&quot;focal_length&quot;:&quot;0&quot;,&quot;iso&quot;:&quot;0&quot;,&quot;shutter_speed&quot;:&quot;0&quot;,&quot;title&quot;:&quot;&quot;,&quot;orientation&quot;:&quot;0&quot;}\" data-image-title=\"descargar-pdf\" data-image-description=\"\" data-image-caption=\"\" data-large-file=\"https:\/\/www.comuna13online.com.ar\/wp-content\/uploads\/2018\/01\/descargar-pdf.png\" class=\"aligncenter wp-image-503\" src=\"http:\/\/www.comuna13online.com.ar\/wp-content\/uploads\/2018\/01\/descargar-pdf.png\" alt=\"\" width=\"200\" height=\"50\" \/><\/a><\/h5>\n","protected":false},"excerpt":{"rendered":"<div class=\"mh-excerpt\">Seg\u00fan un estudio del Instituto de Pol\u00edticas P\u00fablicas para Buenos Aires, I-Ciudad, nuestra Comuna cuenta con mejores\u00a0cuidados ambientales, acceso a bienes y servicios y seguridad de la Ciudad. El Instituto <a class=\"mh-excerpt-more\" href=\"https:\/\/www.comuna13online.com.ar\/?p=3746\" title=\"La Comuna 13 se ubica al tope de las zonas para vivir\">[&#8230;]<\/a><\/div>\n","protected":false},"author":1,"featured_media":3758,"comment_status":"closed","ping_status":"closed","sticky":false,"template":"","format":"standard","meta":{"_uag_custom_page_level_css":"","_jetpack_memberships_contains_paid_content":false,"footnotes":"","jetpack_publicize_message":"","jetpack_publicize_feature_enabled":true,"jetpack_social_post_already_shared":true,"jetpack_social_options":{"image_generator_settings":{"template":"highway","default_image_id":0,"font":"","enabled":false},"version":2}},"categories":[9],"tags":[19],"class_list":{"0":"post-3746","1":"post","2":"type-post","3":"status-publish","4":"format-standard","5":"has-post-thumbnail","7":"category-ciudad","8":"tag-comuna-13"},"jetpack_publicize_connections":[],"jetpack_featured_media_url":"https:\/\/www.comuna13online.com.ar\/wp-content\/uploads\/2018\/12\/20181213a.jpg","uagb_featured_image_src":{"full":["https:\/\/www.comuna13online.com.ar\/wp-content\/uploads\/2018\/12\/20181213a.jpg",1030,438,false],"thumbnail":["https:\/\/www.comuna13online.com.ar\/wp-content\/uploads\/2018\/12\/20181213a-150x150.jpg",96,96,true],"medium":["https:\/\/www.comuna13online.com.ar\/wp-content\/uploads\/2018\/12\/20181213a-678x288.jpg",678,288,true],"medium_large":["https:\/\/www.comuna13online.com.ar\/wp-content\/uploads\/2018\/12\/20181213a-768x327.jpg",768,327,true],"large":["https:\/\/www.comuna13online.com.ar\/wp-content\/uploads\/2018\/12\/20181213a.jpg",1030,438,false],"1536x1536":["https:\/\/www.comuna13online.com.ar\/wp-content\/uploads\/2018\/12\/20181213a.jpg",1030,438,false],"2048x2048":["https:\/\/www.comuna13online.com.ar\/wp-content\/uploads\/2018\/12\/20181213a.jpg",1030,438,false],"mh-magazine-slider":["https:\/\/www.comuna13online.com.ar\/wp-content\/uploads\/2018\/12\/20181213a.jpg",1030,438,false],"mh-magazine-content":["https:\/\/www.comuna13online.com.ar\/wp-content\/uploads\/2018\/12\/20181213a-678x381.jpg",678,381,true],"mh-magazine-large":["https:\/\/www.comuna13online.com.ar\/wp-content\/uploads\/2018\/12\/20181213a-678x438.jpg",678,438,true],"mh-magazine-medium":["https:\/\/www.comuna13online.com.ar\/wp-content\/uploads\/2018\/12\/20181213a-326x245.jpg",326,245,true],"mh-magazine-small":["https:\/\/www.comuna13online.com.ar\/wp-content\/uploads\/2018\/12\/20181213a-80x60.jpg",80,60,true],"sow-carousel-default":["https:\/\/www.comuna13online.com.ar\/wp-content\/uploads\/2018\/12\/20181213a-272x182.jpg",272,182,true]},"uagb_author_info":{"display_name":"Comuna13","author_link":"https:\/\/www.comuna13online.com.ar\/?author=1"},"uagb_comment_info":0,"uagb_excerpt":"Seg\u00fan un estudio del Instituto de Pol\u00edticas P\u00fablicas para Buenos Aires, I-Ciudad, nuestra Comuna cuenta con mejores\u00a0cuidados ambientales, acceso a bienes y servicios y seguridad de la Ciudad. El Instituto [...]","jetpack_sharing_enabled":true,"_links":{"self":[{"href":"https:\/\/www.comuna13online.com.ar\/index.php?rest_route=\/wp\/v2\/posts\/3746","targetHints":{"allow":["GET"]}}],"collection":[{"href":"https:\/\/www.comuna13online.com.ar\/index.php?rest_route=\/wp\/v2\/posts"}],"about":[{"href":"https:\/\/www.comuna13online.com.ar\/index.php?rest_route=\/wp\/v2\/types\/post"}],"author":[{"embeddable":true,"href":"https:\/\/www.comuna13online.com.ar\/index.php?rest_route=\/wp\/v2\/users\/1"}],"replies":[{"embeddable":true,"href":"https:\/\/www.comuna13online.com.ar\/index.php?rest_route=%2Fwp%2Fv2%2Fcomments&post=3746"}],"version-history":[{"count":0,"href":"https:\/\/www.comuna13online.com.ar\/index.php?rest_route=\/wp\/v2\/posts\/3746\/revisions"}],"wp:featuredmedia":[{"embeddable":true,"href":"https:\/\/www.comuna13online.com.ar\/index.php?rest_route=\/wp\/v2\/media\/3758"}],"wp:attachment":[{"href":"https:\/\/www.comuna13online.com.ar\/index.php?rest_route=%2Fwp%2Fv2%2Fmedia&parent=3746"}],"wp:term":[{"taxonomy":"category","embeddable":true,"href":"https:\/\/www.comuna13online.com.ar\/index.php?rest_route=%2Fwp%2Fv2%2Fcategories&post=3746"},{"taxonomy":"post_tag","embeddable":true,"href":"https:\/\/www.comuna13online.com.ar\/index.php?rest_route=%2Fwp%2Fv2%2Ftags&post=3746"}],"curies":[{"name":"wp","href":"https:\/\/api.w.org\/{rel}","templated":true}]}}