{"id":3734,"date":"2018-12-12T07:00:09","date_gmt":"2018-12-12T10:00:09","guid":{"rendered":"http:\/\/www.comuna13online.com.ar\/?p=3734"},"modified":"2018-12-11T17:29:32","modified_gmt":"2018-12-11T20:29:32","slug":"la-legislatura-se-hizo-presente-en-la-ex-esma-en-el-dia-de-los-derechos-humanos","status":"publish","type":"post","link":"https:\/\/www.comuna13online.com.ar\/?p=3734","title":{"rendered":"La Legislatura se hizo presente en la ex ESMA en el \u201cD\u00eda de los Derechos Humanos\u201d"},"content":{"rendered":"<p><strong>La Comisi\u00f3n que preside la diputada Victoria Montenegro se reuni\u00f3 en el edificio Cuatro Columnas del ex centro clandestino. Durante el acto fueron reconocidas diversas personalidades vinculadas a los DDHH.<\/strong><\/p>\n<p><img loading=\"lazy\" decoding=\"async\" data-attachment-id=\"3737\" data-permalink=\"https:\/\/www.comuna13online.com.ar\/?attachment_id=3737\" data-orig-file=\"https:\/\/www.comuna13online.com.ar\/wp-content\/uploads\/2018\/12\/20181212a2.jpg\" data-orig-size=\"678,423\" data-comments-opened=\"0\" data-image-meta=\"{&quot;aperture&quot;:&quot;0&quot;,&quot;credit&quot;:&quot;&quot;,&quot;camera&quot;:&quot;&quot;,&quot;caption&quot;:&quot;&quot;,&quot;created_timestamp&quot;:&quot;0&quot;,&quot;copyright&quot;:&quot;&quot;,&quot;focal_length&quot;:&quot;0&quot;,&quot;iso&quot;:&quot;0&quot;,&quot;shutter_speed&quot;:&quot;0&quot;,&quot;title&quot;:&quot;&quot;,&quot;orientation&quot;:&quot;0&quot;}\" data-image-title=\"20181212a2\" data-image-description=\"\" data-image-caption=\"\" data-large-file=\"https:\/\/www.comuna13online.com.ar\/wp-content\/uploads\/2018\/12\/20181212a2.jpg\" class=\"alignnone size-medium wp-image-3737\" src=\"http:\/\/www.comuna13online.com.ar\/wp-content\/uploads\/2018\/12\/20181212a2-678x423.jpg\" alt=\"\" width=\"678\" height=\"423\" \/><\/p>\n<p>La iniciativa fue de la legisladora de Unidad Ciudadana y Presidenta de la Comisi\u00f3n de Derechos Humanos, <strong>Victoria Montenegro<\/strong>. Propuso que, en el marco del <strong>D\u00eda Internacional de los Derechos Humanos<\/strong>, la reuni\u00f3n especial de esa comisi\u00f3n se realizara en el edificio Cuatro Columnas de la Ex ESMA. All\u00ed, en el ex centro clandestino de detenci\u00f3n transformado en espacio de memoria, se entregaron diplomas de reconocimiento a diversas personalidades vinculadas a los derechos humanos.<\/p>\n<p><em>\u201cEstos espacios donde estamos ahora son espacios de la democracia. Para nosotros es maravilloso cuidar la vida. Aqu\u00ed en la ESMA transit\u00f3 el terror. Trataron de instalar que ese terror ser\u00eda para siempre. Pero no lo lograron\u201d,<\/em> dijo <strong>Montenegro<\/strong>. Y agreg\u00f3: <em>\u201cYo me llamo <strong>Victoria<\/strong> como muchas hijas porque mis padres dec\u00edan que la victoria estaba a la vuelta de la esquina. Hoy estamos luchando para construir este presente pero sobre todo por el futuro. Nosotros amamos profundamente la vida y por eso estaremos ah\u00ed poniendo el coraz\u00f3n ante este presente que es de violencia. Vamos a seguir reclamando justicia para que no nos arrebaten lo m\u00e1s hermoso que ten\u00edan esos compa\u00f1eros, que eran sus sue\u00f1os\u201d.<\/em><\/p>\n<p>Fueron reconocidos con diplomas y bandejas <strong>Adriana Garnier y Buscarita Roa<\/strong>, integrantes de Abuelas de Plaza de Mayo, por la campa\u00f1a \u201cEl abrazo postergado\u201d; <strong>Lita Boitano<\/strong>, referente de Familiares de Detenidos-Desaparecidos por razones pol\u00edticas, por la trayectoria del organismo; <strong>Say Sacay\u00e1n<\/strong>, en referencia al d\u00eda de la lucha contra la discriminaci\u00f3n por orientaci\u00f3n sexual o identidad de g\u00e9nero; <strong>Sara Rus<\/strong>, sobreviviente del Holocausto e integrante de Madres de Plaza de Mayo; el Director del Centro Ana Frank Argentina, <strong>H\u00e9ctor Shalom<\/strong>, por el Espacio de Pensamiento Joven \u201cOtto Frank\u201d; <strong>Isabel Cerrutti<\/strong>, sobreviviente del ex CCDTyE Olimpo, por el proyecto \u201cEso que no pudieron destruir\u00bb realizado por la mesa de trabajo y consenso del Sitio de memoria &#8211; Ex Olimpo. Tambi\u00e9n, la Directora Ejecutiva de Memoria Abierta, <strong>Ver\u00f3nica Torr\u00e1s<\/strong>, por la investigaci\u00f3n multiplataforma \u201cPapelitos. 78 historias sobre un Mundial en dictadura\u201d; la directora del Espacio Cultural Nuestros Hijos, <strong>Ver\u00f3nica Parodi<\/strong>, por las actividades realizadas en el ECUNHI; <strong>Viviana Beguan,<\/strong> integrante del colectivo que escribi\u00f3 el libro \u201cNosotras, presas pol\u00edticas\u201d; el director <strong>Nicol\u00e1s Gil Lavedra<\/strong> por la obra \u201cLa Ventana del \u00c1rbol y Ana Frank\u201d; as\u00ed como <strong>Mercedes Soiza Reilly<\/strong> en tanto personalidad destacada de la Ciudad Aut\u00f3noma de Buenos Aires en el \u00e1mbito de los Derechos Humanos.<\/p>\n<p>Estuvieron presentes los diputados nacionales <strong>Horacio Pietragalla y Leonardo Grosso<\/strong>, los legisladores <strong>Carlos Tomada, Leandro Santoro, Santiago Roberto y Laura Marrone<\/strong>, el diputado provincial <strong>Miguel Funes<\/strong>, el juez federal <strong>Daniel Rafecas<\/strong>, la subsecretaria de Derechos Humanos de la Ciudad, <strong>Pamela Malewicz<\/strong>, y la presidenta de la APDH, <strong>Mar\u00eda Elena Naddeo<\/strong>, as\u00ed como j\u00f3venes de la Coordinadora Croma\u00f1on.<\/p>\n<p><img loading=\"lazy\" decoding=\"async\" data-attachment-id=\"3736\" data-permalink=\"https:\/\/www.comuna13online.com.ar\/?attachment_id=3736\" data-orig-file=\"https:\/\/www.comuna13online.com.ar\/wp-content\/uploads\/2018\/12\/20181212a1.jpg\" data-orig-size=\"678,908\" data-comments-opened=\"0\" data-image-meta=\"{&quot;aperture&quot;:&quot;0&quot;,&quot;credit&quot;:&quot;&quot;,&quot;camera&quot;:&quot;&quot;,&quot;caption&quot;:&quot;&quot;,&quot;created_timestamp&quot;:&quot;0&quot;,&quot;copyright&quot;:&quot;&quot;,&quot;focal_length&quot;:&quot;0&quot;,&quot;iso&quot;:&quot;0&quot;,&quot;shutter_speed&quot;:&quot;0&quot;,&quot;title&quot;:&quot;&quot;,&quot;orientation&quot;:&quot;0&quot;}\" data-image-title=\"20181212a1\" data-image-description=\"\" data-image-caption=\"\" data-large-file=\"https:\/\/www.comuna13online.com.ar\/wp-content\/uploads\/2018\/12\/20181212a1-327x438.jpg\" class=\"alignnone wp-image-3736 size-full\" src=\"http:\/\/www.comuna13online.com.ar\/wp-content\/uploads\/2018\/12\/20181212a1.jpg\" alt=\"\" width=\"678\" height=\"908\" srcset=\"https:\/\/www.comuna13online.com.ar\/wp-content\/uploads\/2018\/12\/20181212a1.jpg 678w, https:\/\/www.comuna13online.com.ar\/wp-content\/uploads\/2018\/12\/20181212a1-338x452.jpg 338w, https:\/\/www.comuna13online.com.ar\/wp-content\/uploads\/2018\/12\/20181212a1-327x438.jpg 327w\" sizes=\"auto, (max-width: 678px) 100vw, 678px\" \/><\/p>\n","protected":false},"excerpt":{"rendered":"<div class=\"mh-excerpt\">La Comisi\u00f3n que preside la diputada Victoria Montenegro se reuni\u00f3 en el edificio Cuatro Columnas del ex centro clandestino. Durante el acto fueron reconocidas diversas personalidades vinculadas a los DDHH. <a class=\"mh-excerpt-more\" href=\"https:\/\/www.comuna13online.com.ar\/?p=3734\" title=\"La Legislatura se hizo presente en la ex ESMA en el \u201cD\u00eda de los Derechos Humanos\u201d\">[&#8230;]<\/a><\/div>\n","protected":false},"author":1,"featured_media":3735,"comment_status":"closed","ping_status":"closed","sticky":false,"template":"","format":"standard","meta":{"_uag_custom_page_level_css":"","_jetpack_memberships_contains_paid_content":false,"footnotes":"","jetpack_publicize_message":"","jetpack_publicize_feature_enabled":true,"jetpack_social_post_already_shared":true,"jetpack_social_options":{"image_generator_settings":{"template":"highway","default_image_id":0,"font":"","enabled":false},"version":2}},"categories":[207],"tags":[131],"class_list":{"0":"post-3734","1":"post","2":"type-post","3":"status-publish","4":"format-standard","5":"has-post-thumbnail","7":"category-derechos-humanos","8":"tag-derechos"},"jetpack_publicize_connections":[],"jetpack_featured_media_url":"https:\/\/www.comuna13online.com.ar\/wp-content\/uploads\/2018\/12\/20181212a.jpg","uagb_featured_image_src":{"full":["https:\/\/www.comuna13online.com.ar\/wp-content\/uploads\/2018\/12\/20181212a.jpg",1030,438,false],"thumbnail":["https:\/\/www.comuna13online.com.ar\/wp-content\/uploads\/2018\/12\/20181212a-150x150.jpg",96,96,true],"medium":["https:\/\/www.comuna13online.com.ar\/wp-content\/uploads\/2018\/12\/20181212a-678x288.jpg",678,288,true],"medium_large":["https:\/\/www.comuna13online.com.ar\/wp-content\/uploads\/2018\/12\/20181212a-768x327.jpg",768,327,true],"large":["https:\/\/www.comuna13online.com.ar\/wp-content\/uploads\/2018\/12\/20181212a.jpg",1030,438,false],"1536x1536":["https:\/\/www.comuna13online.com.ar\/wp-content\/uploads\/2018\/12\/20181212a.jpg",1030,438,false],"2048x2048":["https:\/\/www.comuna13online.com.ar\/wp-content\/uploads\/2018\/12\/20181212a.jpg",1030,438,false],"mh-magazine-slider":["https:\/\/www.comuna13online.com.ar\/wp-content\/uploads\/2018\/12\/20181212a.jpg",1030,438,false],"mh-magazine-content":["https:\/\/www.comuna13online.com.ar\/wp-content\/uploads\/2018\/12\/20181212a-678x381.jpg",678,381,true],"mh-magazine-large":["https:\/\/www.comuna13online.com.ar\/wp-content\/uploads\/2018\/12\/20181212a-678x438.jpg",678,438,true],"mh-magazine-medium":["https:\/\/www.comuna13online.com.ar\/wp-content\/uploads\/2018\/12\/20181212a-326x245.jpg",326,245,true],"mh-magazine-small":["https:\/\/www.comuna13online.com.ar\/wp-content\/uploads\/2018\/12\/20181212a-80x60.jpg",80,60,true],"sow-carousel-default":["https:\/\/www.comuna13online.com.ar\/wp-content\/uploads\/2018\/12\/20181212a-272x182.jpg",272,182,true]},"uagb_author_info":{"display_name":"Comuna13","author_link":"https:\/\/www.comuna13online.com.ar\/?author=1"},"uagb_comment_info":0,"uagb_excerpt":"La Comisi\u00f3n que preside la diputada Victoria Montenegro se reuni\u00f3 en el edificio Cuatro Columnas del ex centro clandestino. Durante el acto fueron reconocidas diversas personalidades vinculadas a los DDHH. [...]","jetpack_sharing_enabled":true,"_links":{"self":[{"href":"https:\/\/www.comuna13online.com.ar\/index.php?rest_route=\/wp\/v2\/posts\/3734","targetHints":{"allow":["GET"]}}],"collection":[{"href":"https:\/\/www.comuna13online.com.ar\/index.php?rest_route=\/wp\/v2\/posts"}],"about":[{"href":"https:\/\/www.comuna13online.com.ar\/index.php?rest_route=\/wp\/v2\/types\/post"}],"author":[{"embeddable":true,"href":"https:\/\/www.comuna13online.com.ar\/index.php?rest_route=\/wp\/v2\/users\/1"}],"replies":[{"embeddable":true,"href":"https:\/\/www.comuna13online.com.ar\/index.php?rest_route=%2Fwp%2Fv2%2Fcomments&post=3734"}],"version-history":[{"count":0,"href":"https:\/\/www.comuna13online.com.ar\/index.php?rest_route=\/wp\/v2\/posts\/3734\/revisions"}],"wp:featuredmedia":[{"embeddable":true,"href":"https:\/\/www.comuna13online.com.ar\/index.php?rest_route=\/wp\/v2\/media\/3735"}],"wp:attachment":[{"href":"https:\/\/www.comuna13online.com.ar\/index.php?rest_route=%2Fwp%2Fv2%2Fmedia&parent=3734"}],"wp:term":[{"taxonomy":"category","embeddable":true,"href":"https:\/\/www.comuna13online.com.ar\/index.php?rest_route=%2Fwp%2Fv2%2Fcategories&post=3734"},{"taxonomy":"post_tag","embeddable":true,"href":"https:\/\/www.comuna13online.com.ar\/index.php?rest_route=%2Fwp%2Fv2%2Ftags&post=3734"}],"curies":[{"name":"wp","href":"https:\/\/api.w.org\/{rel}","templated":true}]}}