{"id":3728,"date":"2018-12-11T11:10:54","date_gmt":"2018-12-11T14:10:54","guid":{"rendered":"http:\/\/www.comuna13online.com.ar\/?p=3728"},"modified":"2019-01-29T18:57:38","modified_gmt":"2019-01-29T21:57:38","slug":"el-dr-juan-pablo-paz-fue-declarado-personalidad-destacada","status":"publish","type":"post","link":"https:\/\/www.comuna13online.com.ar\/?p=3728","title":{"rendered":"El Dr. Juan Pablo Paz, fue declarado \u201cPersonalidad Destacada\u201d"},"content":{"rendered":"<p><strong>El ilustre doctor en F\u00edsica fue galardonado en Ciencia y Tecnolog\u00eda por sus investigaciones en computaci\u00f3n cu\u00e1ntica reconocidas en el mundo, por su capacidad docente y su gesti\u00f3n universitaria.<\/strong><\/p>\n<p><img loading=\"lazy\" decoding=\"async\" data-attachment-id=\"3729\" data-permalink=\"https:\/\/www.comuna13online.com.ar\/?attachment_id=3729\" data-orig-file=\"https:\/\/www.comuna13online.com.ar\/wp-content\/uploads\/2018\/12\/20181211c2.jpg\" data-orig-size=\"677,354\" data-comments-opened=\"0\" data-image-meta=\"{&quot;aperture&quot;:&quot;0&quot;,&quot;credit&quot;:&quot;&quot;,&quot;camera&quot;:&quot;&quot;,&quot;caption&quot;:&quot;&quot;,&quot;created_timestamp&quot;:&quot;0&quot;,&quot;copyright&quot;:&quot;&quot;,&quot;focal_length&quot;:&quot;0&quot;,&quot;iso&quot;:&quot;0&quot;,&quot;shutter_speed&quot;:&quot;0&quot;,&quot;title&quot;:&quot;&quot;,&quot;orientation&quot;:&quot;0&quot;}\" data-image-title=\"20181211c2\" data-image-description=\"\" data-image-caption=\"\" data-large-file=\"https:\/\/www.comuna13online.com.ar\/wp-content\/uploads\/2018\/12\/20181211c2.jpg\" class=\"alignnone size-full wp-image-3729\" src=\"http:\/\/www.comuna13online.com.ar\/wp-content\/uploads\/2018\/12\/20181211c2.jpg\" alt=\"\" width=\"677\" height=\"354\" \/><\/p>\n<p>El f\u00edsico <strong>Juan Pablo Paz<\/strong> fue declarado <strong>Personalidad Destacada de la Ciencia y Tecnolog\u00eda.<\/strong> El diputado <strong>Javier Andrade <\/strong>(Unidad Ciudadana) afirm\u00f3 que <strong>Paz<\/strong> es <em>\u201cun intelectual comprometido con la realidad\u201d<\/em> y <em>\u201ccada vez que pienso en aquellos que tienen una formaci\u00f3n acad\u00e9mica y tiene un pensamiento cr\u00edtico\u201d.<\/em><\/p>\n<p><strong>Paz<\/strong> es un profesor e investigador argentino conocido por desarrollar la computaci\u00f3n cu\u00e1ntica a trav\u00e9s del electromagnetismo, adem\u00e1s de ser uno de los fundadores del Laboratorio de Iones y \u00c1tomos Fr\u00edos. <strong>Juan Carlos Reboreda<\/strong>, doctor en Ciencias Biol\u00f3gicas por la Universidad de Buenos Aires (UBA) y decano de la Facultad de Ciencias Exactas y Naturales (FCEN) de la UBA, repas\u00f3 el curr\u00edculum y afirm\u00f3 que el homenajeado es completo ya que <em>\u201cse destaca en las tres dimensiones: producci\u00f3n cient\u00edfica, docencia y gesti\u00f3n\u201d.<\/em><\/p>\n<p>Ha alcanzado el grado de Investigador Principal y es director del Grupo QUFIBA (Quantum Foundations and Information); ha dictado casi un centenar de conferencias en Estados Unidos, Alemania, Francia, China, Espa\u00f1a, Canad\u00e1, Brasil, M\u00e9xico y otros pa\u00edses, en prestigiosas instituciones como el Max Planck Institiute, Harvard University, Institute Henry Poincare; ha publicado m\u00e1s de 130 trabajos en revistas cient\u00edficas del mundo; es profesor titular en la UBA y profesor invitado en m\u00e1s de una decena de universidades como la de Maryland (Estados Unidos). <em>Reboreda<\/em>, tambi\u00e9n ley\u00f3 algunas de las encuestas an\u00f3nimas que se le realizan a los estudiantes de F\u00edsica I, <em>\u201c<strong>Paz<\/strong> da un curso introductorio, as\u00ed como tambi\u00e9n lo hace en f\u00edsica cu\u00e1ntica\u201d,<\/em> que fue muy valorado positivamente por quienes se introducen a este conocimiento cient\u00edfico.<\/p>\n<p><strong>Santiago De Lojo<\/strong>, estudiante de f\u00edsica e integrante del Consejo Directivo de la FCEN, afirm\u00f3 que <strong>Paz<\/strong>, <em>\u201cha estado en cada movilizaci\u00f3n por la defensa de la Educaci\u00f3n\u201d<\/em> y <em>\u201cadem\u00e1s de ser un cient\u00edfico sobresaliente, se compromete con la realidad y con las nuevas generaciones\u201d.<\/em> Afirm\u00f3 que el <em>\u201ctransmite no s\u00f3lo lo cient\u00edfico, sino los proyectos\u201d<\/em> posibles para transformar al pa\u00eds.<\/p>\n<p><strong>Carolina Vera,<\/strong> doctora en Ciencias de la Atm\u00f3sfera (UBA), investigadora en el Centro de Investigaciones del Mar y la Atm\u00f3sfera (CONICET) e integrante del Panel Intergubernamental del Cambio Clim\u00e1tico (perteneciente a la ONU y ganador del premio Nobel en 2007), afirm\u00f3 que m\u00e1s all\u00e1 que <em>\u201clas investigaciones de <strong>Juan Pablo<\/strong> son reconocidas en el pa\u00eds y el mundo\u201d<\/em>, \u00e9l se ha comprometido en <em>\u201cdesarrollar la ciencia para un pa\u00eds m\u00e1s justo\u201d.<\/em> Evalu\u00f3 que cuando fue director del Departamento de F\u00edsica en la FCEN, hizo una <em>\u201cgesti\u00f3n modelo\u201d.<\/em> Tambi\u00e9n valor\u00f3 su <em>\u201ccapacidad de debate cient\u00edfico, acad\u00e9mico y pol\u00edtico\u201d.<\/em> Explic\u00f3 que <strong>Paz<\/strong> logr\u00f3 que firmaran un documento con <em>\u201cel 90% de los directores del CONICET\u201d,<\/em> 40 destacados investigadores argentinos radicados en el exterior y cient\u00edficos del mundo para la defensa de la ciencia argentina, que en la actualidad <em>\u201cquieren bastardearla y destruirla\u201d.<\/em><\/p>\n<p><strong>Andrea Bragas<\/strong>, doctora en F\u00edsica (UBA), profesora e investigadora principal del Laboratorio de Electr\u00f3nica Cu\u00e1ntica, afirm\u00f3 que <strong>Paz<\/strong>, adem\u00e1s de ser <em>\u201cmuy reconocido internacionalmente, es un l\u00edder con mucha conciencia de las construcciones colectivas; la ciencia lo es, es un aporte de muchos y el \u00e1mbito de trabajo tambi\u00e9n\u201d.<\/em><\/p>\n<p><strong>Christian Schmiegelow<\/strong>, disc\u00edpulo del homenajeado, record\u00f3 que con el trabajo la tesis en la que se logr\u00f3 manipular los fotones gemelos para el procesamiento cu\u00e1ntico de la informaci\u00f3n, la cual recibi\u00f3 el premio a Tesis Doctoral en el bienio 2011-2012. <em>Schmiegelow<\/em> se recibi\u00f3 en 2006 y <em>\u201cen esa \u00e9poca no ten\u00eda ganas de irme de la Argentina\u201d,<\/em> a pesar de las ofertas que recibi\u00f3 del exterior. Record\u00f3 que <em>\u201ctrabajar con <strong>Paz<\/strong> no es f\u00e1cil, pero una vez que uno lo conoce es placentero\u201d,<\/em> ya que es riguroso en el conocimiento. Explic\u00f3 que \u00e9l tiene <em>\u201ctolerancia dentro del campo acad\u00e9mico, a pesar de las diferencias pol\u00edticas\u201d<\/em> y que siempre busca <em>\u201cla excelencia y rigurosidad cient\u00edfica\u201d <\/em>y nunca <em>\u201cel amigu\u00edsimo\u201d.<\/em><\/p>\n<p>Lo defini\u00f3 como <em>\u201cun gran peleador porque es amigo de la verdad\u201d<\/em> y se lament\u00f3 que al Laboratorio de Iones y \u00c1tomos Fr\u00edos, integrado por una decena de cient\u00edficos que aporta conocimiento al pa\u00eds, le hayan reducido su presupuesto anual de 80 mil d\u00f3lares a los 8 mil actuales.<\/p>\n<p>Para finalizar <strong>Paz<\/strong> agradeci\u00f3 la distinci\u00f3n y ante su familia, colegas, amigos y compa\u00f1eros de trabajo no docentes, se mostr\u00f3 emocionado, cu\u00e1ndo record\u00f3 el momento en que empez\u00f3 a estudiar f\u00edsica. Luego de una pausa, reconoci\u00f3 que <em>\u201ccomet\u00ed el peor de los pecados de la actualidad, ser kirchnerista\u201d<\/em>. Y evalu\u00f3 que <em>\u201cse recuerda a la universidad previa a la noche de los bastones largos\u201d,<\/em> cuando la Argentina form\u00f3 grandes cient\u00edficos, de los cuales dos de ellos fueron premios Nobel, pero tambi\u00e9n <em>\u201cen los \u00faltimos a\u00f1os tambi\u00e9n tuvimos una \u00e9poca de oro\u201d.<\/em><\/p>\n<p><img loading=\"lazy\" decoding=\"async\" data-attachment-id=\"3731\" data-permalink=\"https:\/\/www.comuna13online.com.ar\/?attachment_id=3731\" data-orig-file=\"https:\/\/www.comuna13online.com.ar\/wp-content\/uploads\/2018\/12\/20181211c1.jpg\" data-orig-size=\"678,350\" data-comments-opened=\"0\" data-image-meta=\"{&quot;aperture&quot;:&quot;0&quot;,&quot;credit&quot;:&quot;&quot;,&quot;camera&quot;:&quot;&quot;,&quot;caption&quot;:&quot;&quot;,&quot;created_timestamp&quot;:&quot;0&quot;,&quot;copyright&quot;:&quot;&quot;,&quot;focal_length&quot;:&quot;0&quot;,&quot;iso&quot;:&quot;0&quot;,&quot;shutter_speed&quot;:&quot;0&quot;,&quot;title&quot;:&quot;&quot;,&quot;orientation&quot;:&quot;0&quot;}\" data-image-title=\"20181211c1\" data-image-description=\"\" data-image-caption=\"\" data-large-file=\"https:\/\/www.comuna13online.com.ar\/wp-content\/uploads\/2018\/12\/20181211c1.jpg\" class=\"alignnone size-medium wp-image-3731\" src=\"http:\/\/www.comuna13online.com.ar\/wp-content\/uploads\/2018\/12\/20181211c1-678x350.jpg\" alt=\"\" width=\"678\" height=\"350\" \/><\/p>\n<h4><span style=\"color: #008080;\"><strong>Premios y distinciones<\/strong><\/span><\/h4>\n<p><strong>Paz<\/strong> ha sido reconocido como: Investigador de la Naci\u00f3n Argentina (2014), por la Presidencia de la Rep\u00fablica Argentina; Houssay en F\u00edsica (2014), otorgado por el Ministerio de Ciencia y Tecnolog\u00eda; Premio Konex (2013) en F\u00edsica con Diploma de Honor; Premio TWAS (The Academy of Sciences of the Developing World) en F\u00edsica, 2012; Premio Bunge y Born, 2010; Premio Bessel, 2006, por la Fundaci\u00f3n Alexander von Humboldt , Alemania; Guggenheim Fellow 2004, por esa Fundaci\u00f3n de Estados Unidos; International Fellow 2001-2003, Santa Fe Institute, de Estados Unidos; Premio Ernesto Galloni 1994, Academia de Ciencias de la Argentina.<\/p>\n","protected":false},"excerpt":{"rendered":"<div class=\"mh-excerpt\">El ilustre doctor en F\u00edsica fue galardonado en Ciencia y Tecnolog\u00eda por sus investigaciones en computaci\u00f3n cu\u00e1ntica reconocidas en el mundo, por su capacidad docente y su gesti\u00f3n universitaria. El <a class=\"mh-excerpt-more\" href=\"https:\/\/www.comuna13online.com.ar\/?p=3728\" title=\"El Dr. Juan Pablo Paz, fue declarado \u201cPersonalidad Destacada\u201d\">[&#8230;]<\/a><\/div>\n","protected":false},"author":1,"featured_media":3730,"comment_status":"closed","ping_status":"closed","sticky":false,"template":"","format":"standard","meta":{"_uag_custom_page_level_css":"","_jetpack_memberships_contains_paid_content":false,"footnotes":"","jetpack_publicize_message":"","jetpack_publicize_feature_enabled":true,"jetpack_social_post_already_shared":true,"jetpack_social_options":{"image_generator_settings":{"template":"highway","default_image_id":0,"font":"","enabled":false},"version":2}},"categories":[195],"tags":[227,7,147,146],"class_list":{"0":"post-3728","1":"post","2":"type-post","3":"status-publish","4":"format-standard","5":"has-post-thumbnail","7":"category-distincion","8":"tag-ciencia","9":"tag-legislatura","10":"tag-personalidad-destacada","11":"tag-reconocimiento"},"jetpack_publicize_connections":[],"jetpack_featured_media_url":"https:\/\/www.comuna13online.com.ar\/wp-content\/uploads\/2018\/12\/20181211c.jpg","uagb_featured_image_src":{"full":["https:\/\/www.comuna13online.com.ar\/wp-content\/uploads\/2018\/12\/20181211c.jpg",1030,438,false],"thumbnail":["https:\/\/www.comuna13online.com.ar\/wp-content\/uploads\/2018\/12\/20181211c-150x150.jpg",96,96,true],"medium":["https:\/\/www.comuna13online.com.ar\/wp-content\/uploads\/2018\/12\/20181211c-678x288.jpg",678,288,true],"medium_large":["https:\/\/www.comuna13online.com.ar\/wp-content\/uploads\/2018\/12\/20181211c-768x327.jpg",768,327,true],"large":["https:\/\/www.comuna13online.com.ar\/wp-content\/uploads\/2018\/12\/20181211c.jpg",1030,438,false],"1536x1536":["https:\/\/www.comuna13online.com.ar\/wp-content\/uploads\/2018\/12\/20181211c.jpg",1030,438,false],"2048x2048":["https:\/\/www.comuna13online.com.ar\/wp-content\/uploads\/2018\/12\/20181211c.jpg",1030,438,false],"mh-magazine-slider":["https:\/\/www.comuna13online.com.ar\/wp-content\/uploads\/2018\/12\/20181211c.jpg",1030,438,false],"mh-magazine-content":["https:\/\/www.comuna13online.com.ar\/wp-content\/uploads\/2018\/12\/20181211c-678x381.jpg",678,381,true],"mh-magazine-large":["https:\/\/www.comuna13online.com.ar\/wp-content\/uploads\/2018\/12\/20181211c-678x438.jpg",678,438,true],"mh-magazine-medium":["https:\/\/www.comuna13online.com.ar\/wp-content\/uploads\/2018\/12\/20181211c-326x245.jpg",326,245,true],"mh-magazine-small":["https:\/\/www.comuna13online.com.ar\/wp-content\/uploads\/2018\/12\/20181211c-80x60.jpg",80,60,true],"sow-carousel-default":["https:\/\/www.comuna13online.com.ar\/wp-content\/uploads\/2018\/12\/20181211c-272x182.jpg",272,182,true]},"uagb_author_info":{"display_name":"Comuna13","author_link":"https:\/\/www.comuna13online.com.ar\/?author=1"},"uagb_comment_info":0,"uagb_excerpt":"El ilustre doctor en F\u00edsica fue galardonado en Ciencia y Tecnolog\u00eda por sus investigaciones en computaci\u00f3n cu\u00e1ntica reconocidas en el mundo, por su capacidad docente y su gesti\u00f3n universitaria. El [...]","jetpack_sharing_enabled":true,"_links":{"self":[{"href":"https:\/\/www.comuna13online.com.ar\/index.php?rest_route=\/wp\/v2\/posts\/3728","targetHints":{"allow":["GET"]}}],"collection":[{"href":"https:\/\/www.comuna13online.com.ar\/index.php?rest_route=\/wp\/v2\/posts"}],"about":[{"href":"https:\/\/www.comuna13online.com.ar\/index.php?rest_route=\/wp\/v2\/types\/post"}],"author":[{"embeddable":true,"href":"https:\/\/www.comuna13online.com.ar\/index.php?rest_route=\/wp\/v2\/users\/1"}],"replies":[{"embeddable":true,"href":"https:\/\/www.comuna13online.com.ar\/index.php?rest_route=%2Fwp%2Fv2%2Fcomments&post=3728"}],"version-history":[{"count":0,"href":"https:\/\/www.comuna13online.com.ar\/index.php?rest_route=\/wp\/v2\/posts\/3728\/revisions"}],"wp:featuredmedia":[{"embeddable":true,"href":"https:\/\/www.comuna13online.com.ar\/index.php?rest_route=\/wp\/v2\/media\/3730"}],"wp:attachment":[{"href":"https:\/\/www.comuna13online.com.ar\/index.php?rest_route=%2Fwp%2Fv2%2Fmedia&parent=3728"}],"wp:term":[{"taxonomy":"category","embeddable":true,"href":"https:\/\/www.comuna13online.com.ar\/index.php?rest_route=%2Fwp%2Fv2%2Fcategories&post=3728"},{"taxonomy":"post_tag","embeddable":true,"href":"https:\/\/www.comuna13online.com.ar\/index.php?rest_route=%2Fwp%2Fv2%2Ftags&post=3728"}],"curies":[{"name":"wp","href":"https:\/\/api.w.org\/{rel}","templated":true}]}}