{"id":3723,"date":"2018-12-11T15:00:18","date_gmt":"2018-12-11T18:00:18","guid":{"rendered":"http:\/\/www.comuna13online.com.ar\/?p=3723"},"modified":"2018-12-11T17:09:34","modified_gmt":"2018-12-11T20:09:34","slug":"se-conformo-la-asamblea-de-infancias-y-adolescencias-de-la-ciudad","status":"publish","type":"post","link":"https:\/\/www.comuna13online.com.ar\/?p=3723","title":{"rendered":"Se conform\u00f3 la Asamblea de Infancias y Adolescencias de la Ciudad"},"content":{"rendered":"<p><strong>En un acto realizado el lunes pasado en la Legislatura porte\u00f1a se form\u00f3 la Asamblea de Infancias y Adolescencias de la CABA (APIABA), integrada por m\u00e1s de 40 organizaciones especializadas en la tem\u00e1tica junto a representantes de centros de estudiantes y asociaciones juveniles.<\/strong><\/p>\n<p><img loading=\"lazy\" decoding=\"async\" data-attachment-id=\"3725\" data-permalink=\"https:\/\/www.comuna13online.com.ar\/?attachment_id=3725\" data-orig-file=\"https:\/\/www.comuna13online.com.ar\/wp-content\/uploads\/2018\/12\/20181211b1.jpg\" data-orig-size=\"678,384\" data-comments-opened=\"0\" data-image-meta=\"{&quot;aperture&quot;:&quot;0&quot;,&quot;credit&quot;:&quot;&quot;,&quot;camera&quot;:&quot;&quot;,&quot;caption&quot;:&quot;&quot;,&quot;created_timestamp&quot;:&quot;0&quot;,&quot;copyright&quot;:&quot;&quot;,&quot;focal_length&quot;:&quot;0&quot;,&quot;iso&quot;:&quot;0&quot;,&quot;shutter_speed&quot;:&quot;0&quot;,&quot;title&quot;:&quot;&quot;,&quot;orientation&quot;:&quot;0&quot;}\" data-image-title=\"20181211b1\" data-image-description=\"\" data-image-caption=\"\" data-large-file=\"https:\/\/www.comuna13online.com.ar\/wp-content\/uploads\/2018\/12\/20181211b1.jpg\" class=\"alignnone size-medium wp-image-3725\" src=\"http:\/\/www.comuna13online.com.ar\/wp-content\/uploads\/2018\/12\/20181211b1-678x384.jpg\" alt=\"\" width=\"678\" height=\"384\" \/><\/p>\n<p>Del acto participaron referentes del sector y de la militancia en tem\u00e1ticas de la ni\u00f1ez y adolescencia, entre ellas <strong>Nelly Minyersky<\/strong>, abogada, especialista en infancia; <strong>Mar\u00eda Elena Naddeo,<\/strong> Directora del Programa de Ni\u00f1ez, Adolescencia y G\u00e9nero de la Defensor\u00eda del Pueblo y co presidenta de la Asamblea Permanente por los Derechos Humanos; <strong>Victoria Montenegro<\/strong>, legisladora y presidenta de la Comisi\u00f3n de Derechos Humanos; <strong>Gustavo Gallo<\/strong>, Defensor P\u00fablico de Ni\u00f1os, Ni\u00f1as y Adolescentes; <strong>Florencia Gentile<\/strong>, plenarista del Consejo de los derechos del ni\u00f1o de la CABA, Representantes de los gremios UTE y ATE, y <strong>Gabriel Lerner<\/strong>, abogado, entre otros y otras especialistas en la materia.<\/p>\n<p>En la actividad se dio a conocer un documento cr\u00edtico sobre el vaciamiento y tercerizaci\u00f3n de programas y pol\u00edticas p\u00fablicas de las \u00e1reas sociales, salud y educaci\u00f3n; el aumento de la desigualdad, la pobreza y la indigencia junto al incremento de las pr\u00e1cticas represivas y la criminalizaci\u00f3n de las luchas sociales y estudiantiles. Asimismo, en el texto se hizo alusi\u00f3n a la falta de iniciativas sostenidas y eficaces para combatir la violencia sexista y los circuitos de abuso, explotaci\u00f3n laboral y sexual-, junto al incumplimiento de normas como la Ley 2110 de Educaci\u00f3n Sexual Integral, entre otros temas.<\/p>\n<p>La conmemoraci\u00f3n de los 20 a\u00f1os de vigencia de la Ley 114 de Protecci\u00f3n integral de los derechos ni\u00f1os, ni\u00f1as y adolescentes, motiv\u00f3 a que las personas que concurrieron al evento, hicieran menci\u00f3n a la importancia de la normativa. En este sentido, <strong>Naddeo<\/strong> expres\u00f3 que <em>\u201ces importante ratificar el paradigma de los derechos humanos lo que implica un compromiso para quienes integramos \u00e9sta asamblea\u201d<\/em> y agreg\u00f3 que <em>\u201ceste es un espacio que faltaba construir entre especialistas, organizaciones sociales y representantes de los sindicatos que llevan a cabo su tarea en este campo\u201d<\/em>. Por su parte, <strong>Montenegro<\/strong> celebr\u00f3 la realizaci\u00f3n del encuentro y dijo <em>\u201ctodos estamos en riesgo -por ello- es fundamental organizarnos y defender las leyes que es de todos\u201d.<\/em><\/p>\n<p>En tanto, la legisladora <strong>Andrea Conde<\/strong> resalt\u00f3 la importancia de la vigencia de la ley <em>\u201cen el contexto actual de desprotecci\u00f3n por parte del Estado\u201d.<\/em> En la misma l\u00ednea se expres\u00f3 <strong>Romina Piccirillo<\/strong>, integrante del Consejo Directivo de ATE Capital y CTA quien coincidi\u00f3 en el diagn\u00f3stico de situaci\u00f3n que vive la sociedad argentina, en especial la de la ciudad donde la realidad es compleja y de alta precarizaci\u00f3n laboral para las \u00e1reas encargadas de trabajar en la tem\u00e1tica de ni\u00f1ez y adolescencia por ello <em>\u201clo que hoy est\u00e1 en discusi\u00f3n es la aplicaci\u00f3n de leyes que hagan alusi\u00f3n a pol\u00edticas p\u00fablicas\u201d.<\/em><\/p>\n<p><em>\u201cHay complicidad del poder judicial en la ausencia de pol\u00edticas p\u00fablicas\u201d<\/em> sostuvo <strong>Gabriel Lerner<\/strong>, quien agreg\u00f3 que <em>\u201cla insensibilizaci\u00f3n social y pol\u00edtica de los pibes es una estrategia\u201d. <\/em>Por su parte, <strong>Jos\u00e9 Machain<\/strong> -representante de la Usina de Pensamiento Nacional y Popular- afirm\u00f3 que <em>\u201cestamos ante una docena de a\u00f1os perdidos en pol\u00edticas de infancia de la Ciudad\u201d.<\/em><\/p>\n<p>Entre las organizaciones convocantes podemos mencionar la Asociaci\u00f3n de Psic\u00f3logos de la Ciudad de Buenos Aires, la Asamblea Permanente por los Derechos Humanos, Forum Infancias, El Hormiguero, La Dignidad, ATE Ni\u00f1ez, Red Argentina No Baja, Aula Vereda, MTD An\u00edbal Ver\u00f3n, Asociaci\u00f3n de Educadorxs Sexuales, MPL Hugo Ch\u00e1vez, Campa\u00f1a contra las violencias, entre otras.<\/p>\n","protected":false},"excerpt":{"rendered":"<div class=\"mh-excerpt\">En un acto realizado el lunes pasado en la Legislatura porte\u00f1a se form\u00f3 la Asamblea de Infancias y Adolescencias de la CABA (APIABA), integrada por m\u00e1s de 40 organizaciones especializadas <a class=\"mh-excerpt-more\" href=\"https:\/\/www.comuna13online.com.ar\/?p=3723\" title=\"Se conform\u00f3 la Asamblea de Infancias y Adolescencias de la Ciudad\">[&#8230;]<\/a><\/div>\n","protected":false},"author":1,"featured_media":3726,"comment_status":"closed","ping_status":"closed","sticky":false,"template":"","format":"standard","meta":{"_uag_custom_page_level_css":"","_jetpack_memberships_contains_paid_content":false,"footnotes":"","jetpack_publicize_message":"","jetpack_publicize_feature_enabled":true,"jetpack_social_post_already_shared":true,"jetpack_social_options":{"image_generator_settings":{"template":"highway","default_image_id":0,"font":"","enabled":false},"version":2}},"categories":[21],"tags":[51,7],"class_list":{"0":"post-3723","1":"post","2":"type-post","3":"status-publish","4":"format-standard","5":"has-post-thumbnail","7":"category-legislatura","8":"tag-defensoria-del-pueblo","9":"tag-legislatura"},"jetpack_publicize_connections":[],"jetpack_featured_media_url":"https:\/\/www.comuna13online.com.ar\/wp-content\/uploads\/2018\/12\/20181211b.jpg","uagb_featured_image_src":{"full":["https:\/\/www.comuna13online.com.ar\/wp-content\/uploads\/2018\/12\/20181211b.jpg",1030,438,false],"thumbnail":["https:\/\/www.comuna13online.com.ar\/wp-content\/uploads\/2018\/12\/20181211b-150x150.jpg",96,96,true],"medium":["https:\/\/www.comuna13online.com.ar\/wp-content\/uploads\/2018\/12\/20181211b-678x288.jpg",678,288,true],"medium_large":["https:\/\/www.comuna13online.com.ar\/wp-content\/uploads\/2018\/12\/20181211b-768x327.jpg",768,327,true],"large":["https:\/\/www.comuna13online.com.ar\/wp-content\/uploads\/2018\/12\/20181211b.jpg",1030,438,false],"1536x1536":["https:\/\/www.comuna13online.com.ar\/wp-content\/uploads\/2018\/12\/20181211b.jpg",1030,438,false],"2048x2048":["https:\/\/www.comuna13online.com.ar\/wp-content\/uploads\/2018\/12\/20181211b.jpg",1030,438,false],"mh-magazine-slider":["https:\/\/www.comuna13online.com.ar\/wp-content\/uploads\/2018\/12\/20181211b.jpg",1030,438,false],"mh-magazine-content":["https:\/\/www.comuna13online.com.ar\/wp-content\/uploads\/2018\/12\/20181211b-678x381.jpg",678,381,true],"mh-magazine-large":["https:\/\/www.comuna13online.com.ar\/wp-content\/uploads\/2018\/12\/20181211b-678x438.jpg",678,438,true],"mh-magazine-medium":["https:\/\/www.comuna13online.com.ar\/wp-content\/uploads\/2018\/12\/20181211b-326x245.jpg",326,245,true],"mh-magazine-small":["https:\/\/www.comuna13online.com.ar\/wp-content\/uploads\/2018\/12\/20181211b-80x60.jpg",80,60,true],"sow-carousel-default":["https:\/\/www.comuna13online.com.ar\/wp-content\/uploads\/2018\/12\/20181211b-272x182.jpg",272,182,true]},"uagb_author_info":{"display_name":"Comuna13","author_link":"https:\/\/www.comuna13online.com.ar\/?author=1"},"uagb_comment_info":0,"uagb_excerpt":"En un acto realizado el lunes pasado en la Legislatura porte\u00f1a se form\u00f3 la Asamblea de Infancias y Adolescencias de la CABA (APIABA), integrada por m\u00e1s de 40 organizaciones especializadas [...]","jetpack_sharing_enabled":true,"_links":{"self":[{"href":"https:\/\/www.comuna13online.com.ar\/index.php?rest_route=\/wp\/v2\/posts\/3723","targetHints":{"allow":["GET"]}}],"collection":[{"href":"https:\/\/www.comuna13online.com.ar\/index.php?rest_route=\/wp\/v2\/posts"}],"about":[{"href":"https:\/\/www.comuna13online.com.ar\/index.php?rest_route=\/wp\/v2\/types\/post"}],"author":[{"embeddable":true,"href":"https:\/\/www.comuna13online.com.ar\/index.php?rest_route=\/wp\/v2\/users\/1"}],"replies":[{"embeddable":true,"href":"https:\/\/www.comuna13online.com.ar\/index.php?rest_route=%2Fwp%2Fv2%2Fcomments&post=3723"}],"version-history":[{"count":0,"href":"https:\/\/www.comuna13online.com.ar\/index.php?rest_route=\/wp\/v2\/posts\/3723\/revisions"}],"wp:featuredmedia":[{"embeddable":true,"href":"https:\/\/www.comuna13online.com.ar\/index.php?rest_route=\/wp\/v2\/media\/3726"}],"wp:attachment":[{"href":"https:\/\/www.comuna13online.com.ar\/index.php?rest_route=%2Fwp%2Fv2%2Fmedia&parent=3723"}],"wp:term":[{"taxonomy":"category","embeddable":true,"href":"https:\/\/www.comuna13online.com.ar\/index.php?rest_route=%2Fwp%2Fv2%2Fcategories&post=3723"},{"taxonomy":"post_tag","embeddable":true,"href":"https:\/\/www.comuna13online.com.ar\/index.php?rest_route=%2Fwp%2Fv2%2Ftags&post=3723"}],"curies":[{"name":"wp","href":"https:\/\/api.w.org\/{rel}","templated":true}]}}