{"id":3703,"date":"2018-12-07T13:06:32","date_gmt":"2018-12-07T16:06:32","guid":{"rendered":"http:\/\/www.comuna13online.com.ar\/?p=3703"},"modified":"2018-12-07T13:15:37","modified_gmt":"2018-12-07T16:15:37","slug":"este-viernes-llegan-los-booktrucks-a-la-plaza-balcarce-en-nunez","status":"publish","type":"post","link":"https:\/\/www.comuna13online.com.ar\/?p=3703","title":{"rendered":"Este viernes llegan los Booktrucks a la Plaza Balcarce en Nu\u00f1ez"},"content":{"rendered":"<p><strong>Los Booktrusks nacieron gracias a las iniciativas de vecinos en BAElije, son bibliotecas itinerantes que llevan libros y diversas actividades relacionadas con la lectura a las plazas de las comunas.<\/strong><\/p>\n<p><img loading=\"lazy\" decoding=\"async\" data-attachment-id=\"3709\" data-permalink=\"https:\/\/www.comuna13online.com.ar\/?attachment_id=3709\" data-orig-file=\"https:\/\/www.comuna13online.com.ar\/wp-content\/uploads\/2018\/12\/20181207b1.jpg\" data-orig-size=\"678,452\" data-comments-opened=\"0\" data-image-meta=\"{&quot;aperture&quot;:&quot;0&quot;,&quot;credit&quot;:&quot;&quot;,&quot;camera&quot;:&quot;&quot;,&quot;caption&quot;:&quot;&quot;,&quot;created_timestamp&quot;:&quot;0&quot;,&quot;copyright&quot;:&quot;&quot;,&quot;focal_length&quot;:&quot;0&quot;,&quot;iso&quot;:&quot;0&quot;,&quot;shutter_speed&quot;:&quot;0&quot;,&quot;title&quot;:&quot;&quot;,&quot;orientation&quot;:&quot;0&quot;}\" data-image-title=\"20181207b1\" data-image-description=\"\" data-image-caption=\"\" data-large-file=\"https:\/\/www.comuna13online.com.ar\/wp-content\/uploads\/2018\/12\/20181207b1-657x438.jpg\" class=\"alignnone size-full wp-image-3709\" src=\"http:\/\/www.comuna13online.com.ar\/wp-content\/uploads\/2018\/12\/20181207b1.jpg\" alt=\"\" width=\"678\" height=\"452\" srcset=\"https:\/\/www.comuna13online.com.ar\/wp-content\/uploads\/2018\/12\/20181207b1.jpg 678w, https:\/\/www.comuna13online.com.ar\/wp-content\/uploads\/2018\/12\/20181207b1-657x438.jpg 657w, https:\/\/www.comuna13online.com.ar\/wp-content\/uploads\/2018\/12\/20181207b1-272x182.jpg 272w\" sizes=\"auto, (max-width: 678px) 100vw, 678px\" \/><\/p>\n<p>Gracias a\u00a04 proyectos\u00a0que fueron creados en la iniciativa\u00a0BA Elige 2017,\u00a0este particular evento busca llevar las bibliotecas al espacio p\u00fablico, para que cada uno de los vecinos y vecinas de la Ciudad puedan disfrutar de\u00a0lecturas. narraciones, m\u00fasica, charlas y talleres.<\/p>\n<p>Las propuestas\u00a0que se transformaron en las hacedoras de este evento fueron creadas independientemente por\u00a0Catalina Clerici,\u00a0Zulema Maffe,\u00a0Susana M\u00e9ndez\u00a0y\u00a0Ricardo Romero.\u00a0Cada uno de ellos por su cuenta not\u00f3 la necesidad de llevar la lectura y la cultura del libro al espacio p\u00fablico y generar un lugar donde todos\u00a0pudi\u00e9ramos\u00a0abrirnos a compartir, aprender, recibir recomendaciones y disfrutar de este maravilloso arte.<\/p>\n<p>El\u00a023 y 24 de noviembre\u00a0se realiz\u00f3 la apertura en\u00a0Plaza Almagro,\u00a0con diferentes actividades como la simulaci\u00f3n de un campamento,\u00a0donde toda la familia pudo disfrutar y compartir historias a la luz de un fog\u00f3n artificial. Tambi\u00e9n la m\u00fasica estuvo presente con el\u00a0d\u00fao Brukman-Castiello\u00a0que auspici\u00f3 de ambiente para la lectura.<\/p>\n<p>Desde el viernes 7 al 9 de diciembre llegan a la Plaza Balcarce ubicada en Jaramillo 2351 en el barrio de Nu\u00f1ez de nuestra Comuna.<\/p>\n<h4><span style=\"color: #008080;\"><strong>CRONOGRAMA DE ACTIVIDADES<\/strong><\/span><\/h4>\n<h4><strong>Viernes 7 de diciembre<\/strong><\/h4>\n<ul>\n<li>15:00 hs. <strong>La historia del libro<\/strong>. Libroyasos: Espect\u00e1culo teatral infantil que cuenta la historia del libro desde la imprenta hasta la tablet.<\/li>\n<li>18:15 hs. <strong>Fog\u00f3n de lectura<\/strong>.\u00a0Mariana Komiseroff, escritora y m\u00fasica de Flopa Lestani \u2013\u00a0j\u00f3venes y adultos.\u00a0Encuentro para descubrir cruces posibles entre g\u00e9neros literarios y musicales entre escritores, la palabra y la m\u00fasica.<\/li>\n<\/ul>\n<h4><strong>S\u00e1bado 8 de diciembre<\/strong><\/h4>\n<p>15:00 hs. <strong>Taller de monstruolog\u00eda<\/strong>.\u00a0Sebasti\u00e1n Burecovics \u2013\u00a0Chicos entre 3 y 12 a\u00f1os.\u00a0Taller de arte en el que los ni\u00f1os dise\u00f1an m\u00e1scaras monstruosas.<\/p>\n<p>17:00 hs. Ilustrando cuentos. Mariana Enriquez y Santiago Caruso. Coordina Alejandro Far\u00edas.<\/p>\n<p>18.15 hs. Poes\u00eda insurrecta\u00a0\u2013\u00a0j\u00f3venes y adultos.\u00a0Poes\u00eda perform\u00e1tica a cuatro voces. Intervenci\u00f3n de poemas de diferentes autores.<\/p>\n<h4><strong>Domingo 9 de diciembre<\/strong><\/h4>\n<p>15:00 hs. <strong>Taller de edici\u00f3n autogestiva<\/strong>.\u00a0Elo\u00edsa Cartonera \u2013\u00a0chicos de entre 5 y 12 a\u00f1os.\u00a0Arma y dise\u00f1a tu propio libro.<\/p>\n<p>17:00 hs. <strong>M\u00fasica para peque\u00f1os lectores<\/strong>. Silvia Arazi y Sol Hermo \u2013\u00a0Para toda la familia.\u00a0Di\u00e1logo entre m\u00fasica y poes\u00eda sobre \u201cSiete Gatos: para leer con un ni\u00f1o o un gato\u201d, de Silvia Arazi.<\/p>\n<p>18:15 hs. <strong>Fog\u00f3n de lecturas<\/strong>.\u00a0Mart\u00edn Robbio tr\u00edo y Agustina Bazterrica \u2013\u00a0j\u00f3venes y adultos.\u00a0Encuentro para descubrir cruces posibles entre g\u00e9neros literarios y musicales, entre escritores, la palabra y la m\u00fasica.<\/p>\n<div data-carousel-extra='{&quot;blog_id&quot;:1,&quot;permalink&quot;:&quot;https:\/\/www.comuna13online.com.ar\/?p=3703&quot;}' id='gallery-1' class='gallery galleryid-3703 gallery-columns-3 gallery-size-full'><figure class='gallery-item'>\n\t\t\t<div class='gallery-icon landscape'>\n\t\t\t\t<a href='https:\/\/www.comuna13online.com.ar\/?attachment_id=3708'><img loading=\"lazy\" decoding=\"async\" width=\"750\" height=\"500\" src=\"https:\/\/www.comuna13online.com.ar\/wp-content\/uploads\/2018\/12\/PC_20181123_BIBLIOTECAS_BAE_PZA_ALMAGRO_IMG_3-1.png\" class=\"attachment-full size-full\" alt=\"\" srcset=\"https:\/\/www.comuna13online.com.ar\/wp-content\/uploads\/2018\/12\/PC_20181123_BIBLIOTECAS_BAE_PZA_ALMAGRO_IMG_3-1.png 750w, https:\/\/www.comuna13online.com.ar\/wp-content\/uploads\/2018\/12\/PC_20181123_BIBLIOTECAS_BAE_PZA_ALMAGRO_IMG_3-1-678x452.png 678w, https:\/\/www.comuna13online.com.ar\/wp-content\/uploads\/2018\/12\/PC_20181123_BIBLIOTECAS_BAE_PZA_ALMAGRO_IMG_3-1-657x438.png 657w, https:\/\/www.comuna13online.com.ar\/wp-content\/uploads\/2018\/12\/PC_20181123_BIBLIOTECAS_BAE_PZA_ALMAGRO_IMG_3-1-272x182.png 272w\" sizes=\"auto, (max-width: 750px) 100vw, 750px\" data-attachment-id=\"3708\" data-permalink=\"https:\/\/www.comuna13online.com.ar\/?attachment_id=3708\" data-orig-file=\"https:\/\/www.comuna13online.com.ar\/wp-content\/uploads\/2018\/12\/PC_20181123_BIBLIOTECAS_BAE_PZA_ALMAGRO_IMG_3-1.png\" data-orig-size=\"750,500\" data-comments-opened=\"0\" data-image-meta=\"{&quot;aperture&quot;:&quot;0&quot;,&quot;credit&quot;:&quot;&quot;,&quot;camera&quot;:&quot;&quot;,&quot;caption&quot;:&quot;&quot;,&quot;created_timestamp&quot;:&quot;0&quot;,&quot;copyright&quot;:&quot;&quot;,&quot;focal_length&quot;:&quot;0&quot;,&quot;iso&quot;:&quot;0&quot;,&quot;shutter_speed&quot;:&quot;0&quot;,&quot;title&quot;:&quot;&quot;,&quot;orientation&quot;:&quot;0&quot;}\" data-image-title=\"PC_20181123_BIBLIOTECAS_BAE_PZA_ALMAGRO_IMG_3-1\" data-image-description=\"\" data-image-caption=\"\" data-large-file=\"https:\/\/www.comuna13online.com.ar\/wp-content\/uploads\/2018\/12\/PC_20181123_BIBLIOTECAS_BAE_PZA_ALMAGRO_IMG_3-1-657x438.png\" \/><\/a>\n\t\t\t<\/div><\/figure><figure class='gallery-item'>\n\t\t\t<div class='gallery-icon landscape'>\n\t\t\t\t<a href='https:\/\/www.comuna13online.com.ar\/?attachment_id=3707'><img loading=\"lazy\" decoding=\"async\" width=\"750\" height=\"500\" src=\"https:\/\/www.comuna13online.com.ar\/wp-content\/uploads\/2018\/12\/PC_20181123_BIBLIOTECAS_BAE_PZA_ALMAGRO_IMG_2-1.png\" class=\"attachment-full size-full\" alt=\"\" srcset=\"https:\/\/www.comuna13online.com.ar\/wp-content\/uploads\/2018\/12\/PC_20181123_BIBLIOTECAS_BAE_PZA_ALMAGRO_IMG_2-1.png 750w, https:\/\/www.comuna13online.com.ar\/wp-content\/uploads\/2018\/12\/PC_20181123_BIBLIOTECAS_BAE_PZA_ALMAGRO_IMG_2-1-678x452.png 678w, https:\/\/www.comuna13online.com.ar\/wp-content\/uploads\/2018\/12\/PC_20181123_BIBLIOTECAS_BAE_PZA_ALMAGRO_IMG_2-1-657x438.png 657w, https:\/\/www.comuna13online.com.ar\/wp-content\/uploads\/2018\/12\/PC_20181123_BIBLIOTECAS_BAE_PZA_ALMAGRO_IMG_2-1-272x182.png 272w\" sizes=\"auto, (max-width: 750px) 100vw, 750px\" data-attachment-id=\"3707\" data-permalink=\"https:\/\/www.comuna13online.com.ar\/?attachment_id=3707\" data-orig-file=\"https:\/\/www.comuna13online.com.ar\/wp-content\/uploads\/2018\/12\/PC_20181123_BIBLIOTECAS_BAE_PZA_ALMAGRO_IMG_2-1.png\" data-orig-size=\"750,500\" data-comments-opened=\"0\" data-image-meta=\"{&quot;aperture&quot;:&quot;0&quot;,&quot;credit&quot;:&quot;&quot;,&quot;camera&quot;:&quot;&quot;,&quot;caption&quot;:&quot;&quot;,&quot;created_timestamp&quot;:&quot;0&quot;,&quot;copyright&quot;:&quot;&quot;,&quot;focal_length&quot;:&quot;0&quot;,&quot;iso&quot;:&quot;0&quot;,&quot;shutter_speed&quot;:&quot;0&quot;,&quot;title&quot;:&quot;&quot;,&quot;orientation&quot;:&quot;0&quot;}\" data-image-title=\"PC_20181123_BIBLIOTECAS_BAE_PZA_ALMAGRO_IMG_2-1\" data-image-description=\"\" data-image-caption=\"\" data-large-file=\"https:\/\/www.comuna13online.com.ar\/wp-content\/uploads\/2018\/12\/PC_20181123_BIBLIOTECAS_BAE_PZA_ALMAGRO_IMG_2-1-657x438.png\" \/><\/a>\n\t\t\t<\/div><\/figure><figure class='gallery-item'>\n\t\t\t<div class='gallery-icon landscape'>\n\t\t\t\t<a href='https:\/\/www.comuna13online.com.ar\/?attachment_id=3705'><img loading=\"lazy\" decoding=\"async\" width=\"750\" height=\"500\" src=\"https:\/\/www.comuna13online.com.ar\/wp-content\/uploads\/2018\/12\/PC_20181123_BIBLIOTECAS_BAE_PZA_ALMAGRO_IMG_4-1.png\" class=\"attachment-full size-full\" alt=\"\" srcset=\"https:\/\/www.comuna13online.com.ar\/wp-content\/uploads\/2018\/12\/PC_20181123_BIBLIOTECAS_BAE_PZA_ALMAGRO_IMG_4-1.png 750w, https:\/\/www.comuna13online.com.ar\/wp-content\/uploads\/2018\/12\/PC_20181123_BIBLIOTECAS_BAE_PZA_ALMAGRO_IMG_4-1-678x452.png 678w, https:\/\/www.comuna13online.com.ar\/wp-content\/uploads\/2018\/12\/PC_20181123_BIBLIOTECAS_BAE_PZA_ALMAGRO_IMG_4-1-657x438.png 657w, https:\/\/www.comuna13online.com.ar\/wp-content\/uploads\/2018\/12\/PC_20181123_BIBLIOTECAS_BAE_PZA_ALMAGRO_IMG_4-1-272x182.png 272w\" sizes=\"auto, (max-width: 750px) 100vw, 750px\" data-attachment-id=\"3705\" data-permalink=\"https:\/\/www.comuna13online.com.ar\/?attachment_id=3705\" data-orig-file=\"https:\/\/www.comuna13online.com.ar\/wp-content\/uploads\/2018\/12\/PC_20181123_BIBLIOTECAS_BAE_PZA_ALMAGRO_IMG_4-1.png\" data-orig-size=\"750,500\" data-comments-opened=\"0\" data-image-meta=\"{&quot;aperture&quot;:&quot;0&quot;,&quot;credit&quot;:&quot;&quot;,&quot;camera&quot;:&quot;&quot;,&quot;caption&quot;:&quot;&quot;,&quot;created_timestamp&quot;:&quot;0&quot;,&quot;copyright&quot;:&quot;&quot;,&quot;focal_length&quot;:&quot;0&quot;,&quot;iso&quot;:&quot;0&quot;,&quot;shutter_speed&quot;:&quot;0&quot;,&quot;title&quot;:&quot;&quot;,&quot;orientation&quot;:&quot;0&quot;}\" data-image-title=\"PC_20181123_BIBLIOTECAS_BAE_PZA_ALMAGRO_IMG_4-1\" data-image-description=\"\" data-image-caption=\"\" data-large-file=\"https:\/\/www.comuna13online.com.ar\/wp-content\/uploads\/2018\/12\/PC_20181123_BIBLIOTECAS_BAE_PZA_ALMAGRO_IMG_4-1-657x438.png\" \/><\/a>\n\t\t\t<\/div><\/figure><figure class='gallery-item'>\n\t\t\t<div class='gallery-icon landscape'>\n\t\t\t\t<a href='https:\/\/www.comuna13online.com.ar\/?attachment_id=3706'><img loading=\"lazy\" decoding=\"async\" width=\"750\" height=\"500\" src=\"https:\/\/www.comuna13online.com.ar\/wp-content\/uploads\/2018\/12\/PC_20181123_BIBLIOTECAS_BAE_PZA_ALMAGRO_IMG_1-1.png\" class=\"attachment-full size-full\" alt=\"\" srcset=\"https:\/\/www.comuna13online.com.ar\/wp-content\/uploads\/2018\/12\/PC_20181123_BIBLIOTECAS_BAE_PZA_ALMAGRO_IMG_1-1.png 750w, https:\/\/www.comuna13online.com.ar\/wp-content\/uploads\/2018\/12\/PC_20181123_BIBLIOTECAS_BAE_PZA_ALMAGRO_IMG_1-1-678x452.png 678w, https:\/\/www.comuna13online.com.ar\/wp-content\/uploads\/2018\/12\/PC_20181123_BIBLIOTECAS_BAE_PZA_ALMAGRO_IMG_1-1-657x438.png 657w, https:\/\/www.comuna13online.com.ar\/wp-content\/uploads\/2018\/12\/PC_20181123_BIBLIOTECAS_BAE_PZA_ALMAGRO_IMG_1-1-272x182.png 272w\" sizes=\"auto, (max-width: 750px) 100vw, 750px\" data-attachment-id=\"3706\" data-permalink=\"https:\/\/www.comuna13online.com.ar\/?attachment_id=3706\" data-orig-file=\"https:\/\/www.comuna13online.com.ar\/wp-content\/uploads\/2018\/12\/PC_20181123_BIBLIOTECAS_BAE_PZA_ALMAGRO_IMG_1-1.png\" data-orig-size=\"750,500\" data-comments-opened=\"0\" data-image-meta=\"{&quot;aperture&quot;:&quot;0&quot;,&quot;credit&quot;:&quot;&quot;,&quot;camera&quot;:&quot;&quot;,&quot;caption&quot;:&quot;&quot;,&quot;created_timestamp&quot;:&quot;0&quot;,&quot;copyright&quot;:&quot;&quot;,&quot;focal_length&quot;:&quot;0&quot;,&quot;iso&quot;:&quot;0&quot;,&quot;shutter_speed&quot;:&quot;0&quot;,&quot;title&quot;:&quot;&quot;,&quot;orientation&quot;:&quot;0&quot;}\" data-image-title=\"PC_20181123_BIBLIOTECAS_BAE_PZA_ALMAGRO_IMG_1-1\" data-image-description=\"\" data-image-caption=\"\" data-large-file=\"https:\/\/www.comuna13online.com.ar\/wp-content\/uploads\/2018\/12\/PC_20181123_BIBLIOTECAS_BAE_PZA_ALMAGRO_IMG_1-1-657x438.png\" \/><\/a>\n\t\t\t<\/div><\/figure>\n\t\t<\/div>\n\n<p><img loading=\"lazy\" decoding=\"async\" data-attachment-id=\"2965\" data-permalink=\"https:\/\/www.comuna13online.com.ar\/?attachment_id=2965\" data-orig-file=\"https:\/\/www.comuna13online.com.ar\/wp-content\/uploads\/2018\/10\/line.gif\" data-orig-size=\"678,2\" data-comments-opened=\"0\" data-image-meta=\"{&quot;aperture&quot;:&quot;0&quot;,&quot;credit&quot;:&quot;&quot;,&quot;camera&quot;:&quot;&quot;,&quot;caption&quot;:&quot;&quot;,&quot;created_timestamp&quot;:&quot;0&quot;,&quot;copyright&quot;:&quot;&quot;,&quot;focal_length&quot;:&quot;0&quot;,&quot;iso&quot;:&quot;0&quot;,&quot;shutter_speed&quot;:&quot;0&quot;,&quot;title&quot;:&quot;&quot;,&quot;orientation&quot;:&quot;0&quot;}\" data-image-title=\"line\" data-image-description=\"\" data-image-caption=\"\" data-large-file=\"https:\/\/www.comuna13online.com.ar\/wp-content\/uploads\/2018\/10\/line.gif\" class=\"alignnone size-medium wp-image-2965\" src=\"http:\/\/www.comuna13online.com.ar\/wp-content\/uploads\/2018\/10\/line-678x2.gif\" alt=\"\" width=\"678\" height=\"2\" srcset=\"https:\/\/www.comuna13online.com.ar\/wp-content\/uploads\/2018\/10\/line-678x2.gif 678w, https:\/\/www.comuna13online.com.ar\/wp-content\/uploads\/2018\/10\/line-150x2.gif 150w, https:\/\/www.comuna13online.com.ar\/wp-content\/uploads\/2018\/10\/line-326x2.gif 326w, https:\/\/www.comuna13online.com.ar\/wp-content\/uploads\/2018\/10\/line-80x2.gif 80w, https:\/\/www.comuna13online.com.ar\/wp-content\/uploads\/2018\/10\/line-272x2.gif 272w\" sizes=\"auto, (max-width: 678px) 100vw, 678px\" \/><\/p>\n<p><strong>Plaza Balcarce<br \/>\n<\/strong>Jaramillo 2351 &#8211; Nu\u00f1ez<br \/>\nComuna 13<\/p>\n<p><iframe loading=\"lazy\" style=\"border: 0;\" src=\"https:\/\/www.google.com\/maps\/embed?pb=!1m14!1m8!1m3!1d1643.117167665574!2d-58.46881077183065!3d-34.54762173740182!3m2!1i1024!2i768!4f13.1!3m3!1m2!1s0x95bcb69eaba60d01%3A0xbd9006d9cd7bd27c!2sPlaza+Balcarce!5e0!3m2!1ses!2sar!4v1544198412296\" width=\"678\" height=\"450\" frameborder=\"0\" allowfullscreen=\"allowfullscreen\"><span data-mce-type=\"bookmark\" style=\"display: inline-block; width: 0px; overflow: hidden; line-height: 0;\" class=\"mce_SELRES_start\">\ufeff<\/span><\/iframe><\/p>\n<p><strong>Transportes Cercanos:<\/strong><\/p>\n<p>Colectivos:\u00a029, 57, 59, 60, 68, 130, 133, 151, 152, 161, 168, 184 y 194.<\/p>\n","protected":false},"excerpt":{"rendered":"<div class=\"mh-excerpt\">Los Booktrusks nacieron gracias a las iniciativas de vecinos en BAElije, son bibliotecas itinerantes que llevan libros y diversas actividades relacionadas con la lectura a las plazas de las comunas. <a class=\"mh-excerpt-more\" href=\"https:\/\/www.comuna13online.com.ar\/?p=3703\" title=\"Este viernes llegan los Booktrucks a la Plaza Balcarce en Nu\u00f1ez\">[&#8230;]<\/a><\/div>\n","protected":false},"author":1,"featured_media":3704,"comment_status":"closed","ping_status":"closed","sticky":false,"template":"","format":"standard","meta":{"_uag_custom_page_level_css":"","_jetpack_memberships_contains_paid_content":false,"footnotes":"","jetpack_publicize_message":"","jetpack_publicize_feature_enabled":true,"jetpack_social_post_already_shared":true,"jetpack_social_options":{"image_generator_settings":{"template":"highway","default_image_id":0,"font":"","enabled":false},"version":2}},"categories":[57],"tags":[19,60,162],"class_list":{"0":"post-3703","1":"post","2":"type-post","3":"status-publish","4":"format-standard","5":"has-post-thumbnail","7":"category-cultura","8":"tag-comuna-13","9":"tag-cultura","10":"tag-libros"},"jetpack_publicize_connections":[],"jetpack_featured_media_url":"https:\/\/www.comuna13online.com.ar\/wp-content\/uploads\/2018\/12\/20181207b.jpg","uagb_featured_image_src":{"full":["https:\/\/www.comuna13online.com.ar\/wp-content\/uploads\/2018\/12\/20181207b.jpg",1030,687,false],"thumbnail":["https:\/\/www.comuna13online.com.ar\/wp-content\/uploads\/2018\/12\/20181207b-150x150.jpg",96,96,true],"medium":["https:\/\/www.comuna13online.com.ar\/wp-content\/uploads\/2018\/12\/20181207b-678x452.jpg",678,452,true],"medium_large":["https:\/\/www.comuna13online.com.ar\/wp-content\/uploads\/2018\/12\/20181207b-768x512.jpg",768,512,true],"large":["https:\/\/www.comuna13online.com.ar\/wp-content\/uploads\/2018\/12\/20181207b-657x438.jpg",657,438,true],"1536x1536":["https:\/\/www.comuna13online.com.ar\/wp-content\/uploads\/2018\/12\/20181207b.jpg",1030,687,false],"2048x2048":["https:\/\/www.comuna13online.com.ar\/wp-content\/uploads\/2018\/12\/20181207b.jpg",1030,687,false],"mh-magazine-slider":["https:\/\/www.comuna13online.com.ar\/wp-content\/uploads\/2018\/12\/20181207b-1030x438.jpg",1030,438,true],"mh-magazine-content":["https:\/\/www.comuna13online.com.ar\/wp-content\/uploads\/2018\/12\/20181207b-678x381.jpg",678,381,true],"mh-magazine-large":["https:\/\/www.comuna13online.com.ar\/wp-content\/uploads\/2018\/12\/20181207b-678x509.jpg",678,509,true],"mh-magazine-medium":["https:\/\/www.comuna13online.com.ar\/wp-content\/uploads\/2018\/12\/20181207b-326x245.jpg",326,245,true],"mh-magazine-small":["https:\/\/www.comuna13online.com.ar\/wp-content\/uploads\/2018\/12\/20181207b-80x60.jpg",80,60,true],"sow-carousel-default":["https:\/\/www.comuna13online.com.ar\/wp-content\/uploads\/2018\/12\/20181207b-272x182.jpg",272,182,true]},"uagb_author_info":{"display_name":"Comuna13","author_link":"https:\/\/www.comuna13online.com.ar\/?author=1"},"uagb_comment_info":0,"uagb_excerpt":"Los Booktrusks nacieron gracias a las iniciativas de vecinos en BAElije, son bibliotecas itinerantes que llevan libros y diversas actividades relacionadas con la lectura a las plazas de las comunas. [...]","jetpack_sharing_enabled":true,"_links":{"self":[{"href":"https:\/\/www.comuna13online.com.ar\/index.php?rest_route=\/wp\/v2\/posts\/3703","targetHints":{"allow":["GET"]}}],"collection":[{"href":"https:\/\/www.comuna13online.com.ar\/index.php?rest_route=\/wp\/v2\/posts"}],"about":[{"href":"https:\/\/www.comuna13online.com.ar\/index.php?rest_route=\/wp\/v2\/types\/post"}],"author":[{"embeddable":true,"href":"https:\/\/www.comuna13online.com.ar\/index.php?rest_route=\/wp\/v2\/users\/1"}],"replies":[{"embeddable":true,"href":"https:\/\/www.comuna13online.com.ar\/index.php?rest_route=%2Fwp%2Fv2%2Fcomments&post=3703"}],"version-history":[{"count":0,"href":"https:\/\/www.comuna13online.com.ar\/index.php?rest_route=\/wp\/v2\/posts\/3703\/revisions"}],"wp:featuredmedia":[{"embeddable":true,"href":"https:\/\/www.comuna13online.com.ar\/index.php?rest_route=\/wp\/v2\/media\/3704"}],"wp:attachment":[{"href":"https:\/\/www.comuna13online.com.ar\/index.php?rest_route=%2Fwp%2Fv2%2Fmedia&parent=3703"}],"wp:term":[{"taxonomy":"category","embeddable":true,"href":"https:\/\/www.comuna13online.com.ar\/index.php?rest_route=%2Fwp%2Fv2%2Fcategories&post=3703"},{"taxonomy":"post_tag","embeddable":true,"href":"https:\/\/www.comuna13online.com.ar\/index.php?rest_route=%2Fwp%2Fv2%2Ftags&post=3703"}],"curies":[{"name":"wp","href":"https:\/\/api.w.org\/{rel}","templated":true}]}}