{"id":3687,"date":"2018-12-07T07:00:51","date_gmt":"2018-12-07T10:00:51","guid":{"rendered":"http:\/\/www.comuna13online.com.ar\/?p=3687"},"modified":"2018-12-07T13:20:35","modified_gmt":"2018-12-07T16:20:35","slug":"nueva-jornada-de-adopcion-de-mascotas-en-nuestra-vecina-comuna-14","status":"publish","type":"post","link":"https:\/\/www.comuna13online.com.ar\/?p=3687","title":{"rendered":"Nueva Jornada de Adopci\u00f3n de mascotas en nuestra vecina Comuna 14"},"content":{"rendered":"<p><strong>En el marco del programa Mascotas de la Ciudad, el s\u00e1bado 8 de diciembre desde las 15:00 horas se llevar\u00e1 a cabo una jornada de adopci\u00f3n en\u00a0la Plaza Intendente Seeber.\u00a0<\/strong><\/p>\n<p><img loading=\"lazy\" decoding=\"async\" data-attachment-id=\"3688\" data-permalink=\"https:\/\/www.comuna13online.com.ar\/?attachment_id=3688\" data-orig-file=\"https:\/\/www.comuna13online.com.ar\/wp-content\/uploads\/2018\/12\/20181206a1.jpg\" data-orig-size=\"678,332\" data-comments-opened=\"0\" data-image-meta=\"{&quot;aperture&quot;:&quot;0&quot;,&quot;credit&quot;:&quot;&quot;,&quot;camera&quot;:&quot;&quot;,&quot;caption&quot;:&quot;&quot;,&quot;created_timestamp&quot;:&quot;0&quot;,&quot;copyright&quot;:&quot;&quot;,&quot;focal_length&quot;:&quot;0&quot;,&quot;iso&quot;:&quot;0&quot;,&quot;shutter_speed&quot;:&quot;0&quot;,&quot;title&quot;:&quot;&quot;,&quot;orientation&quot;:&quot;0&quot;}\" data-image-title=\"20181206a1\" data-image-description=\"\" data-image-caption=\"\" data-large-file=\"https:\/\/www.comuna13online.com.ar\/wp-content\/uploads\/2018\/12\/20181206a1.jpg\" class=\"alignnone size-medium wp-image-3688\" src=\"http:\/\/www.comuna13online.com.ar\/wp-content\/uploads\/2018\/12\/20181206a1-678x332.jpg\" alt=\"\" width=\"678\" height=\"332\" \/><\/p>\n<p>El Gobierno de la Ciudad, a trav\u00e9s del Ministerio de Ambiente y Espacio P\u00fablico a cargo de Eduardo Macchiavelli organiza una nueva\u00a0 Jornada de Adopci\u00f3n de Mascotas en la Ciudad, la misma se llevar\u00e1 a cabo en la Plaza Intendente Seeber, ubicada en la intersecci\u00f3n de Acercate a la Av. del Libertador y Av. Sarmiento del barrio Palermo de nuestra vecina Comuna 14.<\/p>\n<p>Los interesados se pueden acercarse a partir de las 15 hasta las 20 horas y conocer a las mascotas en adopci\u00f3n\u00a0 y colaborar con muchas de las organizaciones que cuidan a los perros y gatos que buscan un hogar definitivo. Adem\u00e1s, aquellos que lo deseen, pueden ayudar a las diferentes organizaciones de mascotas donando cualquiera de estos productos para perros o gatos: Alimentos, productos de limpieza e higiene, art\u00edculos de primeros auxilios, mantas o abrigos.<\/p>\n<blockquote><p><strong><span style=\"color: #008080;\"><em>\u00abLas jornadas de adopci\u00f3n de mascotas son una iniciativa ideal para compartir en familia al aire libre. La idea es llevar estas actividades a los parques y plazas de la Ciudad, para que puedan disfrutarlas todos los vecinos\u00bb<\/em><\/span><\/strong>, Eduardo Macchiavelli, Ministro de Ambiente y Espacio P\u00fablico de la Ciudad.<\/p><\/blockquote>\n<p>La jornada incluye adem\u00e1s un mont\u00f3n de actividades para toda la familia que se podr\u00e1n disfrutar durante todo el d\u00eda,\u00a0 se instalar\u00e1 un gazebo donde se desarrollar\u00e1n juegos para ni\u00f1os, habr\u00e1 desfiles de los perritos en adopci\u00f3n, un taller de paseo, sorteos, inflables con juegos interactivos y mucho m\u00e1s.<\/p>\n<p>Es bueno aclarar que cualquiera que tenga un perro o gato para dar en adopci\u00f3n puede ir, no podr\u00e1n utilizar ni los stands instalados ni participar de los desfiles, pero el evento se desarrolla en un espacio p\u00fablico y nadie puede impedir el ingreso. Recomendamos llevar a los gatitos en canil porque pudene asustarse y perderse.<\/p>\n<p>El principal objetivo de estas jornadas es promover la adopci\u00f3n responsable de perros y gatos.\u00a0Aquellas personas interesadas en adoptar una mascota, podr\u00e1n contactarse con cualquiera de las 45 instituciones que tienen animales en condiciones para ser adoptados.\u00a0En caso de cumplir con los requisitos para asegurar una tenencia responsable, podr\u00e1n formalizar la adopci\u00f3n.<\/p>\n<p>Las organizaciones dedicadas al cuidado de mascotas, contar\u00e1n con stands donde dar\u00e1n a conocer cu\u00e1les son los amigos peludos\u00a0que esperan una familia, podr\u00e1n reunir fondos, informar acerca de sus actividades y\u00a0recibir donaciones como alimentos, productos de limpieza e higiene, art\u00edculos de primeros auxilios, mantas y\/o abrigos.<\/p>\n<div align=\"center\"><iframe loading=\"lazy\" style=\"border: none; overflow: hidden;\" src=\"https:\/\/www.facebook.com\/plugins\/post.php?href=https%3A%2F%2Fwww.facebook.com%2FBAmascotas%2Fposts%2F1524984280967217&amp;width=500\" width=\"500\" height=\"721\" frameborder=\"0\" scrolling=\"no\"><\/iframe><\/div>\n<div align=\"center\">\n<hr \/>\n<\/div>\n<p><strong>Pza. Intendente Francisco Seeber<br \/>\n<\/strong>Av. Del Libertador 3302 (Esq. Av. Sarmiento)<br \/>\nComuna 14<br \/>\nS\u00e1bado 8 de diciembre 15 horas.<br \/>\n<iframe loading=\"lazy\" style=\"border: 0;\" src=\"https:\/\/www.google.com\/maps\/embed?pb=!1m18!1m12!1m3!1d1520.8065655837197!2d-58.416266445268604!3d-34.57573559466797!2m3!1f0!2f0!3f0!3m2!1i1024!2i768!4f13.1!3m3!1m2!1s0x95bcb577d3770a7b%3A0xae76d68f246e3bac!2sPlaza+Intendente+Seeber!5e0!3m2!1ses-419!2sar!4v1541012859768\" width=\"678\" height=\"500\" frameborder=\"0\" allowfullscreen=\"allowfullscreen\"><\/iframe><\/p>\n<p><strong>Transportes Cercanos:<\/strong><\/p>\n<p>Colectivos:\u00a010, 34, 37, 57, 67, 128, 130, 160 y 188.<br \/>\nSubte: Estaci\u00f3n Plaza Italia de la L\u00ednea D (800 mts.)<\/p>\n","protected":false},"excerpt":{"rendered":"<div class=\"mh-excerpt\">En el marco del programa Mascotas de la Ciudad, el s\u00e1bado 8 de diciembre desde las 15:00 horas se llevar\u00e1 a cabo una jornada de adopci\u00f3n en\u00a0la Plaza Intendente Seeber.\u00a0 <a class=\"mh-excerpt-more\" href=\"https:\/\/www.comuna13online.com.ar\/?p=3687\" title=\"Nueva Jornada de Adopci\u00f3n de mascotas en nuestra vecina Comuna 14\">[&#8230;]<\/a><\/div>\n","protected":false},"author":1,"featured_media":3121,"comment_status":"closed","ping_status":"closed","sticky":false,"template":"","format":"standard","meta":{"_uag_custom_page_level_css":"","_jetpack_memberships_contains_paid_content":false,"footnotes":"","jetpack_publicize_message":"Nueva Jornada de Adopci\u00f3n de #Mascotas en nuestra vecina Comuna 14","jetpack_publicize_feature_enabled":true,"jetpack_social_post_already_shared":true,"jetpack_social_options":{"image_generator_settings":{"template":"highway","default_image_id":0,"font":"","enabled":false},"version":2}},"categories":[39],"tags":[40,27],"class_list":{"0":"post-3687","1":"post","2":"type-post","3":"status-publish","4":"format-standard","5":"has-post-thumbnail","7":"category-mascotas","8":"tag-jornada-de-adopcion","9":"tag-mascotas"},"jetpack_publicize_connections":[],"jetpack_featured_media_url":"https:\/\/www.comuna13online.com.ar\/wp-content\/uploads\/2018\/10\/20181105a.jpg","uagb_featured_image_src":{"full":["https:\/\/www.comuna13online.com.ar\/wp-content\/uploads\/2018\/10\/20181105a.jpg",1030,438,false],"thumbnail":["https:\/\/www.comuna13online.com.ar\/wp-content\/uploads\/2018\/10\/20181105a-150x150.jpg",96,96,true],"medium":["https:\/\/www.comuna13online.com.ar\/wp-content\/uploads\/2018\/10\/20181105a-678x288.jpg",678,288,true],"medium_large":["https:\/\/www.comuna13online.com.ar\/wp-content\/uploads\/2018\/10\/20181105a-768x327.jpg",768,327,true],"large":["https:\/\/www.comuna13online.com.ar\/wp-content\/uploads\/2018\/10\/20181105a.jpg",1030,438,false],"1536x1536":["https:\/\/www.comuna13online.com.ar\/wp-content\/uploads\/2018\/10\/20181105a.jpg",1030,438,false],"2048x2048":["https:\/\/www.comuna13online.com.ar\/wp-content\/uploads\/2018\/10\/20181105a.jpg",1030,438,false],"mh-magazine-slider":["https:\/\/www.comuna13online.com.ar\/wp-content\/uploads\/2018\/10\/20181105a.jpg",1030,438,false],"mh-magazine-content":["https:\/\/www.comuna13online.com.ar\/wp-content\/uploads\/2018\/10\/20181105a-678x381.jpg",678,381,true],"mh-magazine-large":["https:\/\/www.comuna13online.com.ar\/wp-content\/uploads\/2018\/10\/20181105a-678x438.jpg",678,438,true],"mh-magazine-medium":["https:\/\/www.comuna13online.com.ar\/wp-content\/uploads\/2018\/10\/20181105a-326x245.jpg",326,245,true],"mh-magazine-small":["https:\/\/www.comuna13online.com.ar\/wp-content\/uploads\/2018\/10\/20181105a-80x60.jpg",80,60,true],"sow-carousel-default":["https:\/\/www.comuna13online.com.ar\/wp-content\/uploads\/2018\/10\/20181105a-272x182.jpg",272,182,true]},"uagb_author_info":{"display_name":"Comuna13","author_link":"https:\/\/www.comuna13online.com.ar\/?author=1"},"uagb_comment_info":0,"uagb_excerpt":"En el marco del programa Mascotas de la Ciudad, el s\u00e1bado 8 de diciembre desde las 15:00 horas se llevar\u00e1 a cabo una jornada de adopci\u00f3n en\u00a0la Plaza Intendente Seeber.\u00a0 [...]","jetpack_sharing_enabled":true,"_links":{"self":[{"href":"https:\/\/www.comuna13online.com.ar\/index.php?rest_route=\/wp\/v2\/posts\/3687","targetHints":{"allow":["GET"]}}],"collection":[{"href":"https:\/\/www.comuna13online.com.ar\/index.php?rest_route=\/wp\/v2\/posts"}],"about":[{"href":"https:\/\/www.comuna13online.com.ar\/index.php?rest_route=\/wp\/v2\/types\/post"}],"author":[{"embeddable":true,"href":"https:\/\/www.comuna13online.com.ar\/index.php?rest_route=\/wp\/v2\/users\/1"}],"replies":[{"embeddable":true,"href":"https:\/\/www.comuna13online.com.ar\/index.php?rest_route=%2Fwp%2Fv2%2Fcomments&post=3687"}],"version-history":[{"count":0,"href":"https:\/\/www.comuna13online.com.ar\/index.php?rest_route=\/wp\/v2\/posts\/3687\/revisions"}],"wp:featuredmedia":[{"embeddable":true,"href":"https:\/\/www.comuna13online.com.ar\/index.php?rest_route=\/wp\/v2\/media\/3121"}],"wp:attachment":[{"href":"https:\/\/www.comuna13online.com.ar\/index.php?rest_route=%2Fwp%2Fv2%2Fmedia&parent=3687"}],"wp:term":[{"taxonomy":"category","embeddable":true,"href":"https:\/\/www.comuna13online.com.ar\/index.php?rest_route=%2Fwp%2Fv2%2Fcategories&post=3687"},{"taxonomy":"post_tag","embeddable":true,"href":"https:\/\/www.comuna13online.com.ar\/index.php?rest_route=%2Fwp%2Fv2%2Ftags&post=3687"}],"curies":[{"name":"wp","href":"https:\/\/api.w.org\/{rel}","templated":true}]}}