{"id":3667,"date":"2018-12-05T06:02:50","date_gmt":"2018-12-05T09:02:50","guid":{"rendered":"http:\/\/www.comuna13online.com.ar\/?p=3667"},"modified":"2018-12-05T09:19:32","modified_gmt":"2018-12-05T12:19:32","slug":"reclamos-por-la-falta-de-vacantes-en-colegios-portenos","status":"publish","type":"post","link":"https:\/\/www.comuna13online.com.ar\/?p=3667","title":{"rendered":"Reclamos por la falta de vacantes en colegios porte\u00f1os"},"content":{"rendered":"<p><strong>Un grupo de padres organizado en <a class=\"ProfileHeaderCard-screennameLink u-linkComplex js-nav\" href=\"https:\/\/twitter.com\/VacantespaTodxs\" target=\"_blank\" rel=\"noopener\"><span class=\"username u-dir\" dir=\"ltr\">@<b class=\"u-linkComplex-target\">VacantespaTodxs<\/b><\/span><\/a>, particip\u00f3 de una extensa jornada de lucha por la comunidad de la Escuela Infantil 6 DE 6 ubicada en el Hospital Ramos Mej\u00eda, en el barrio porte\u00f1o de Balvanera.<\/strong><\/p>\n<p><img loading=\"lazy\" decoding=\"async\" data-attachment-id=\"3669\" data-permalink=\"https:\/\/www.comuna13online.com.ar\/?attachment_id=3669\" data-orig-file=\"https:\/\/www.comuna13online.com.ar\/wp-content\/uploads\/2018\/12\/20181205b1.jpg\" data-orig-size=\"678,377\" data-comments-opened=\"0\" data-image-meta=\"{&quot;aperture&quot;:&quot;0&quot;,&quot;credit&quot;:&quot;&quot;,&quot;camera&quot;:&quot;&quot;,&quot;caption&quot;:&quot;&quot;,&quot;created_timestamp&quot;:&quot;0&quot;,&quot;copyright&quot;:&quot;&quot;,&quot;focal_length&quot;:&quot;0&quot;,&quot;iso&quot;:&quot;0&quot;,&quot;shutter_speed&quot;:&quot;0&quot;,&quot;title&quot;:&quot;&quot;,&quot;orientation&quot;:&quot;0&quot;}\" data-image-title=\"20181205b1\" data-image-description=\"\" data-image-caption=\"\" data-large-file=\"https:\/\/www.comuna13online.com.ar\/wp-content\/uploads\/2018\/12\/20181205b1.jpg\" class=\"alignnone size-medium wp-image-3669\" src=\"http:\/\/www.comuna13online.com.ar\/wp-content\/uploads\/2018\/12\/20181205b1-678x377.jpg\" alt=\"\" width=\"678\" height=\"377\" \/><\/p>\n<p>A trav\u00e9s de un comunicado, los padres aseguraron: <em>\u201cSoledad Acu\u00f1a a cargo del Ministerio de Educaci\u00f3n e Innovaci\u00f3n de la Ciudad decidi\u00f3, una vez m\u00e1s, de manera inconsulta y arbitraria no abrir la inscripci\u00f3n para sala de Lactarios, de 45 d\u00edas a 1 a\u00f1o, para 2019 vulnerando el derecho constitucional de acceso a la educaci\u00f3n p\u00fablica de 45 beb\u00e9s que no podr\u00e1n ingresar a esta y probablemente a ninguna otra escuela, el derecho a la lactancia y el derecho de las madres y de los padres a reincorporarse a sus obligaciones laborales tras el nacimiento de sus hijos. Y como si esto fuera poco, decidi\u00f3 adem\u00e1s no incorporar ning\u00fan alumno nuevo a ninguna de las dem\u00e1s salas que si seguir\u00e1n funcionando en la escuela de 1, 2 , 3, 4 y 5 a\u00f1os recortando 70 vacantes de la matr\u00edcula capaz de albergar el jard\u00edn, ascendiendo a cerca de 120 ni\u00f1os que no tendr\u00e1n la posibilidad de acceder a la escuela de los m\u00e1s de 1600 que eligieron este jard\u00edn como primera opci\u00f3n de sus inscripciones\u201d.<\/em><\/p>\n<p>En paralelo, se refirieron al mandatario porte\u00f1o: <em>\u201cUna vez m\u00e1s Horacio Rodr\u00edguez Larreta al frente del Gobierno de la Ciudad de Buenos Aires desoye los pedidos de la comunidad educativa como ya es su costumbre, el gobierno \u2018del di\u00e1logo\u2019 no escucha, no comprende, no se conmueve con las necesidades reales de las familias trabajadoras\u201d.<\/em><\/p>\n<p><em>\u201cNi habiendo imaginado el peor escenario antes de las elecciones nadie hubiera imaginado todo el da\u00f1o, probablemente irreparable que causar\u00edan a la educaci\u00f3n p\u00fablica atacando constantemente todos sus niveles sin piedad\u201d,<\/em> expresaron los padres organizados en el escrito. Y a\u00f1adieron que <em>\u201caplicando un decreto obsoleto de los 90, con cerca de 22.000 ni\u00f1os en lista de espera, cierra salas, grados y cursos cada a\u00f1o ampliando esa cifra cada vez m\u00e1s\u201d.<\/em><\/p>\n<p><em>\u201cPrecarizando laboral y pedag\u00f3gicamente al Nivel Inicial reemplazando las salas maternales por los Centros de Primera Infancia que no son escuelas donde los grupos no necesariamente deben estar a cargo de decentes y el personal es contratado de manera precarizada\u201d,<\/em> sostuvieron.<\/p>\n<p>Adem\u00e1s, consideraron que <em>\u201ccon los recortes para comedores escolares y los cambios en los modos de inscripci\u00f3n a las viandas, asegur\u00e1ndose que cada vez menos ni\u00f1os puedan acceder al plato de comida que brinda la escuela y que en muchos casos es el \u00fanico que tienen en todo el d\u00eda. <\/em><em>Con los pases a jornada completa de las escuelas de jornada simple en vez de crear escuelas nuevas y los recortes de subsidios para cooperadoras\u201d.<\/em><\/p>\n<p><em>\u201cCon el cierre de orientaciones en Nivel Medio la quita de materias human\u00edsticas, t\u00e9cnicas y art\u00edsticas, los constantes e infundamentados cambios de planes de estudio y la pretensi\u00f3n de mandar a trabajar gratis a los j\u00f3venes y de reemplazar profesores en las aulas por asesores virtuales\u201d,<\/em> agregaron.<\/p>\n<p>Asimismo, se refirieron al proyecto de ley aprobado la semana pasada en la Legislatura: <em>\u201cCon el cierre de los 29 Institutos de Formaci\u00f3n Docente y el reemplazo de los mismos por el engendro de la UNICABA ampliamente resistido y repudiado por la comunidad educativa en su conjunto\u201d.<\/em><\/p>\n<p><em>\u201cLos intentos de traslado del Instituto de Educaci\u00f3n F\u00edsica, Romero Brest y de la Escuela de Cer\u00e1mica 1, entre otros, con claras intenciones de convertir predios ocupados por instituciones con trayectorias centenarias en negocios inmobiliarios\u201d,<\/em> manifestaron los padres que reclaman vacantes para los chicos.<\/p>\n<p>Es por eso que, para la comunidad educativa <em>\u201ces importante que familias, docentes, sindicatos y miembros de diversas agrupaciones sociales luchemos en conjunto en contra de estas pol\u00edticas de ajuste, vaciamiento y privatizaci\u00f3n\u201d.<\/em><\/p>\n<h4 style=\"text-align: center;\"><span style=\"color: #008080;\"><strong>En tanto, el s\u00e1bado pr\u00f3ximo 8 de diciembre de 17 a 20 horas, la organizaci\u00f3n llevar\u00e1 adelante el Festival Queremos Escuelas en la zona de la pista de skate del Parque Centenario.<\/strong><\/span><\/h4>\n<p><em>\u201cHace a\u00f1os pedimos la construcci\u00f3n de 40 escuelas infantiles en toda la Ciudad y de escuelas primarias en zona sur, pedimos el pase de los Centros de Primera Infancia a la \u00f3rbita de educaci\u00f3n, pedimos la derogaci\u00f3n del Decreto 1990 que habilita el cierre de salas, grados y cursos. Pedimos que dejen de recortar el presupuesto educativo\u201d,<\/em> cerraron<\/p>\n<div align=\"center\">\n<blockquote class=\"twitter-tweet\" data-lang=\"es\">\n<p dir=\"ltr\" lang=\"es\">Ma\u00f1ana 5 de diciembre, Todxs al Ministerio de Educaci\u00f3n Porte\u0148o! PASEO COLON 255 <a href=\"https:\/\/t.co\/v6gkTxea5F\">pic.twitter.com\/v6gkTxea5F<\/a><\/p>\n<p>\u2014 Vacantes para Todes (@VacantespaTodxs) <a href=\"https:\/\/twitter.com\/VacantespaTodxs\/status\/1070097463418241025?ref_src=twsrc%5Etfw\">4 de diciembre de 2018<\/a><\/p><\/blockquote>\n<p><script async src=\"https:\/\/platform.twitter.com\/widgets.js\" charset=\"utf-8\"><\/script><\/p>\n<\/div>\n<p>&nbsp;<\/p>\n","protected":false},"excerpt":{"rendered":"<div class=\"mh-excerpt\">Un grupo de padres organizado en @VacantespaTodxs, particip\u00f3 de una extensa jornada de lucha por la comunidad de la Escuela Infantil 6 DE 6 ubicada en el Hospital Ramos Mej\u00eda, <a class=\"mh-excerpt-more\" href=\"https:\/\/www.comuna13online.com.ar\/?p=3667\" title=\"Reclamos por la falta de vacantes en colegios porte\u00f1os\">[&#8230;]<\/a><\/div>\n","protected":false},"author":1,"featured_media":3668,"comment_status":"closed","ping_status":"closed","sticky":false,"template":"","format":"standard","meta":{"_uag_custom_page_level_css":"","_jetpack_memberships_contains_paid_content":false,"footnotes":"","jetpack_publicize_message":"Reclamos por la falta de vacantes en colegios porte\u00f1os.  @Vacantespatodxs","jetpack_publicize_feature_enabled":true,"jetpack_social_post_already_shared":true,"jetpack_social_options":{"image_generator_settings":{"template":"highway","default_image_id":0,"font":"","enabled":false},"version":2}},"categories":[113],"tags":[114],"class_list":{"0":"post-3667","1":"post","2":"type-post","3":"status-publish","4":"format-standard","5":"has-post-thumbnail","7":"category-educacion","8":"tag-educacion"},"jetpack_publicize_connections":[],"jetpack_featured_media_url":"https:\/\/www.comuna13online.com.ar\/wp-content\/uploads\/2018\/12\/20181205b.jpg","uagb_featured_image_src":{"full":["https:\/\/www.comuna13online.com.ar\/wp-content\/uploads\/2018\/12\/20181205b.jpg",1030,438,false],"thumbnail":["https:\/\/www.comuna13online.com.ar\/wp-content\/uploads\/2018\/12\/20181205b-150x150.jpg",96,96,true],"medium":["https:\/\/www.comuna13online.com.ar\/wp-content\/uploads\/2018\/12\/20181205b-678x288.jpg",678,288,true],"medium_large":["https:\/\/www.comuna13online.com.ar\/wp-content\/uploads\/2018\/12\/20181205b-768x327.jpg",768,327,true],"large":["https:\/\/www.comuna13online.com.ar\/wp-content\/uploads\/2018\/12\/20181205b.jpg",1030,438,false],"1536x1536":["https:\/\/www.comuna13online.com.ar\/wp-content\/uploads\/2018\/12\/20181205b.jpg",1030,438,false],"2048x2048":["https:\/\/www.comuna13online.com.ar\/wp-content\/uploads\/2018\/12\/20181205b.jpg",1030,438,false],"mh-magazine-slider":["https:\/\/www.comuna13online.com.ar\/wp-content\/uploads\/2018\/12\/20181205b.jpg",1030,438,false],"mh-magazine-content":["https:\/\/www.comuna13online.com.ar\/wp-content\/uploads\/2018\/12\/20181205b-678x381.jpg",678,381,true],"mh-magazine-large":["https:\/\/www.comuna13online.com.ar\/wp-content\/uploads\/2018\/12\/20181205b-678x438.jpg",678,438,true],"mh-magazine-medium":["https:\/\/www.comuna13online.com.ar\/wp-content\/uploads\/2018\/12\/20181205b-326x245.jpg",326,245,true],"mh-magazine-small":["https:\/\/www.comuna13online.com.ar\/wp-content\/uploads\/2018\/12\/20181205b-80x60.jpg",80,60,true],"sow-carousel-default":["https:\/\/www.comuna13online.com.ar\/wp-content\/uploads\/2018\/12\/20181205b-272x182.jpg",272,182,true]},"uagb_author_info":{"display_name":"Comuna13","author_link":"https:\/\/www.comuna13online.com.ar\/?author=1"},"uagb_comment_info":0,"uagb_excerpt":"Un grupo de padres organizado en @VacantespaTodxs, particip\u00f3 de una extensa jornada de lucha por la comunidad de la Escuela Infantil 6 DE 6 ubicada en el Hospital Ramos Mej\u00eda, [...]","jetpack_sharing_enabled":true,"_links":{"self":[{"href":"https:\/\/www.comuna13online.com.ar\/index.php?rest_route=\/wp\/v2\/posts\/3667","targetHints":{"allow":["GET"]}}],"collection":[{"href":"https:\/\/www.comuna13online.com.ar\/index.php?rest_route=\/wp\/v2\/posts"}],"about":[{"href":"https:\/\/www.comuna13online.com.ar\/index.php?rest_route=\/wp\/v2\/types\/post"}],"author":[{"embeddable":true,"href":"https:\/\/www.comuna13online.com.ar\/index.php?rest_route=\/wp\/v2\/users\/1"}],"replies":[{"embeddable":true,"href":"https:\/\/www.comuna13online.com.ar\/index.php?rest_route=%2Fwp%2Fv2%2Fcomments&post=3667"}],"version-history":[{"count":0,"href":"https:\/\/www.comuna13online.com.ar\/index.php?rest_route=\/wp\/v2\/posts\/3667\/revisions"}],"wp:featuredmedia":[{"embeddable":true,"href":"https:\/\/www.comuna13online.com.ar\/index.php?rest_route=\/wp\/v2\/media\/3668"}],"wp:attachment":[{"href":"https:\/\/www.comuna13online.com.ar\/index.php?rest_route=%2Fwp%2Fv2%2Fmedia&parent=3667"}],"wp:term":[{"taxonomy":"category","embeddable":true,"href":"https:\/\/www.comuna13online.com.ar\/index.php?rest_route=%2Fwp%2Fv2%2Fcategories&post=3667"},{"taxonomy":"post_tag","embeddable":true,"href":"https:\/\/www.comuna13online.com.ar\/index.php?rest_route=%2Fwp%2Fv2%2Ftags&post=3667"}],"curies":[{"name":"wp","href":"https:\/\/api.w.org\/{rel}","templated":true}]}}