{"id":3660,"date":"2018-12-05T08:59:09","date_gmt":"2018-12-05T11:59:09","guid":{"rendered":"http:\/\/www.comuna13online.com.ar\/?p=3660"},"modified":"2018-12-05T17:05:27","modified_gmt":"2018-12-05T20:05:27","slug":"renovaran-el-nodo-obelisco-y-la-linea-d-del-subte","status":"publish","type":"post","link":"https:\/\/www.comuna13online.com.ar\/?p=3660","title":{"rendered":"Renovar\u00e1n el Nodo Obelisco y la L\u00ednea D del subte"},"content":{"rendered":"<p><strong>Mejorar\u00e1 el acceso y la circulaci\u00f3n en pasillos y andenes de las l\u00edneas D, B y C, en la D se reemplazar\u00e1 el sistema de se\u00f1ales y se incorporar\u00e1n coches.<\/strong><\/p>\n<p><img loading=\"lazy\" decoding=\"async\" data-attachment-id=\"3665\" data-permalink=\"https:\/\/www.comuna13online.com.ar\/?attachment_id=3665\" data-orig-file=\"https:\/\/www.comuna13online.com.ar\/wp-content\/uploads\/2018\/12\/20181205a3.jpg\" data-orig-size=\"678,389\" data-comments-opened=\"0\" data-image-meta=\"{&quot;aperture&quot;:&quot;0&quot;,&quot;credit&quot;:&quot;&quot;,&quot;camera&quot;:&quot;&quot;,&quot;caption&quot;:&quot;&quot;,&quot;created_timestamp&quot;:&quot;0&quot;,&quot;copyright&quot;:&quot;&quot;,&quot;focal_length&quot;:&quot;0&quot;,&quot;iso&quot;:&quot;0&quot;,&quot;shutter_speed&quot;:&quot;0&quot;,&quot;title&quot;:&quot;&quot;,&quot;orientation&quot;:&quot;0&quot;}\" data-image-title=\"20181205a3\" data-image-description=\"\" data-image-caption=\"\" data-large-file=\"https:\/\/www.comuna13online.com.ar\/wp-content\/uploads\/2018\/12\/20181205a3.jpg\" class=\"alignnone size-medium wp-image-3665\" src=\"http:\/\/www.comuna13online.com.ar\/wp-content\/uploads\/2018\/12\/20181205a3-678x389.jpg\" alt=\"\" width=\"678\" height=\"389\" \/><\/p>\n<p>Rodr\u00edguez Larreta present\u00f3 ayer por la tarde el proyecto de modernizaci\u00f3n para del Nodo Obleisco, que conecta las Estaciones de subte Carlos Pellegrini, Diagonal Norte y 9 de Julio de las l\u00edneas B, C y D respectivamente y la renovaci\u00f3n de la L\u00ednea D del subterr\u00e1neo.<\/p>\n<blockquote><p><span style=\"color: #008080;\"><strong>\u00abEs una obra impresionante para seguir mejorando el servicio de subte, para seguir mejorando el transporte p\u00fablico en la Ciudad, que es como viaja la gran mayor\u00eda de la gente\u00bb<\/strong><\/span>, expres\u00f3 Rodr\u00edguez Larreta<\/p><\/blockquote>\n<p>Con la modernizaci\u00f3n del\u00a0Nodo Obelisco buscan evitar congesti\u00f3n de pasajeros que se genera en las combinaciones\u00a0 y andenes\u00a0 y as\u00ed facilitar el acceso y la combinaci\u00f3n entre las l\u00edneas. Por otro lado se mejorar\u00e1 la seguridad en caso de emergencia.<\/p>\n<p><img loading=\"lazy\" decoding=\"async\" data-attachment-id=\"3663\" data-permalink=\"https:\/\/www.comuna13online.com.ar\/?attachment_id=3663\" data-orig-file=\"https:\/\/www.comuna13online.com.ar\/wp-content\/uploads\/2018\/12\/20181205a1.jpg\" data-orig-size=\"678,308\" data-comments-opened=\"0\" data-image-meta=\"{&quot;aperture&quot;:&quot;0&quot;,&quot;credit&quot;:&quot;&quot;,&quot;camera&quot;:&quot;&quot;,&quot;caption&quot;:&quot;&quot;,&quot;created_timestamp&quot;:&quot;0&quot;,&quot;copyright&quot;:&quot;&quot;,&quot;focal_length&quot;:&quot;0&quot;,&quot;iso&quot;:&quot;0&quot;,&quot;shutter_speed&quot;:&quot;0&quot;,&quot;title&quot;:&quot;&quot;,&quot;orientation&quot;:&quot;0&quot;}\" data-image-title=\"20181205a1\" data-image-description=\"\" data-image-caption=\"\" data-large-file=\"https:\/\/www.comuna13online.com.ar\/wp-content\/uploads\/2018\/12\/20181205a1.jpg\" class=\"alignnone size-medium wp-image-3663\" src=\"http:\/\/www.comuna13online.com.ar\/wp-content\/uploads\/2018\/12\/20181205a1-678x308.jpg\" alt=\"\" width=\"678\" height=\"308\" \/><\/p>\n<p><strong>Con la renovaci\u00f3n, el Nuevo Nodo Obelisco contar\u00e1 con:<\/strong><\/p>\n<ul>\n<li>Un nuevo t\u00fanel que correr\u00e1 debajo de la calle Sarmiento, entre Suipacha y Esmeralda, que tendr\u00e1 empalmes con el and\u00e9n Catedral de la L\u00ednea D y el and\u00e9n Constituci\u00f3n de la L\u00ednea C.<\/li>\n<li>Acceso sobre la calle Sarmiento, entre Suipacha y Esmeralda, que ampliar\u00e1 los espacios de combinaci\u00f3n y evacuaci\u00f3n. Adem\u00e1s, permitir\u00e1 que personas con movilidad reducida accedan a la estaci\u00f3n Diagonal Norte de la\u00a0L\u00ednea C y al and\u00e9n norte de la estaci\u00f3n 9 de Julio de la L\u00ednea D.<\/li>\n<li>Un nuevo pasillo para realizar el trasbordo desde la L\u00ednea D a las L\u00edneas B y C.<\/li>\n<li>La ampliaci\u00f3n de los andenes de las estaciones 9 de Julio hacia Catedral (L\u00ednea D) y Diagonal Norte en ambos sentidos (L\u00ednea C).<\/li>\n<li>Se construir\u00e1 una nueva entrada sobre la calle Sarmiento al 800.<\/li>\n<li>Incorporar\u00e1n nuevas escaleras fijas, mec\u00e1nicas y ascensores para mejorar la accesibilidad.<\/li>\n<\/ul>\n<p><iframe loading=\"lazy\" src=\"https:\/\/www.youtube.com\/embed\/EswFWHNceV4\" width=\"678\" height=\"381\" frameborder=\"0\" allowfullscreen=\"allowfullscreen\"><span data-mce-type=\"bookmark\" style=\"display: inline-block; width: 0px; overflow: hidden; line-height: 0;\" class=\"mce_SELRES_start\">\ufeff<\/span><\/iframe><\/p>\n<p>La\u00a0 L\u00ednea D del subte recibir\u00e1 una inversi\u00f3n de casi usd 150 millones que servir\u00e1n para\u00a0la renovaci\u00f3n del sistema de se\u00f1alamiento, reemplazando el actual sistema ATP (Automatic Train Stop) por CBTC\u00a0(Communications-Based Train Control) ampliamente m\u00e1s moderno.<\/p>\n<p>Esta obra\u00a0fue licitada por Subterr\u00e1neos de Buenos Aires S.E. en 2016 y nunca fue adjudicada por falta de financiamiento. Ahora la obra completa un\u00a0contempla un endeudamiento de hasta 105 millones de d\u00f3lares con el Banco Europeo de Inversiones.<\/p>\n<p>La instalaci\u00f3n del nuevo sistema de especializaci\u00f3n le permitir\u00e1 a la L\u00ednea ampliar de su flota de coches en un 30% y\u00a0 reducir el tiempo de viaje en un 15% entre cabeceras. Adem\u00e1s con la incorporaci\u00f3n de nuevos coches se busca alcanzar que la totalidad de los coches est\u00e9n equipados con aire acondicionado. Se estipula que los trabajos estar\u00e1 terminados en 2020.<\/p>\n<blockquote><p><strong><span style=\"color: #008080;\"><em>\u00abCon esto vamos a dar un paso m\u00e1s en la mejora de la frecuencia, en este caso de la L\u00ednea D, y tambi\u00e9n en cuanto a la comodidad y la seguridad en la conexi\u00f3n de las tres l\u00edneas que hay aqu\u00ed en esta zona c\u00e9ntrica de la Ciudad\u00bb<\/em><\/span><\/strong>, asegur\u00f3 Rodr\u00edguez Larreta.<\/p><\/blockquote>\n<p>Por su parte el Ministro de \u00abVamos<em> a lograr que el viaje desde N\u00fa\u00f1ez a Catedral, que hoy dura 26 minutos, pase a durar 22. Esos cuatro minutos, para alguien que viaja todos los d\u00edas dos veces, equivalen casi a medio d\u00eda de trabajo en un mes\u00bb<\/em>, agreg\u00f3 Franco Moccia,\u00a0Ministerio de Desarrollo Urbano y Transporte.<\/p>\n<figure id=\"attachment_3664\" aria-describedby=\"caption-attachment-3664\" style=\"width: 678px\" class=\"wp-caption alignnone\"><img loading=\"lazy\" decoding=\"async\" data-attachment-id=\"3664\" data-permalink=\"https:\/\/www.comuna13online.com.ar\/?attachment_id=3664\" data-orig-file=\"https:\/\/www.comuna13online.com.ar\/wp-content\/uploads\/2018\/12\/20181205a2.jpg\" data-orig-size=\"1024,398\" data-comments-opened=\"0\" data-image-meta=\"{&quot;aperture&quot;:&quot;0&quot;,&quot;credit&quot;:&quot;&quot;,&quot;camera&quot;:&quot;&quot;,&quot;caption&quot;:&quot;&quot;,&quot;created_timestamp&quot;:&quot;0&quot;,&quot;copyright&quot;:&quot;&quot;,&quot;focal_length&quot;:&quot;0&quot;,&quot;iso&quot;:&quot;0&quot;,&quot;shutter_speed&quot;:&quot;0&quot;,&quot;title&quot;:&quot;&quot;,&quot;orientation&quot;:&quot;0&quot;}\" data-image-title=\"20181205a2\" data-image-description=\"\" data-image-caption=\"\" data-large-file=\"https:\/\/www.comuna13online.com.ar\/wp-content\/uploads\/2018\/12\/20181205a2.jpg\" class=\"wp-image-3664 size-medium\" src=\"http:\/\/www.comuna13online.com.ar\/wp-content\/uploads\/2018\/12\/20181205a2-678x264.jpg\" alt=\"\" width=\"678\" height=\"264\" srcset=\"https:\/\/www.comuna13online.com.ar\/wp-content\/uploads\/2018\/12\/20181205a2-678x264.jpg 678w, https:\/\/www.comuna13online.com.ar\/wp-content\/uploads\/2018\/12\/20181205a2-768x299.jpg 768w, https:\/\/www.comuna13online.com.ar\/wp-content\/uploads\/2018\/12\/20181205a2.jpg 1024w\" sizes=\"auto, (max-width: 678px) 100vw, 678px\" \/><figcaption id=\"caption-attachment-3664\" class=\"wp-caption-text\"><span style=\"color: #808080;\"><strong>Nuevo pasillo en la Estaci\u00f3n 9 de Julio de la L\u00ednea D<\/strong><\/span><\/figcaption><\/figure>\n<p>Para la concreci\u00f3n de estos dos proyectos, el Gobierno de la Ciudad est\u00e1 decidido a tomar deuda, hay en avanzado un pr\u00e9stamo de hasta usd 105 millones con el Banco Europeo de Inversiones (BEI)\u00a0que Subterr\u00e1neos de Buenos Aires.<\/p>\n<p>&nbsp;<\/p>\n<div align=\"center\">\n<blockquote class=\"twitter-tweet\" data-lang=\"es\">\n<p dir=\"ltr\" lang=\"es\">Estamos muy contentos de contarles, con <a href=\"https:\/\/twitter.com\/diegosantilli?ref_src=twsrc%5Etfw\">@diegosantilli<\/a>, <a href=\"https:\/\/twitter.com\/FelipeMiguelBA?ref_src=twsrc%5Etfw\">@FelipeMiguelBA<\/a> y <a href=\"https:\/\/twitter.com\/francomoccia?ref_src=twsrc%5Etfw\">@francomoccia<\/a>, que vamos a transformar el servicio de la L\u00ednea D. Una buena noticia para todos los porte\u00f1os que eligen el subte, la manera m\u00e1s r\u00e1pida de moverse por la Ciudad. <a href=\"https:\/\/t.co\/Py70Xma4mc\">pic.twitter.com\/Py70Xma4mc<\/a><\/p>\n<p>\u2014 Horacio Rodr\u00edguez Larreta (@horaciorlarreta) <a href=\"https:\/\/twitter.com\/horaciorlarreta\/status\/1070012200742502400?ref_src=twsrc%5Etfw\">4 de diciembre de 2018<\/a><\/p><\/blockquote>\n<p><script async src=\"https:\/\/platform.twitter.com\/widgets.js\" charset=\"utf-8\"><\/script><\/p>\n<\/div>\n","protected":false},"excerpt":{"rendered":"<div class=\"mh-excerpt\">Mejorar\u00e1 el acceso y la circulaci\u00f3n en pasillos y andenes de las l\u00edneas D, B y C, en la D se reemplazar\u00e1 el sistema de se\u00f1ales y se incorporar\u00e1n coches. <a class=\"mh-excerpt-more\" href=\"https:\/\/www.comuna13online.com.ar\/?p=3660\" title=\"Renovar\u00e1n el Nodo Obelisco y la L\u00ednea D del subte\">[&#8230;]<\/a><\/div>\n","protected":false},"author":1,"featured_media":3662,"comment_status":"closed","ping_status":"closed","sticky":false,"template":"","format":"standard","meta":{"_uag_custom_page_level_css":"","_jetpack_memberships_contains_paid_content":false,"footnotes":"","jetpack_publicize_message":"","jetpack_publicize_feature_enabled":true,"jetpack_social_post_already_shared":true,"jetpack_social_options":{"image_generator_settings":{"template":"highway","default_image_id":0,"font":"","enabled":false},"version":2}},"categories":[14],"tags":[66,84,94,16],"class_list":{"0":"post-3660","1":"post","2":"type-post","3":"status-publish","4":"format-standard","5":"has-post-thumbnail","7":"category-subte","8":"tag-desarrollo-urbano","9":"tag-linea-d","10":"tag-obra-publica","11":"tag-subte"},"jetpack_publicize_connections":[],"jetpack_featured_media_url":"https:\/\/www.comuna13online.com.ar\/wp-content\/uploads\/2018\/12\/20181205a.jpg","uagb_featured_image_src":{"full":["https:\/\/www.comuna13online.com.ar\/wp-content\/uploads\/2018\/12\/20181205a.jpg",1030,438,false],"thumbnail":["https:\/\/www.comuna13online.com.ar\/wp-content\/uploads\/2018\/12\/20181205a-150x150.jpg",96,96,true],"medium":["https:\/\/www.comuna13online.com.ar\/wp-content\/uploads\/2018\/12\/20181205a-678x288.jpg",678,288,true],"medium_large":["https:\/\/www.comuna13online.com.ar\/wp-content\/uploads\/2018\/12\/20181205a-768x327.jpg",768,327,true],"large":["https:\/\/www.comuna13online.com.ar\/wp-content\/uploads\/2018\/12\/20181205a.jpg",1030,438,false],"1536x1536":["https:\/\/www.comuna13online.com.ar\/wp-content\/uploads\/2018\/12\/20181205a.jpg",1030,438,false],"2048x2048":["https:\/\/www.comuna13online.com.ar\/wp-content\/uploads\/2018\/12\/20181205a.jpg",1030,438,false],"mh-magazine-slider":["https:\/\/www.comuna13online.com.ar\/wp-content\/uploads\/2018\/12\/20181205a.jpg",1030,438,false],"mh-magazine-content":["https:\/\/www.comuna13online.com.ar\/wp-content\/uploads\/2018\/12\/20181205a-678x381.jpg",678,381,true],"mh-magazine-large":["https:\/\/www.comuna13online.com.ar\/wp-content\/uploads\/2018\/12\/20181205a-678x438.jpg",678,438,true],"mh-magazine-medium":["https:\/\/www.comuna13online.com.ar\/wp-content\/uploads\/2018\/12\/20181205a-326x245.jpg",326,245,true],"mh-magazine-small":["https:\/\/www.comuna13online.com.ar\/wp-content\/uploads\/2018\/12\/20181205a-80x60.jpg",80,60,true],"sow-carousel-default":["https:\/\/www.comuna13online.com.ar\/wp-content\/uploads\/2018\/12\/20181205a-272x182.jpg",272,182,true]},"uagb_author_info":{"display_name":"Comuna13","author_link":"https:\/\/www.comuna13online.com.ar\/?author=1"},"uagb_comment_info":0,"uagb_excerpt":"Mejorar\u00e1 el acceso y la circulaci\u00f3n en pasillos y andenes de las l\u00edneas D, B y C, en la D se reemplazar\u00e1 el sistema de se\u00f1ales y se incorporar\u00e1n coches. [...]","jetpack_sharing_enabled":true,"_links":{"self":[{"href":"https:\/\/www.comuna13online.com.ar\/index.php?rest_route=\/wp\/v2\/posts\/3660","targetHints":{"allow":["GET"]}}],"collection":[{"href":"https:\/\/www.comuna13online.com.ar\/index.php?rest_route=\/wp\/v2\/posts"}],"about":[{"href":"https:\/\/www.comuna13online.com.ar\/index.php?rest_route=\/wp\/v2\/types\/post"}],"author":[{"embeddable":true,"href":"https:\/\/www.comuna13online.com.ar\/index.php?rest_route=\/wp\/v2\/users\/1"}],"replies":[{"embeddable":true,"href":"https:\/\/www.comuna13online.com.ar\/index.php?rest_route=%2Fwp%2Fv2%2Fcomments&post=3660"}],"version-history":[{"count":0,"href":"https:\/\/www.comuna13online.com.ar\/index.php?rest_route=\/wp\/v2\/posts\/3660\/revisions"}],"wp:featuredmedia":[{"embeddable":true,"href":"https:\/\/www.comuna13online.com.ar\/index.php?rest_route=\/wp\/v2\/media\/3662"}],"wp:attachment":[{"href":"https:\/\/www.comuna13online.com.ar\/index.php?rest_route=%2Fwp%2Fv2%2Fmedia&parent=3660"}],"wp:term":[{"taxonomy":"category","embeddable":true,"href":"https:\/\/www.comuna13online.com.ar\/index.php?rest_route=%2Fwp%2Fv2%2Fcategories&post=3660"},{"taxonomy":"post_tag","embeddable":true,"href":"https:\/\/www.comuna13online.com.ar\/index.php?rest_route=%2Fwp%2Fv2%2Ftags&post=3660"}],"curies":[{"name":"wp","href":"https:\/\/api.w.org\/{rel}","templated":true}]}}