{"id":3631,"date":"2018-12-03T05:00:37","date_gmt":"2018-12-03T08:00:37","guid":{"rendered":"http:\/\/www.comuna13online.com.ar\/?p=3631"},"modified":"2018-12-03T13:54:48","modified_gmt":"2018-12-03T16:54:48","slug":"rodriguez-larreta-recorrio-nuevamente-las-obras-del-arroyo-vega","status":"publish","type":"post","link":"https:\/\/www.comuna13online.com.ar\/?p=3631","title":{"rendered":"Rodr\u00edguez Larreta recorri\u00f3 nuevamente las obras del Arroyo Vega"},"content":{"rendered":"<p><strong>Las obras del segundo emisario del Arroyo Vega reducir\u00e1n el riesgo de inundaciones en los barrios de Agronom\u00eda, Parque Chas, Villa Ort\u00fazar y Colegiales y Belgrano en nuestra comuna.<\/strong><\/p>\n<p><img loading=\"lazy\" decoding=\"async\" data-attachment-id=\"3633\" data-permalink=\"https:\/\/www.comuna13online.com.ar\/?attachment_id=3633\" data-orig-file=\"https:\/\/www.comuna13online.com.ar\/wp-content\/uploads\/2018\/12\/20181203d1.jpg\" data-orig-size=\"678,411\" data-comments-opened=\"0\" data-image-meta=\"{&quot;aperture&quot;:&quot;0&quot;,&quot;credit&quot;:&quot;&quot;,&quot;camera&quot;:&quot;&quot;,&quot;caption&quot;:&quot;&quot;,&quot;created_timestamp&quot;:&quot;0&quot;,&quot;copyright&quot;:&quot;&quot;,&quot;focal_length&quot;:&quot;0&quot;,&quot;iso&quot;:&quot;0&quot;,&quot;shutter_speed&quot;:&quot;0&quot;,&quot;title&quot;:&quot;&quot;,&quot;orientation&quot;:&quot;0&quot;}\" data-image-title=\"20181203d1\" data-image-description=\"\" data-image-caption=\"\" data-large-file=\"https:\/\/www.comuna13online.com.ar\/wp-content\/uploads\/2018\/12\/20181203d1.jpg\" class=\"alignnone size-medium wp-image-3633\" src=\"http:\/\/www.comuna13online.com.ar\/wp-content\/uploads\/2018\/12\/20181203d1-678x411.jpg\" alt=\"\" width=\"678\" height=\"411\" \/><\/p>\n<p>El Jefe de Gobierno, Horacio Rodr\u00edguez Larreta, recorri\u00f3 el martes las obras del segundo emisario del Arroyo Vega, que van a reducir el riesgo de inundaciones en los barrios de Agronom\u00eda, Parque Chas, Villa Ort\u00fazar, Colegiales y Belgrano.<\/p>\n<p>Esta obra va a duplicar la capacidad de conducci\u00f3n del agua del actual emisario y la capacidad de drenaje para suavizar el efecto de lluvias y sudestadas en la Ciudad. Adem\u00e1s, va a reducir el riesgo de inundaciones. Se ver\u00e1n beneficiadas las Comunas 11, 12, 13, 14 y 15, donde viven unos 315.000 vecinos.<\/p>\n<p>Rodr\u00edguez Larreta explic\u00f3 en su recorrida que \u201c<em>esta obra es la que toma todo el Arroyo Vega, una de las zonas m\u00e1s inundables de la Ciudad, con la famosa esquina de Cabildo y Blanco Encalada y toda la cuenca. Esta es, despu\u00e9s del (Arroyo) Maldonado, la segunda obra m\u00e1s grande\u201d.<\/em><\/p>\n<p>Se trata de un t\u00fanel que va a extenderse a lo largo de cinco comunas de la Ciudad por 8.4 kil\u00f3metros. Va a pasar desde el cruce de las calles Nueva York y Helguera, por debajo de la traza de la calle Nueva York y La Pampa, hasta desembocar en el R\u00edo de la Plata.<\/p>\n<p>El t\u00fanel est\u00e1 dividido en dos tramos: el primer tramo del emisario consta de casi 6 kil\u00f3metros que se realizan con una m\u00e1quina tuneladora de equilibrio a presi\u00f3n a tierra de 5.30 metros de di\u00e1metro interno. En el segundo tramo se va a trabajar con la Pipe Jacking, que va a permitir instalar tuber\u00edas por los 2.4 kil\u00f3metros restantes.<\/p>\n<p><img loading=\"lazy\" decoding=\"async\" data-attachment-id=\"3634\" data-permalink=\"https:\/\/www.comuna13online.com.ar\/?attachment_id=3634\" data-orig-file=\"https:\/\/www.comuna13online.com.ar\/wp-content\/uploads\/2018\/12\/20181203d2.jpg\" data-orig-size=\"678,453\" data-comments-opened=\"0\" data-image-meta=\"{&quot;aperture&quot;:&quot;0&quot;,&quot;credit&quot;:&quot;&quot;,&quot;camera&quot;:&quot;&quot;,&quot;caption&quot;:&quot;&quot;,&quot;created_timestamp&quot;:&quot;0&quot;,&quot;copyright&quot;:&quot;&quot;,&quot;focal_length&quot;:&quot;0&quot;,&quot;iso&quot;:&quot;0&quot;,&quot;shutter_speed&quot;:&quot;0&quot;,&quot;title&quot;:&quot;&quot;,&quot;orientation&quot;:&quot;0&quot;}\" data-image-title=\"20181203d2\" data-image-description=\"\" data-image-caption=\"\" data-large-file=\"https:\/\/www.comuna13online.com.ar\/wp-content\/uploads\/2018\/12\/20181203d2-656x438.jpg\" class=\"alignnone size-medium wp-image-3634\" src=\"http:\/\/www.comuna13online.com.ar\/wp-content\/uploads\/2018\/12\/20181203d2-677x452.jpg\" alt=\"\" width=\"677\" height=\"452\" srcset=\"https:\/\/www.comuna13online.com.ar\/wp-content\/uploads\/2018\/12\/20181203d2-677x452.jpg 677w, https:\/\/www.comuna13online.com.ar\/wp-content\/uploads\/2018\/12\/20181203d2-656x438.jpg 656w, https:\/\/www.comuna13online.com.ar\/wp-content\/uploads\/2018\/12\/20181203d2.jpg 678w, https:\/\/www.comuna13online.com.ar\/wp-content\/uploads\/2018\/12\/20181203d2-272x182.jpg 272w\" sizes=\"auto, (max-width: 677px) 100vw, 677px\" \/><\/p>\n<p>La obra, en la que trabajan 110 obreros de la construcci\u00f3n, est\u00e1 prevista que finalice en la segunda mitad de 2019.<\/p>\n<p>Este trabajo comenz\u00f3 en Costanera Norte para conectarse con el segundo tramo en Parque Chas, donde se va a extender desde la calle Nueva York hasta Helguera y va a pasar por debajo de las l\u00edneas D y B de subte y el r\u00edo subterr\u00e1neo de AySA.<\/p>\n<p>Al mismo tiempo, se van a construir ramales secundarios y sumideros que van a alimentar al emisario, sumando 9 kil\u00f3metros de obra en Donado, Elcano, Victoria, \u00c1lvarez Thomas, Balb\u00edn, Constituyentes, Delgado, Freire, Lugones, Roseti, Sucre y Tronador.<\/p>\n","protected":false},"excerpt":{"rendered":"<div class=\"mh-excerpt\">Las obras del segundo emisario del Arroyo Vega reducir\u00e1n el riesgo de inundaciones en los barrios de Agronom\u00eda, Parque Chas, Villa Ort\u00fazar y Colegiales y Belgrano en nuestra comuna. El <a class=\"mh-excerpt-more\" href=\"https:\/\/www.comuna13online.com.ar\/?p=3631\" title=\"Rodr\u00edguez Larreta recorri\u00f3 nuevamente las obras del Arroyo Vega\">[&#8230;]<\/a><\/div>\n","protected":false},"author":1,"featured_media":3632,"comment_status":"closed","ping_status":"closed","sticky":false,"template":"","format":"standard","meta":{"_uag_custom_page_level_css":"","_jetpack_memberships_contains_paid_content":false,"footnotes":"","jetpack_publicize_message":"","jetpack_publicize_feature_enabled":true,"jetpack_social_post_already_shared":true,"jetpack_social_options":{"image_generator_settings":{"template":"highway","default_image_id":0,"font":"","enabled":false},"version":2}},"categories":[192],"tags":[96,19,66,31,94],"class_list":{"0":"post-3631","1":"post","2":"type-post","3":"status-publish","4":"format-standard","5":"has-post-thumbnail","7":"category-desarrollo-urbano","8":"tag-arroyo-vega","9":"tag-comuna-13","10":"tag-desarrollo-urbano","11":"tag-larreta","12":"tag-obra-publica"},"jetpack_publicize_connections":[],"jetpack_featured_media_url":"https:\/\/www.comuna13online.com.ar\/wp-content\/uploads\/2018\/12\/20181203d.jpg","uagb_featured_image_src":{"full":["https:\/\/www.comuna13online.com.ar\/wp-content\/uploads\/2018\/12\/20181203d.jpg",1030,438,false],"thumbnail":["https:\/\/www.comuna13online.com.ar\/wp-content\/uploads\/2018\/12\/20181203d-150x150.jpg",96,96,true],"medium":["https:\/\/www.comuna13online.com.ar\/wp-content\/uploads\/2018\/12\/20181203d-678x288.jpg",678,288,true],"medium_large":["https:\/\/www.comuna13online.com.ar\/wp-content\/uploads\/2018\/12\/20181203d-768x327.jpg",768,327,true],"large":["https:\/\/www.comuna13online.com.ar\/wp-content\/uploads\/2018\/12\/20181203d.jpg",1030,438,false],"1536x1536":["https:\/\/www.comuna13online.com.ar\/wp-content\/uploads\/2018\/12\/20181203d.jpg",1030,438,false],"2048x2048":["https:\/\/www.comuna13online.com.ar\/wp-content\/uploads\/2018\/12\/20181203d.jpg",1030,438,false],"mh-magazine-slider":["https:\/\/www.comuna13online.com.ar\/wp-content\/uploads\/2018\/12\/20181203d.jpg",1030,438,false],"mh-magazine-content":["https:\/\/www.comuna13online.com.ar\/wp-content\/uploads\/2018\/12\/20181203d-678x381.jpg",678,381,true],"mh-magazine-large":["https:\/\/www.comuna13online.com.ar\/wp-content\/uploads\/2018\/12\/20181203d-678x438.jpg",678,438,true],"mh-magazine-medium":["https:\/\/www.comuna13online.com.ar\/wp-content\/uploads\/2018\/12\/20181203d-326x245.jpg",326,245,true],"mh-magazine-small":["https:\/\/www.comuna13online.com.ar\/wp-content\/uploads\/2018\/12\/20181203d-80x60.jpg",80,60,true],"sow-carousel-default":["https:\/\/www.comuna13online.com.ar\/wp-content\/uploads\/2018\/12\/20181203d-272x182.jpg",272,182,true]},"uagb_author_info":{"display_name":"Comuna13","author_link":"https:\/\/www.comuna13online.com.ar\/?author=1"},"uagb_comment_info":0,"uagb_excerpt":"Las obras del segundo emisario del Arroyo Vega reducir\u00e1n el riesgo de inundaciones en los barrios de Agronom\u00eda, Parque Chas, Villa Ort\u00fazar y Colegiales y Belgrano en nuestra comuna. El [...]","jetpack_sharing_enabled":true,"_links":{"self":[{"href":"https:\/\/www.comuna13online.com.ar\/index.php?rest_route=\/wp\/v2\/posts\/3631","targetHints":{"allow":["GET"]}}],"collection":[{"href":"https:\/\/www.comuna13online.com.ar\/index.php?rest_route=\/wp\/v2\/posts"}],"about":[{"href":"https:\/\/www.comuna13online.com.ar\/index.php?rest_route=\/wp\/v2\/types\/post"}],"author":[{"embeddable":true,"href":"https:\/\/www.comuna13online.com.ar\/index.php?rest_route=\/wp\/v2\/users\/1"}],"replies":[{"embeddable":true,"href":"https:\/\/www.comuna13online.com.ar\/index.php?rest_route=%2Fwp%2Fv2%2Fcomments&post=3631"}],"version-history":[{"count":0,"href":"https:\/\/www.comuna13online.com.ar\/index.php?rest_route=\/wp\/v2\/posts\/3631\/revisions"}],"wp:featuredmedia":[{"embeddable":true,"href":"https:\/\/www.comuna13online.com.ar\/index.php?rest_route=\/wp\/v2\/media\/3632"}],"wp:attachment":[{"href":"https:\/\/www.comuna13online.com.ar\/index.php?rest_route=%2Fwp%2Fv2%2Fmedia&parent=3631"}],"wp:term":[{"taxonomy":"category","embeddable":true,"href":"https:\/\/www.comuna13online.com.ar\/index.php?rest_route=%2Fwp%2Fv2%2Fcategories&post=3631"},{"taxonomy":"post_tag","embeddable":true,"href":"https:\/\/www.comuna13online.com.ar\/index.php?rest_route=%2Fwp%2Fv2%2Ftags&post=3631"}],"curies":[{"name":"wp","href":"https:\/\/api.w.org\/{rel}","templated":true}]}}