{"id":3610,"date":"2018-11-29T06:00:27","date_gmt":"2018-11-29T09:00:27","guid":{"rendered":"http:\/\/www.comuna13online.com.ar\/?p=3610"},"modified":"2018-11-29T10:35:46","modified_gmt":"2018-11-29T13:35:46","slug":"por-el-g20-cierran-los-museos-de-la-comuna-13","status":"publish","type":"post","link":"https:\/\/www.comuna13online.com.ar\/?p=3610","title":{"rendered":"Por el G20 cierran los Museos de la Comuna 13"},"content":{"rendered":"<p><strong>Con motivo de la cumbre del G20 y los problemas para trasladarse que generan las restricciones implementadas, los Museos de Arte Enrique Larreta, y el Sarmiento, entre otros, permanecer\u00e1n cerrados.<\/strong><\/p>\n<p><img loading=\"lazy\" decoding=\"async\" data-attachment-id=\"99\" data-permalink=\"https:\/\/www.comuna13online.com.ar\/?attachment_id=99\" data-orig-file=\"https:\/\/www.comuna13online.com.ar\/wp-content\/uploads\/2017\/12\/line.jpg\" data-orig-size=\"678,1\" data-comments-opened=\"0\" data-image-meta=\"{&quot;aperture&quot;:&quot;0&quot;,&quot;credit&quot;:&quot;&quot;,&quot;camera&quot;:&quot;&quot;,&quot;caption&quot;:&quot;&quot;,&quot;created_timestamp&quot;:&quot;0&quot;,&quot;copyright&quot;:&quot;&quot;,&quot;focal_length&quot;:&quot;0&quot;,&quot;iso&quot;:&quot;0&quot;,&quot;shutter_speed&quot;:&quot;0&quot;,&quot;title&quot;:&quot;&quot;,&quot;orientation&quot;:&quot;0&quot;}\" data-image-title=\"line\" data-image-description=\"\" data-image-caption=\"\" data-large-file=\"https:\/\/www.comuna13online.com.ar\/wp-content\/uploads\/2017\/12\/line.jpg\" class=\"alignnone size-medium wp-image-99\" src=\"http:\/\/www.comuna13online.com.ar\/wp-content\/uploads\/2017\/12\/line-678x1.jpg\" alt=\"\" width=\"678\" height=\"1\" srcset=\"https:\/\/www.comuna13online.com.ar\/wp-content\/uploads\/2017\/12\/line.jpg 678w, https:\/\/www.comuna13online.com.ar\/wp-content\/uploads\/2017\/12\/line-150x1.jpg 150w, https:\/\/www.comuna13online.com.ar\/wp-content\/uploads\/2017\/12\/line-326x1.jpg 326w, https:\/\/www.comuna13online.com.ar\/wp-content\/uploads\/2017\/12\/line-80x1.jpg 80w, https:\/\/www.comuna13online.com.ar\/wp-content\/uploads\/2017\/12\/line-272x1.jpg 272w\" sizes=\"auto, (max-width: 678px) 100vw, 678px\" \/><\/p>\n<div align=\"center\">\n<blockquote class=\"twitter-tweet\" data-lang=\"es\">\n<p dir=\"ltr\" lang=\"es\">[MUSEO CERRADO]<br \/>\nAVISO IMPORTANTE<\/p>\n<p>Con motivo del G20, el museo permanecer\u00e1 cerrado al p\u00fablico los d\u00edas: jueves 29, viernes 30 de noviembre y s\u00e1bado 1\/12<\/p>\n<p>El domingo 2\/12 abre en su horario habitual de 10 a 20h (el ingreso es hasta las 19:30)<a href=\"https:\/\/twitter.com\/datacultura?ref_src=twsrc%5Etfw\">@datacultura<\/a> <a href=\"https:\/\/twitter.com\/MuseosBsAs?ref_src=twsrc%5Etfw\">@MuseosBsAs<\/a> <a href=\"https:\/\/twitter.com\/hashtag\/g20?src=hash&amp;ref_src=twsrc%5Etfw\">#g20<\/a> <a href=\"https:\/\/t.co\/uoSrkwl5My\">pic.twitter.com\/uoSrkwl5My<\/a><\/p>\n<p>\u2014 Museo Larreta (@MuseoLarreta) <a href=\"https:\/\/twitter.com\/MuseoLarreta\/status\/1067873863055347713?ref_src=twsrc%5Etfw\">28 de noviembre de 2018<\/a><\/p><\/blockquote>\n<p><script async src=\"https:\/\/platform.twitter.com\/widgets.js\" charset=\"utf-8\"><\/script><\/p>\n<\/div>\n<p>&nbsp;<\/p>\n<div align=\"center\">\n<blockquote class=\"twitter-tweet\" data-lang=\"es\">\n<p dir=\"ltr\" lang=\"es\">Aviso importante! Los d\u00edas 29, 30 y 1 , 2 de diciembre el Museo permanecer\u00e1 cerrado. <a href=\"https:\/\/t.co\/E94EMGehUm\">pic.twitter.com\/E94EMGehUm<\/a><\/p>\n<p>\u2014 Museo H. Sarmiento (@MuseoSarmiento) <a href=\"https:\/\/twitter.com\/MuseoSarmiento\/status\/1067791863153913856?ref_src=twsrc%5Etfw\">28 de noviembre de 2018<\/a><\/p><\/blockquote>\n<p><script async src=\"https:\/\/platform.twitter.com\/widgets.js\" charset=\"utf-8\"><\/script><\/p>\n<\/div>\n<div align=\"center\">\n<blockquote class=\"twitter-tweet\" data-lang=\"es\">\n<p dir=\"ltr\" lang=\"es\">Informamos que con motivo de la realizaci\u00f3n de la cumbre del G20 en nuestro pa\u00eds, la Direcci\u00f3n Nacional de Museos dispuso que el <a href=\"https:\/\/twitter.com\/MuseoMalvinas?ref_src=twsrc%5Etfw\">@MuseoMalvinas<\/a> cierre sus puertas desde el jueves 29 de noviembre hasta el domingo 2 de diciembre inclusive. <a href=\"https:\/\/t.co\/DHa84ov5o8\">pic.twitter.com\/DHa84ov5o8<\/a><\/p>\n<p>\u2014 Museo Malvinas (@MuseoMalvinas) <a href=\"https:\/\/twitter.com\/MuseoMalvinas\/status\/1067414898605506560?ref_src=twsrc%5Etfw\">27 de noviembre de 2018<\/a><\/p><\/blockquote>\n<p><script async src=\"https:\/\/platform.twitter.com\/widgets.js\" charset=\"utf-8\"><\/script><\/p>\n<\/div>\n<div align=\"center\">\n<blockquote class=\"twitter-tweet\" data-lang=\"es\">\n<p dir=\"ltr\" lang=\"es\">?El jueves 29, viernes 30 y s\u00e1bado 1\u00ba de diciembre, el Conti permanecer\u00e1 cerrado por la Cumbre del G 20 que se llevar\u00e1 a cabo en nuestra Ciudad. Lxs esperamos el domingo 2 de 11 a 21 hs. +info:<a href=\"https:\/\/t.co\/MXJe13QBK0\">https:\/\/t.co\/MXJe13QBK0<\/a> <a href=\"https:\/\/t.co\/crLQ2gRj8j\">pic.twitter.com\/crLQ2gRj8j<\/a><\/p>\n<p>\u2014 El Conti (@CCMHCONTI) <a href=\"https:\/\/twitter.com\/CCMHCONTI\/status\/1067809481415946245?ref_src=twsrc%5Etfw\">28 de noviembre de 2018<\/a><\/p><\/blockquote>\n<p><script async src=\"https:\/\/platform.twitter.com\/widgets.js\" charset=\"utf-8\"><\/script><\/p>\n<\/div>\n","protected":false},"excerpt":{"rendered":"<div class=\"mh-excerpt\">Con motivo de la cumbre del G20 y los problemas para trasladarse que generan las restricciones implementadas, los Museos de Arte Enrique Larreta, y el Sarmiento, entre otros, permanecer\u00e1n cerrados. <a class=\"mh-excerpt-more\" href=\"https:\/\/www.comuna13online.com.ar\/?p=3610\" title=\"Por el G20 cierran los Museos de la Comuna 13\">[&#8230;]<\/a><\/div>\n","protected":false},"author":1,"featured_media":3611,"comment_status":"closed","ping_status":"closed","sticky":false,"template":"","format":"standard","meta":{"_uag_custom_page_level_css":"","_jetpack_memberships_contains_paid_content":false,"footnotes":"","jetpack_publicize_message":"Por el G20 cierran los Museos de la Comuna 13 \r\n@MuseosBsAs #g20","jetpack_publicize_feature_enabled":true,"jetpack_social_post_already_shared":true,"jetpack_social_options":{"image_generator_settings":{"template":"highway","default_image_id":0,"font":"","enabled":false},"version":2}},"categories":[76],"tags":[19,127],"class_list":{"0":"post-3610","1":"post","2":"type-post","3":"status-publish","4":"format-standard","5":"has-post-thumbnail","7":"category-museos","8":"tag-comuna-13","9":"tag-museos"},"jetpack_publicize_connections":[],"jetpack_featured_media_url":"https:\/\/www.comuna13online.com.ar\/wp-content\/uploads\/2018\/11\/20181129c.jpg","uagb_featured_image_src":{"full":["https:\/\/www.comuna13online.com.ar\/wp-content\/uploads\/2018\/11\/20181129c.jpg",1030,438,false],"thumbnail":["https:\/\/www.comuna13online.com.ar\/wp-content\/uploads\/2018\/11\/20181129c-150x150.jpg",96,96,true],"medium":["https:\/\/www.comuna13online.com.ar\/wp-content\/uploads\/2018\/11\/20181129c-678x288.jpg",678,288,true],"medium_large":["https:\/\/www.comuna13online.com.ar\/wp-content\/uploads\/2018\/11\/20181129c-768x327.jpg",768,327,true],"large":["https:\/\/www.comuna13online.com.ar\/wp-content\/uploads\/2018\/11\/20181129c.jpg",1030,438,false],"1536x1536":["https:\/\/www.comuna13online.com.ar\/wp-content\/uploads\/2018\/11\/20181129c.jpg",1030,438,false],"2048x2048":["https:\/\/www.comuna13online.com.ar\/wp-content\/uploads\/2018\/11\/20181129c.jpg",1030,438,false],"mh-magazine-slider":["https:\/\/www.comuna13online.com.ar\/wp-content\/uploads\/2018\/11\/20181129c.jpg",1030,438,false],"mh-magazine-content":["https:\/\/www.comuna13online.com.ar\/wp-content\/uploads\/2018\/11\/20181129c-678x381.jpg",678,381,true],"mh-magazine-large":["https:\/\/www.comuna13online.com.ar\/wp-content\/uploads\/2018\/11\/20181129c-678x438.jpg",678,438,true],"mh-magazine-medium":["https:\/\/www.comuna13online.com.ar\/wp-content\/uploads\/2018\/11\/20181129c-326x245.jpg",326,245,true],"mh-magazine-small":["https:\/\/www.comuna13online.com.ar\/wp-content\/uploads\/2018\/11\/20181129c-80x60.jpg",80,60,true],"sow-carousel-default":["https:\/\/www.comuna13online.com.ar\/wp-content\/uploads\/2018\/11\/20181129c-272x182.jpg",272,182,true]},"uagb_author_info":{"display_name":"Comuna13","author_link":"https:\/\/www.comuna13online.com.ar\/?author=1"},"uagb_comment_info":0,"uagb_excerpt":"Con motivo de la cumbre del G20 y los problemas para trasladarse que generan las restricciones implementadas, los Museos de Arte Enrique Larreta, y el Sarmiento, entre otros, permanecer\u00e1n cerrados. [...]","jetpack_sharing_enabled":true,"_links":{"self":[{"href":"https:\/\/www.comuna13online.com.ar\/index.php?rest_route=\/wp\/v2\/posts\/3610","targetHints":{"allow":["GET"]}}],"collection":[{"href":"https:\/\/www.comuna13online.com.ar\/index.php?rest_route=\/wp\/v2\/posts"}],"about":[{"href":"https:\/\/www.comuna13online.com.ar\/index.php?rest_route=\/wp\/v2\/types\/post"}],"author":[{"embeddable":true,"href":"https:\/\/www.comuna13online.com.ar\/index.php?rest_route=\/wp\/v2\/users\/1"}],"replies":[{"embeddable":true,"href":"https:\/\/www.comuna13online.com.ar\/index.php?rest_route=%2Fwp%2Fv2%2Fcomments&post=3610"}],"version-history":[{"count":0,"href":"https:\/\/www.comuna13online.com.ar\/index.php?rest_route=\/wp\/v2\/posts\/3610\/revisions"}],"wp:featuredmedia":[{"embeddable":true,"href":"https:\/\/www.comuna13online.com.ar\/index.php?rest_route=\/wp\/v2\/media\/3611"}],"wp:attachment":[{"href":"https:\/\/www.comuna13online.com.ar\/index.php?rest_route=%2Fwp%2Fv2%2Fmedia&parent=3610"}],"wp:term":[{"taxonomy":"category","embeddable":true,"href":"https:\/\/www.comuna13online.com.ar\/index.php?rest_route=%2Fwp%2Fv2%2Fcategories&post=3610"},{"taxonomy":"post_tag","embeddable":true,"href":"https:\/\/www.comuna13online.com.ar\/index.php?rest_route=%2Fwp%2Fv2%2Ftags&post=3610"}],"curies":[{"name":"wp","href":"https:\/\/api.w.org\/{rel}","templated":true}]}}