{"id":3495,"date":"2018-11-23T01:15:47","date_gmt":"2018-11-23T04:15:47","guid":{"rendered":"http:\/\/www.comuna13online.com.ar\/?p=3495"},"modified":"2018-11-23T11:22:14","modified_gmt":"2018-11-23T14:22:14","slug":"pasado-y-presente-del-barrio-de-belgrano-en-el-museo-sarmiento","status":"publish","type":"post","link":"https:\/\/www.comuna13online.com.ar\/?p=3495","title":{"rendered":"\u00abPasado y presente del barrio de Belgrano\u00bb en el Museo Sarmiento"},"content":{"rendered":"<strong>Este viernes a las 18.30 la\u00a0Presidenta de la Junta de Estudios Hist\u00f3ricos de Belgrano, Silvia Vard\u00e9, brindar\u00e1 una charla con motivo del 163\u00b0 aniversario de la fundaci\u00f3n del barrio.<\/strong>\r\n\r\n<img loading=\"lazy\" decoding=\"async\" data-attachment-id=\"3498\" data-permalink=\"https:\/\/www.comuna13online.com.ar\/?attachment_id=3498\" data-orig-file=\"https:\/\/www.comuna13online.com.ar\/wp-content\/uploads\/2018\/11\/20181123c1.jpg\" data-orig-size=\"678,295\" data-comments-opened=\"0\" data-image-meta=\"{&quot;aperture&quot;:&quot;0&quot;,&quot;credit&quot;:&quot;&quot;,&quot;camera&quot;:&quot;&quot;,&quot;caption&quot;:&quot;&quot;,&quot;created_timestamp&quot;:&quot;0&quot;,&quot;copyright&quot;:&quot;&quot;,&quot;focal_length&quot;:&quot;0&quot;,&quot;iso&quot;:&quot;0&quot;,&quot;shutter_speed&quot;:&quot;0&quot;,&quot;title&quot;:&quot;&quot;,&quot;orientation&quot;:&quot;0&quot;}\" data-image-title=\"20181123c1\" data-image-description=\"\" data-image-caption=\"\" data-large-file=\"https:\/\/www.comuna13online.com.ar\/wp-content\/uploads\/2018\/11\/20181123c1.jpg\" class=\"alignnone size-medium wp-image-3498\" src=\"http:\/\/www.comuna13online.com.ar\/wp-content\/uploads\/2018\/11\/20181123c1-678x295.jpg\" alt=\"\" width=\"678\" height=\"295\" \/>\r\n\r\nEn conmemoraci\u00f3n al 163 aniversario del barrio Belgrano que se celebra el 23 noviembre, el Museo Sarmiento organiz\u00f3 una charla de la\u00a0 Profesora Silvia Vard\u00e9, reconocida historiadora con amplios conocimientos del barrio,\u00a0que actualmente preside\u00a0la Junta de Estudios Hist\u00f3ricos de Belgrano.\r\n\r\nLa misma tendr\u00e1 lugar este viernes 23 a las 18:30 horas en el Museo Hist\u00f3rico Sarmiento, la tem\u00e1tica de la charla ser\u00e1\u00a0\u00abPasado y presente del barrio de Belgrano\u00bb.\r\n\r\nEl Museo est\u00e1 ubicado en Cuba y Juramento. La entrada es libre y gratuita.\r\n\r\n<a href=\"http:\/\/www.comuna13online.com.ar\/?attachment_id=3497\"><img loading=\"lazy\" decoding=\"async\" data-attachment-id=\"3497\" data-permalink=\"https:\/\/www.comuna13online.com.ar\/?attachment_id=3497\" data-orig-file=\"https:\/\/www.comuna13online.com.ar\/wp-content\/uploads\/2018\/11\/20181123c3.jpg\" data-orig-size=\"678,509\" data-comments-opened=\"0\" data-image-meta=\"{&quot;aperture&quot;:&quot;0&quot;,&quot;credit&quot;:&quot;&quot;,&quot;camera&quot;:&quot;&quot;,&quot;caption&quot;:&quot;&quot;,&quot;created_timestamp&quot;:&quot;0&quot;,&quot;copyright&quot;:&quot;&quot;,&quot;focal_length&quot;:&quot;0&quot;,&quot;iso&quot;:&quot;0&quot;,&quot;shutter_speed&quot;:&quot;0&quot;,&quot;title&quot;:&quot;&quot;,&quot;orientation&quot;:&quot;0&quot;}\" data-image-title=\"20181123c3\" data-image-description=\"\" data-image-caption=\"\" data-large-file=\"https:\/\/www.comuna13online.com.ar\/wp-content\/uploads\/2018\/11\/20181123c3-583x438.jpg\" class=\"alignright wp-image-3497\" src=\"http:\/\/www.comuna13online.com.ar\/wp-content\/uploads\/2018\/11\/20181123c3-602x452.jpg\" alt=\"\" width=\"270\" height=\"203\" srcset=\"https:\/\/www.comuna13online.com.ar\/wp-content\/uploads\/2018\/11\/20181123c3-602x452.jpg 602w, https:\/\/www.comuna13online.com.ar\/wp-content\/uploads\/2018\/11\/20181123c3-583x438.jpg 583w, https:\/\/www.comuna13online.com.ar\/wp-content\/uploads\/2018\/11\/20181123c3-326x245.jpg 326w, https:\/\/www.comuna13online.com.ar\/wp-content\/uploads\/2018\/11\/20181123c3-80x60.jpg 80w, https:\/\/www.comuna13online.com.ar\/wp-content\/uploads\/2018\/11\/20181123c3.jpg 678w\" sizes=\"auto, (max-width: 270px) 100vw, 270px\" \/><\/a>El actual barrio de Belgrano fue en sus inicios un municipio perteneciente a la Provincia de Buenos Aires. Con el transcurso del tiempo fue aumentando su poblaci\u00f3n y se edificaron grandes y se\u00f1oriales construcciones.\r\n\r\nEl 6 de diciembre de 1857 se aprob\u00f3 por decreto el nombre del pueblo, en homenaje al creador de la bandera, y se comenz\u00f3 con el proyecto de su construcci\u00f3n.\r\n\r\nEl 28 de septiembre de 1887 la Provincia de Buenos Aires cedi\u00f3 a la Naci\u00f3n los partidos de San Jos\u00e9 de Flores y Belgrano, de esta manera, el pueblo pas\u00f3 a depender de la Municipalidad de la Ciudad de Buenos Aires, transform\u00e1ndose en un nuevo barrio.\r\n\r\nDesde aquellos tiempos, Belgrano fue uno de los barrios m\u00e1s residenciales y pintorescos de la Ciudad. Posee gran cantidad de viejas e importantes casonas se\u00f1oriales, la mayor\u00eda t\u00edpicas de fines del siglo XIX. En contraste con estas construcciones, se han edificado modernos, sofisticados y espectaculares edificios.\r\n\r\n<a href=\"http:\/\/www.comuna13online.com.ar\/?attachment_id=3496\"><img loading=\"lazy\" decoding=\"async\" data-attachment-id=\"3496\" data-permalink=\"https:\/\/www.comuna13online.com.ar\/?attachment_id=3496\" data-orig-file=\"https:\/\/www.comuna13online.com.ar\/wp-content\/uploads\/2018\/11\/20181123c2.jpg\" data-orig-size=\"700,496\" data-comments-opened=\"0\" data-image-meta=\"{&quot;aperture&quot;:&quot;0&quot;,&quot;credit&quot;:&quot;&quot;,&quot;camera&quot;:&quot;&quot;,&quot;caption&quot;:&quot;&quot;,&quot;created_timestamp&quot;:&quot;0&quot;,&quot;copyright&quot;:&quot;&quot;,&quot;focal_length&quot;:&quot;0&quot;,&quot;iso&quot;:&quot;0&quot;,&quot;shutter_speed&quot;:&quot;0&quot;,&quot;title&quot;:&quot;&quot;,&quot;orientation&quot;:&quot;0&quot;}\" data-image-title=\"20181123c2\" data-image-description=\"\" data-image-caption=\"\" data-large-file=\"https:\/\/www.comuna13online.com.ar\/wp-content\/uploads\/2018\/11\/20181123c2-618x438.jpg\" class=\"wp-image-3496 alignright\" src=\"http:\/\/www.comuna13online.com.ar\/wp-content\/uploads\/2018\/11\/20181123c2-638x452.jpg\" alt=\"\" width=\"270\" height=\"191\" srcset=\"https:\/\/www.comuna13online.com.ar\/wp-content\/uploads\/2018\/11\/20181123c2-638x452.jpg 638w, https:\/\/www.comuna13online.com.ar\/wp-content\/uploads\/2018\/11\/20181123c2-618x438.jpg 618w, https:\/\/www.comuna13online.com.ar\/wp-content\/uploads\/2018\/11\/20181123c2.jpg 700w\" sizes=\"auto, (max-width: 270px) 100vw, 270px\" \/><\/a>Belgrano Era un lugar de quintas y calles precarias donde se destacaban los edificios de la Casa Municipal, la Iglesia de la Inmaculada Concepci\u00f3n, \u201cLa Redonda\u201d\u00a0 y sus escuelas, todos frente a la plaza.\r\n\r\nEn 1881, el pueblo ten\u00eda 6.054 habitantes, y de ellos, 994 eran ni\u00f1os que concurr\u00edan a alguna de las siete escuelas. El pueblo contaba con diligencias y tranv\u00edas hasta Plaza de Mayo; estaci\u00f3n de ferrocarril, cementerio, dos peri\u00f3dicos, biblioteca e iluminaci\u00f3n a gas alrededor de la plaza.\r\n\r\nDurante el conflicto entre Naci\u00f3n y Provincia se instal\u00f3 el presidente Avellaneda en Belgrano, se reuni\u00f3 con sus ministros en la Casa Municipal y declar\u00f3 al pueblo \u201cresidencia de las autoridades de la Naci\u00f3n\u201d.\r\n\r\nEl edificio municipal es hoy el Museo Hist\u00f3rico Sarmiento, donde se hicieron las deliberaciones sobre la federalizaci\u00f3n de Buenos Aires. All\u00ed se dio sede finalmente el Gobierno nacional, que hasta entonces era hu\u00e9sped de la provincia.\u00a0<span style=\"color: #808080;\">Fuente: Junta de Estudios Hist\u00f3ricos de Belgrano.<\/span>\r\n\r\n&nbsp;\r\n<div align=\"center\">\r\n<blockquote class=\"twitter-tweet\" data-lang=\"es\">\r\n<p dir=\"ltr\" lang=\"es\">Este viernes 23 a las 18,30 hs.\r\n\u00abPasado y presente del barrio de Belgrano\u00bb\r\nCharla de la Profesora Silvia Vard\u00e9, Presidente de la Junta de Estudios Hist\u00f3ricos de Belgrano,\r\nEn el marco de la conmemoraci\u00f3n del 163 aniversario de la fundaci\u00f3n del Barrio de Belgrano. <a href=\"https:\/\/twitter.com\/hashtag\/Belgrano?src=hash&amp;ref_src=twsrc%5Etfw\">#Belgrano<\/a> <a href=\"https:\/\/t.co\/f45F5imuCf\">pic.twitter.com\/f45F5imuCf<\/a><\/p>\r\n\u2014 Museo H. Sarmiento (@MuseoSarmiento) <a href=\"https:\/\/twitter.com\/MuseoSarmiento\/status\/1064574939393679362?ref_src=twsrc%5Etfw\">19 de noviembre de 2018<\/a><\/blockquote>\r\n<script async src=\"https:\/\/platform.twitter.com\/widgets.js\" charset=\"utf-8\"><\/script>\r\n\r\n<\/div>\r\n\r\n<hr \/>\r\n\r\n<strong>Museo Hist\u00f3rico Sarmiento<\/strong>\r\nJuramento 2180, Belgrano\r\nComuna13\r\n\r\n<!-- \/wp:post-content -->\r\n\r\n<!-- wp:paragraph -->\r\n\r\n<strong>Horario<\/strong>\r\nMartes a viernes de 11 a 18 hs.\r\nS\u00e1bados y domingos de 13 a 19 hs.\r\nLunes cerrado\r\n\r\n<!-- \/wp:paragraph -->\r\n\r\n<strong>Contacto:<\/strong>\r\n4782-2354 &#8211; (011) 4783-7555\r\ninfo@museosarmiento.gob.ar\r\n<a href=\"https:\/\/museosarmiento.cultura.gob.ar\/\" target=\"_blank\" rel=\"noreferrer noopener\">museosarmiento.cultura.gob.ar\/<\/a>\r\n\r\n<iframe loading=\"lazy\" src=\"https:\/\/www.google.com\/maps\/embed?pb=!1m14!1m8!1m3!1d6571.411253710272!2d-58.454424!3d-34.561008!3m2!1i1024!2i768!4f13.1!3m3!1m2!1s0x0%3A0xe588723723759c20!2sMuseo+Hist%C3%B3rico+Sarmiento!5e0!3m2!1ses!2sar!4v1525869057850\" width=\"678\" height=\"550\" allowfullscreen=\"allowfullscreen\"><span data-mce-type=\"bookmark\" style=\"display: inline-block; width: 0px; overflow: hidden; line-height: 0;\" class=\"mce_SELRES_start\">\ufeff<\/span><span data-mce-type=\"bookmark\" style=\"display: inline-block; width: 0px; overflow: hidden; line-height: 0;\" class=\"mce_SELRES_end\">\ufeff<\/span><\/iframe> <!-- \/wp:html -->\r\n\r\n<!-- wp:paragraph -->\r\n\r\n<strong>Transporte:<\/strong>\r\n\r\n<strong>Colectivos<\/strong>: 60, 59, 68, 152, 41, 114, 29, 81 y 38.\r\n<strong>Subte<\/strong>: Estaci\u00f3n Juramento de la L\u00ednea D.","protected":false},"excerpt":{"rendered":"<div class=\"mh-excerpt\">Este viernes a las 18.30 la\u00a0Presidenta de la Junta de Estudios Hist\u00f3ricos de Belgrano, Silvia Vard\u00e9, brindar\u00e1 una charla con motivo del 163\u00b0 aniversario de la fundaci\u00f3n del barrio. En <a class=\"mh-excerpt-more\" href=\"https:\/\/www.comuna13online.com.ar\/?p=3495\" title=\"\u00abPasado y presente del barrio de Belgrano\u00bb en el Museo Sarmiento\">[&#8230;]<\/a><\/div>\n","protected":false},"author":1,"featured_media":3499,"comment_status":"closed","ping_status":"closed","sticky":false,"template":"","format":"standard","meta":{"_uag_custom_page_level_css":"","_jetpack_memberships_contains_paid_content":false,"footnotes":"","jetpack_publicize_message":"","jetpack_publicize_feature_enabled":true,"jetpack_social_post_already_shared":true,"jetpack_social_options":{"image_generator_settings":{"template":"highway","default_image_id":0,"font":"","enabled":false},"version":2}},"categories":[9,76],"tags":[19,219,127,179],"class_list":{"0":"post-3495","1":"post","2":"type-post","3":"status-publish","4":"format-standard","5":"has-post-thumbnail","7":"category-ciudad","8":"category-museos","9":"tag-comuna-13","10":"tag-museo-sarmiento","11":"tag-museos","12":"tag-museos-de-la-comuna-13"},"jetpack_publicize_connections":[],"jetpack_featured_media_url":"https:\/\/www.comuna13online.com.ar\/wp-content\/uploads\/2018\/11\/20181123c.jpg","uagb_featured_image_src":{"full":["https:\/\/www.comuna13online.com.ar\/wp-content\/uploads\/2018\/11\/20181123c.jpg",1030,438,false],"thumbnail":["https:\/\/www.comuna13online.com.ar\/wp-content\/uploads\/2018\/11\/20181123c-150x150.jpg",96,96,true],"medium":["https:\/\/www.comuna13online.com.ar\/wp-content\/uploads\/2018\/11\/20181123c-678x288.jpg",678,288,true],"medium_large":["https:\/\/www.comuna13online.com.ar\/wp-content\/uploads\/2018\/11\/20181123c-768x327.jpg",768,327,true],"large":["https:\/\/www.comuna13online.com.ar\/wp-content\/uploads\/2018\/11\/20181123c.jpg",1030,438,false],"1536x1536":["https:\/\/www.comuna13online.com.ar\/wp-content\/uploads\/2018\/11\/20181123c.jpg",1030,438,false],"2048x2048":["https:\/\/www.comuna13online.com.ar\/wp-content\/uploads\/2018\/11\/20181123c.jpg",1030,438,false],"mh-magazine-slider":["https:\/\/www.comuna13online.com.ar\/wp-content\/uploads\/2018\/11\/20181123c.jpg",1030,438,false],"mh-magazine-content":["https:\/\/www.comuna13online.com.ar\/wp-content\/uploads\/2018\/11\/20181123c-678x381.jpg",678,381,true],"mh-magazine-large":["https:\/\/www.comuna13online.com.ar\/wp-content\/uploads\/2018\/11\/20181123c-678x438.jpg",678,438,true],"mh-magazine-medium":["https:\/\/www.comuna13online.com.ar\/wp-content\/uploads\/2018\/11\/20181123c-326x245.jpg",326,245,true],"mh-magazine-small":["https:\/\/www.comuna13online.com.ar\/wp-content\/uploads\/2018\/11\/20181123c-80x60.jpg",80,60,true],"sow-carousel-default":["https:\/\/www.comuna13online.com.ar\/wp-content\/uploads\/2018\/11\/20181123c-272x182.jpg",272,182,true]},"uagb_author_info":{"display_name":"Comuna13","author_link":"https:\/\/www.comuna13online.com.ar\/?author=1"},"uagb_comment_info":0,"uagb_excerpt":"Este viernes a las 18.30 la\u00a0Presidenta de la Junta de Estudios Hist\u00f3ricos de Belgrano, Silvia Vard\u00e9, brindar\u00e1 una charla con motivo del 163\u00b0 aniversario de la fundaci\u00f3n del barrio. En [...]","jetpack_sharing_enabled":true,"_links":{"self":[{"href":"https:\/\/www.comuna13online.com.ar\/index.php?rest_route=\/wp\/v2\/posts\/3495","targetHints":{"allow":["GET"]}}],"collection":[{"href":"https:\/\/www.comuna13online.com.ar\/index.php?rest_route=\/wp\/v2\/posts"}],"about":[{"href":"https:\/\/www.comuna13online.com.ar\/index.php?rest_route=\/wp\/v2\/types\/post"}],"author":[{"embeddable":true,"href":"https:\/\/www.comuna13online.com.ar\/index.php?rest_route=\/wp\/v2\/users\/1"}],"replies":[{"embeddable":true,"href":"https:\/\/www.comuna13online.com.ar\/index.php?rest_route=%2Fwp%2Fv2%2Fcomments&post=3495"}],"version-history":[{"count":0,"href":"https:\/\/www.comuna13online.com.ar\/index.php?rest_route=\/wp\/v2\/posts\/3495\/revisions"}],"wp:featuredmedia":[{"embeddable":true,"href":"https:\/\/www.comuna13online.com.ar\/index.php?rest_route=\/wp\/v2\/media\/3499"}],"wp:attachment":[{"href":"https:\/\/www.comuna13online.com.ar\/index.php?rest_route=%2Fwp%2Fv2%2Fmedia&parent=3495"}],"wp:term":[{"taxonomy":"category","embeddable":true,"href":"https:\/\/www.comuna13online.com.ar\/index.php?rest_route=%2Fwp%2Fv2%2Fcategories&post=3495"},{"taxonomy":"post_tag","embeddable":true,"href":"https:\/\/www.comuna13online.com.ar\/index.php?rest_route=%2Fwp%2Fv2%2Ftags&post=3495"}],"curies":[{"name":"wp","href":"https:\/\/api.w.org\/{rel}","templated":true}]}}