{"id":3329,"date":"2018-11-08T16:19:44","date_gmt":"2018-11-08T19:19:44","guid":{"rendered":"http:\/\/www.comuna13online.com.ar\/?p=3329"},"modified":"2018-11-08T16:19:44","modified_gmt":"2018-11-08T19:19:44","slug":"la-plaza-clemente-ya-tiene-fecha-de-inicio","status":"publish","type":"post","link":"https:\/\/www.comuna13online.com.ar\/?p=3329","title":{"rendered":"La Plaza Clemente ya tiene fecha de inicio"},"content":{"rendered":"<p><strong>Horacio Rodr\u00edguez Larreta present\u00f3 el proyecto Plaza Clemente en Colegiales,\u00a0cosecha de una lucha constante de los vecinos que se opusieron fuertemente a la construcci\u00f3n de un shopping y cocheras.<\/strong><\/p>\n<p><img loading=\"lazy\" decoding=\"async\" data-attachment-id=\"3332\" data-permalink=\"https:\/\/www.comuna13online.com.ar\/?attachment_id=3332\" data-orig-file=\"https:\/\/www.comuna13online.com.ar\/wp-content\/uploads\/2018\/11\/20181108d1.jpg\" data-orig-size=\"678,387\" data-comments-opened=\"0\" data-image-meta=\"{&quot;aperture&quot;:&quot;0&quot;,&quot;credit&quot;:&quot;&quot;,&quot;camera&quot;:&quot;&quot;,&quot;caption&quot;:&quot;&quot;,&quot;created_timestamp&quot;:&quot;0&quot;,&quot;copyright&quot;:&quot;&quot;,&quot;focal_length&quot;:&quot;0&quot;,&quot;iso&quot;:&quot;0&quot;,&quot;shutter_speed&quot;:&quot;0&quot;,&quot;title&quot;:&quot;&quot;,&quot;orientation&quot;:&quot;0&quot;}\" data-image-title=\"20181108d1\" data-image-description=\"\" data-image-caption=\"\" data-large-file=\"https:\/\/www.comuna13online.com.ar\/wp-content\/uploads\/2018\/11\/20181108d1.jpg\" class=\"alignnone size-full wp-image-3332\" src=\"http:\/\/www.comuna13online.com.ar\/wp-content\/uploads\/2018\/11\/20181108d1.jpg\" alt=\"\" width=\"678\" height=\"387\" \/><\/p>\n<p>La participaci\u00f3n y la constancia de los vecinos son el principal argumento para entender porqu\u00e9 en febrero de 2019 seg\u00fan, en lugar de un shopping con cocheras, en el predio delimitado por Dorrego, Conde, Concepci\u00f3n Arenal y General Enrique Mart\u00ednez se levantar\u00e1 la Plaza Clemente.<\/p>\n<p>El predio fue recuperado por el Gobierno de la Ciudad en 2005 y fue utilizado para diversos fines hasta que en 2007, la Legislatura de la Ciudad aprob\u00f3 la construcci\u00f3n de una plaza, aunque el ejecutivo porte\u00f1o quer\u00eda convertir el sitio en un\u00a0shopping a cielo abierto con cocheras.<\/p>\n<p>Desde el Colectivo \u00abSI a la Plaza Clemente\u00bb festej\u00f3 el anuncio y resalt\u00f3\u00a0en las redes <em>\u00abes bueno recordarle al Jefe de Gobierno que lo que ellxs pensaban para ese espacio era un shopping ilegal a cielo abierto.\u00a0Pronto vamos a tener Plaza Clemente y eso es exclusivamente gracias a la lucha vecinal que resisti\u00f3 durante meses la instalaci\u00f3n del shopping pero que tambi\u00e9n se organiz\u00f3 y hasta elabor\u00f3 colectivamente el dise\u00f1o de la Clemente! Felicitaciones vecinxs, este logro es nuestro\u00bb<\/em> sentenci\u00f3.<\/p>\n<blockquote><p>\u00abEste proyecto, que beneficiar\u00e1 a m\u00e1s de 50 mil vecinos, plantea la transformaci\u00f3n del Distrito Audiovisual de Colegiales, con la puesta en valor de la Plaza Clemente y la creaci\u00f3n del nuevo Centro Metropolitano Audiovisual (CMA)\u00bb.<\/p><\/blockquote>\n<p>Seg\u00fan fuentes oficiales, la obra\u00a0sumar\u00e1 1,5 hect\u00e1rea de espacio p\u00fablico y verde en el barrio, tendr\u00e1 una superficie de\u00a07.897 m2\u00a0tendr\u00e1 iluminaci\u00f3n LED y mobiliario urbano, va a contar con\u00a0siete espacios diferenciados:<\/p>\n<ul>\n<li>Un lugar de encuentro en el centro de la plaza.<\/li>\n<li>Un \u00e1gora con bancos de descanso como lugar de recreaci\u00f3n.<\/li>\n<li>Un sector de\u00a0 juegos de vapor con aspersores para refrescarse.<\/li>\n<li>Mesas comunitarias.<\/li>\n<li>Un observatorio de mariposas.<\/li>\n<li>Juegos inclusivos para personas con discapacidad.<\/li>\n<li>Un sendero de vegetaci\u00f3n con placas educativas.<\/li>\n<\/ul>\n<p>La construcci\u00f3n comienza en febrero de 2019 y se estipula que quedar\u00e1 concluida en junio del mismo a\u00f1o y tiene destinado un presupuesto que alcanza los 62 millones de pesos. El proyecto ser\u00e1 gestionado por el Ministerio de Desarrollo Urbano (MDU) y para su planificaci\u00f3n cont\u00f3 con la participaci\u00f3n de vecinos del barrio que aportaron sus ideas y propuestas.<\/p>\n<p>&nbsp;<\/p>\n<div align=\"center\">\n<blockquote class=\"twitter-tweet\" data-lang=\"es\">\n<p dir=\"ltr\" lang=\"es\">Estamos muy contentos de contarles que, en menos de un a\u00f1o, miles de porte\u00f1os van a disfrutar de la Plaza Clemente. Un nuevo espacio verde en Colegiales que pensamos junto con los vecinos y vecinas del barrio que nos trajeron sus ideas y nos ayudaron a dise\u00f1arla. <a href=\"https:\/\/t.co\/KDvzcpH6sk\">pic.twitter.com\/KDvzcpH6sk<\/a><\/p>\n<p>\u2014 Horacio Rodr\u00edguez Larreta (@horaciorlarreta) <a href=\"https:\/\/twitter.com\/horaciorlarreta\/status\/1060185030302031872?ref_src=twsrc%5Etfw\">7 de noviembre de 2018<\/a><\/p><\/blockquote>\n<p><script async src=\"https:\/\/platform.twitter.com\/widgets.js\" charset=\"utf-8\"><\/script><\/p>\n<\/div>\n<p><strong><span style=\"color: #008080;\">Las Obras<\/span><\/strong><\/p>\n<p>Los trabajos se van a dividir en dos etapas. La primera, de flora y accesibilidad, va a estar lista en junio de 2019 y consiste en la plantaci\u00f3n de flora nativa y mejoras en la accesibilidad del espacio p\u00fablico. Se van a construir rampas, \u00e1reas de juegos y bancos de descanso, as\u00ed como planos h\u00e1pticos para personas no videntes y pictogramas para chicos autistas.<\/p>\n<p>La segunda etapa, de historia e identidad, va a estar relacionada con la tradici\u00f3n del barrio. La calle Conde se va a nivelar y va a tener una sola mano en sentido hacia Av. Dorrego, convirti\u00e9ndose en una calle de convivencia con m\u00e1xima de 20 km\/h.<\/p>\n<p><img loading=\"lazy\" decoding=\"async\" data-attachment-id=\"3331\" data-permalink=\"https:\/\/www.comuna13online.com.ar\/?attachment_id=3331\" data-orig-file=\"https:\/\/www.comuna13online.com.ar\/wp-content\/uploads\/2018\/11\/20181108d2.jpg\" data-orig-size=\"678,403\" data-comments-opened=\"0\" data-image-meta=\"{&quot;aperture&quot;:&quot;0&quot;,&quot;credit&quot;:&quot;&quot;,&quot;camera&quot;:&quot;&quot;,&quot;caption&quot;:&quot;&quot;,&quot;created_timestamp&quot;:&quot;0&quot;,&quot;copyright&quot;:&quot;&quot;,&quot;focal_length&quot;:&quot;0&quot;,&quot;iso&quot;:&quot;0&quot;,&quot;shutter_speed&quot;:&quot;0&quot;,&quot;title&quot;:&quot;&quot;,&quot;orientation&quot;:&quot;0&quot;}\" data-image-title=\"20181108d2\" data-image-description=\"\" data-image-caption=\"\" data-large-file=\"https:\/\/www.comuna13online.com.ar\/wp-content\/uploads\/2018\/11\/20181108d2.jpg\" class=\"alignnone size-full wp-image-3331\" src=\"http:\/\/www.comuna13online.com.ar\/wp-content\/uploads\/2018\/11\/20181108d2.jpg\" alt=\"\" width=\"678\" height=\"403\" \/><\/p>\n<p>Sobre la vereda se va a colocar una l\u00ednea de tiempo con los hitos m\u00e1s importantes del barrio, cuyo dise\u00f1o emular\u00e1 las v\u00edas del tren en homenaje a la historia ferroviaria de Colegiales. A la vez, en las paredes de la calle Conde se van a dise\u00f1ar murales conmemorativos al dibujante e historietista Caloi y en especial a su personaje m\u00e1s ic\u00f3nico, Clemente.<\/p>\n<p>Por otra parte, el nuevo CMA tendr\u00e1 5.000 m2 y contar\u00e1 con un amplio espacio dedicado al asesoramiento y atenci\u00f3n a empresas y prestadores de servicios del sector audiovisual, lo que va a permitir la inserci\u00f3n de las PyMEs audiovisuales de la Ciudad en el mercado.<\/p>\n<p>Adem\u00e1s, la construcci\u00f3n de este centro va a contribuir al desarrollo comercial del barrio, impactando positivamente en la seguridad. Cabe destacar que se van a construir espacios p\u00fablicos y estacionamientos subterr\u00e1neos con capacidad para 300 veh\u00edculos.<\/p>\n<p>Cabe recordar que para la construcci\u00f3n de la Plaza Clemente, la Legislatura sancion\u00f3 una ley que habilita a vender el predio ferial \u00abEl Dorrego\u00bb para un proyecto inmobiliario y as\u00ed financiar el espacio verde. La norma declara innecesario para la Ciudad el predio entre las calles Ram\u00f3n Freire, Concepci\u00f3n Arenal, Zapiola y Dorrego, y establece la enajenaci\u00f3n del terreno en subasta p\u00fablica, a fin desarrollar en el lugar \u201cnuevos espacios verdes, un estacionamiento, un Distrito Audiovisual y edificaciones\u201d.<\/p>\n","protected":false},"excerpt":{"rendered":"<div class=\"mh-excerpt\">Horacio Rodr\u00edguez Larreta present\u00f3 el proyecto Plaza Clemente en Colegiales,\u00a0cosecha de una lucha constante de los vecinos que se opusieron fuertemente a la construcci\u00f3n de un shopping y cocheras. La <a class=\"mh-excerpt-more\" href=\"https:\/\/www.comuna13online.com.ar\/?p=3329\" title=\"La Plaza Clemente ya tiene fecha de inicio\">[&#8230;]<\/a><\/div>\n","protected":false},"author":1,"featured_media":3330,"comment_status":"closed","ping_status":"closed","sticky":false,"template":"","format":"standard","meta":{"_uag_custom_page_level_css":"","_jetpack_memberships_contains_paid_content":false,"footnotes":"","jetpack_publicize_message":"","jetpack_publicize_feature_enabled":true,"jetpack_social_post_already_shared":true,"jetpack_social_options":{"image_generator_settings":{"template":"highway","default_image_id":0,"font":"","enabled":false},"version":2}},"categories":[67],"tags":[19,69,92],"class_list":{"0":"post-3329","1":"post","2":"type-post","3":"status-publish","4":"format-standard","5":"has-post-thumbnail","7":"category-espacio-verde","8":"tag-comuna-13","9":"tag-espacio-verde","10":"tag-plaza-clemente"},"jetpack_publicize_connections":[],"jetpack_featured_media_url":"https:\/\/www.comuna13online.com.ar\/wp-content\/uploads\/2018\/11\/20181108d.jpg","uagb_featured_image_src":{"full":["https:\/\/www.comuna13online.com.ar\/wp-content\/uploads\/2018\/11\/20181108d.jpg",1030,438,false],"thumbnail":["https:\/\/www.comuna13online.com.ar\/wp-content\/uploads\/2018\/11\/20181108d-150x150.jpg",96,96,true],"medium":["https:\/\/www.comuna13online.com.ar\/wp-content\/uploads\/2018\/11\/20181108d-678x288.jpg",678,288,true],"medium_large":["https:\/\/www.comuna13online.com.ar\/wp-content\/uploads\/2018\/11\/20181108d-768x327.jpg",768,327,true],"large":["https:\/\/www.comuna13online.com.ar\/wp-content\/uploads\/2018\/11\/20181108d.jpg",1030,438,false],"1536x1536":["https:\/\/www.comuna13online.com.ar\/wp-content\/uploads\/2018\/11\/20181108d.jpg",1030,438,false],"2048x2048":["https:\/\/www.comuna13online.com.ar\/wp-content\/uploads\/2018\/11\/20181108d.jpg",1030,438,false],"mh-magazine-slider":["https:\/\/www.comuna13online.com.ar\/wp-content\/uploads\/2018\/11\/20181108d.jpg",1030,438,false],"mh-magazine-content":["https:\/\/www.comuna13online.com.ar\/wp-content\/uploads\/2018\/11\/20181108d-678x381.jpg",678,381,true],"mh-magazine-large":["https:\/\/www.comuna13online.com.ar\/wp-content\/uploads\/2018\/11\/20181108d-678x438.jpg",678,438,true],"mh-magazine-medium":["https:\/\/www.comuna13online.com.ar\/wp-content\/uploads\/2018\/11\/20181108d-326x245.jpg",326,245,true],"mh-magazine-small":["https:\/\/www.comuna13online.com.ar\/wp-content\/uploads\/2018\/11\/20181108d-80x60.jpg",80,60,true],"sow-carousel-default":["https:\/\/www.comuna13online.com.ar\/wp-content\/uploads\/2018\/11\/20181108d-272x182.jpg",272,182,true]},"uagb_author_info":{"display_name":"Comuna13","author_link":"https:\/\/www.comuna13online.com.ar\/?author=1"},"uagb_comment_info":0,"uagb_excerpt":"Horacio Rodr\u00edguez Larreta present\u00f3 el proyecto Plaza Clemente en Colegiales,\u00a0cosecha de una lucha constante de los vecinos que se opusieron fuertemente a la construcci\u00f3n de un shopping y cocheras. La [...]","jetpack_sharing_enabled":true,"_links":{"self":[{"href":"https:\/\/www.comuna13online.com.ar\/index.php?rest_route=\/wp\/v2\/posts\/3329","targetHints":{"allow":["GET"]}}],"collection":[{"href":"https:\/\/www.comuna13online.com.ar\/index.php?rest_route=\/wp\/v2\/posts"}],"about":[{"href":"https:\/\/www.comuna13online.com.ar\/index.php?rest_route=\/wp\/v2\/types\/post"}],"author":[{"embeddable":true,"href":"https:\/\/www.comuna13online.com.ar\/index.php?rest_route=\/wp\/v2\/users\/1"}],"replies":[{"embeddable":true,"href":"https:\/\/www.comuna13online.com.ar\/index.php?rest_route=%2Fwp%2Fv2%2Fcomments&post=3329"}],"version-history":[{"count":0,"href":"https:\/\/www.comuna13online.com.ar\/index.php?rest_route=\/wp\/v2\/posts\/3329\/revisions"}],"wp:featuredmedia":[{"embeddable":true,"href":"https:\/\/www.comuna13online.com.ar\/index.php?rest_route=\/wp\/v2\/media\/3330"}],"wp:attachment":[{"href":"https:\/\/www.comuna13online.com.ar\/index.php?rest_route=%2Fwp%2Fv2%2Fmedia&parent=3329"}],"wp:term":[{"taxonomy":"category","embeddable":true,"href":"https:\/\/www.comuna13online.com.ar\/index.php?rest_route=%2Fwp%2Fv2%2Fcategories&post=3329"},{"taxonomy":"post_tag","embeddable":true,"href":"https:\/\/www.comuna13online.com.ar\/index.php?rest_route=%2Fwp%2Fv2%2Ftags&post=3329"}],"curies":[{"name":"wp","href":"https:\/\/api.w.org\/{rel}","templated":true}]}}