{"id":3082,"date":"2018-10-25T07:10:33","date_gmt":"2018-10-25T10:10:33","guid":{"rendered":"http:\/\/www.comuna13online.com.ar\/?p=3082"},"modified":"2018-10-24T13:41:27","modified_gmt":"2018-10-24T16:41:27","slug":"el-museo-de-la-ciudad-cumple-50-anos","status":"publish","type":"post","link":"https:\/\/www.comuna13online.com.ar\/?p=3082","title":{"rendered":"El Museo de la Ciudad cumple 50 a\u00f1os"},"content":{"rendered":"<p><strong>Los celebra con la exposici\u00f3n \u00abMostramos todo, no nos quedamos con nada\u00bb. Un mundo de objetos que inaugura el viernes 26 de octubre a las 19 horas, en Defensa 223.<\/strong><\/p>\n<p><img loading=\"lazy\" decoding=\"async\" data-attachment-id=\"3083\" data-permalink=\"https:\/\/www.comuna13online.com.ar\/?attachment_id=3083\" data-orig-file=\"https:\/\/www.comuna13online.com.ar\/wp-content\/uploads\/2018\/10\/20181025b1.jpg\" data-orig-size=\"678,342\" data-comments-opened=\"0\" data-image-meta=\"{&quot;aperture&quot;:&quot;0&quot;,&quot;credit&quot;:&quot;&quot;,&quot;camera&quot;:&quot;&quot;,&quot;caption&quot;:&quot;&quot;,&quot;created_timestamp&quot;:&quot;0&quot;,&quot;copyright&quot;:&quot;&quot;,&quot;focal_length&quot;:&quot;0&quot;,&quot;iso&quot;:&quot;0&quot;,&quot;shutter_speed&quot;:&quot;0&quot;,&quot;title&quot;:&quot;&quot;,&quot;orientation&quot;:&quot;0&quot;}\" data-image-title=\"20181025b1\" data-image-description=\"\" data-image-caption=\"\" data-large-file=\"https:\/\/www.comuna13online.com.ar\/wp-content\/uploads\/2018\/10\/20181025b1.jpg\" class=\"alignnone size-full wp-image-3083\" src=\"http:\/\/www.comuna13online.com.ar\/wp-content\/uploads\/2018\/10\/20181025b1.jpg\" alt=\"\" width=\"678\" height=\"342\" \/><\/p>\n<p>El\u00a0Ministerio de Cultura de la\u00a0Ciudad de Buenos Aires\u00a0presenta en el\u00a0Museo de la Ciudad, a partir del 26 de octubre, en Defensa 223, la exposici\u00f3n\u00a0\u00abMostramos todo, no nos quedamos con nada\u00bb, exposici\u00f3n por los\u00a050 a\u00f1os del Museo de la Ciudad.<\/p>\n<p>El objeto en su materialidad trascendi\u00f3 su momento hist\u00f3rico y es soporte de un mensaje. No hay una \u00fanica historia en los objetos, no hay una \u00fanica dimensi\u00f3n en los objetos. Por eso, se pretende entender al objeto, entender por repetici\u00f3n en este caso. Entender al objeto en su dimensi\u00f3n vital como proveedor de identidad, no como veh\u00edculo de nostalgia.<\/p>\n<p>Entender su dimensi\u00f3n din\u00e1mica y variable en el tiempo variable seg\u00fan su receptor que coloca al Museo fuera de su concepto tradicional estrictamente hist\u00f3rico. Entender la colecci\u00f3n no como algo escenogr\u00e1fico sino como un testimonio.<\/p>\n<p>As\u00ed, entender al objeto en su dimensi\u00f3n social.<\/p>\n<p>Inauguraci\u00f3n: viernes 26 de octubre a las 19 horas, la muestra se puede visitar desde el 27 de octubre de 2018 hasta el\u00a017 de marzo de 2019 en la Sala planta baja Querubines, todos los d\u00edas de 11 a 18 horas con entrada gratuita. Defensa 223.<\/p>\n<p style=\"text-align: right;\"><img loading=\"lazy\" decoding=\"async\" data-attachment-id=\"3084\" data-permalink=\"https:\/\/www.comuna13online.com.ar\/?attachment_id=3084\" data-orig-file=\"https:\/\/www.comuna13online.com.ar\/wp-content\/uploads\/2018\/10\/dsc_0258_0.jpg\" data-orig-size=\"700,467\" data-comments-opened=\"0\" data-image-meta=\"{&quot;aperture&quot;:&quot;5.6&quot;,&quot;credit&quot;:&quot;&quot;,&quot;camera&quot;:&quot;NIKON D3100&quot;,&quot;caption&quot;:&quot;&quot;,&quot;created_timestamp&quot;:&quot;1522772642&quot;,&quot;copyright&quot;:&quot;&quot;,&quot;focal_length&quot;:&quot;55&quot;,&quot;iso&quot;:&quot;100&quot;,&quot;shutter_speed&quot;:&quot;0.1&quot;,&quot;title&quot;:&quot;&quot;,&quot;orientation&quot;:&quot;1&quot;}\" data-image-title=\"dsc_0258_0\" data-image-description=\"\" data-image-caption=\"\" data-large-file=\"https:\/\/www.comuna13online.com.ar\/wp-content\/uploads\/2018\/10\/dsc_0258_0-657x438.jpg\" class=\"alignnone wp-image-3084 size-medium\" src=\"http:\/\/www.comuna13online.com.ar\/wp-content\/uploads\/2018\/10\/dsc_0258_0-678x452.jpg\" alt=\"\" width=\"678\" height=\"452\" srcset=\"https:\/\/www.comuna13online.com.ar\/wp-content\/uploads\/2018\/10\/dsc_0258_0-678x452.jpg 678w, https:\/\/www.comuna13online.com.ar\/wp-content\/uploads\/2018\/10\/dsc_0258_0-657x438.jpg 657w, https:\/\/www.comuna13online.com.ar\/wp-content\/uploads\/2018\/10\/dsc_0258_0-272x182.jpg 272w, https:\/\/www.comuna13online.com.ar\/wp-content\/uploads\/2018\/10\/dsc_0258_0.jpg 700w\" sizes=\"auto, (max-width: 678px) 100vw, 678px\" \/><br \/>\nFuente:\u00a0Direcci\u00f3n General de Patrimonio, Museos y Casco Hist\u00f3rico del G.C.B.A.<\/p>\n<hr \/>\n<p><strong>Museo de la Ciudad<br \/>\n<\/strong>Defensa 223, Monserrat<\/p>\n<p>Horario:<br \/>\nTodos los d\u00edas de 11 a 18 horas.<br \/>\nEntrada Gratuita.<\/p>\n<p><iframe loading=\"lazy\" style=\"border: 0;\" src=\"https:\/\/www.google.com\/maps\/embed?pb=!1m18!1m12!1m3!1d3283.752909241771!2d-58.37428918538636!3d-34.61040916535791!2m3!1f0!2f0!3f0!3m2!1i1024!2i768!4f13.1!3m3!1m2!1s0x95bccad4b184198b%3A0x974650c4b4fdd7d8!2sDefensa+223%2C+C1065AAD+CABA!5e0!3m2!1ses!2sar!4v1540398766261\" width=\"350\" height=\"300\" frameborder=\"0\" allowfullscreen=\"allowfullscreen\"><\/iframe><br \/>\n<strong>Transportes Cercanos<\/strong><\/p>\n<p>Colectivos:\u00a02, 4, 7, 8, 20, 22, 24, 28, 29, 33, 50, 56, 61, 62, 64, 74, 86, 91, 93, 103, 105, 111, 126, 129, 130, 140, 143, 146, 152, 159 y 195.<br \/>\nSubte:<\/p>\n<p>&#8211; Estacion Bolivar de la L\u00ednea E.<br \/>\n&#8211; Estaci\u00f3n Catedral de la L\u00ednea D<br \/>\n&#8211; Estaciones Per\u00fa y Plaza de Mayo* de la L\u00ednea A.<\/p>\n<p>* Cerrada hasta principios de Noviembre de 2018.<\/p>\n<p>&nbsp;<\/p>\n<p>&nbsp;<\/p>\n","protected":false},"excerpt":{"rendered":"<div class=\"mh-excerpt\">Los celebra con la exposici\u00f3n \u00abMostramos todo, no nos quedamos con nada\u00bb. Un mundo de objetos que inaugura el viernes 26 de octubre a las 19 horas, en Defensa 223. <a class=\"mh-excerpt-more\" href=\"https:\/\/www.comuna13online.com.ar\/?p=3082\" title=\"El Museo de la Ciudad cumple 50 a\u00f1os\">[&#8230;]<\/a><\/div>\n","protected":false},"author":1,"featured_media":3085,"comment_status":"closed","ping_status":"closed","sticky":false,"template":"","format":"standard","meta":{"_uag_custom_page_level_css":"","_jetpack_memberships_contains_paid_content":false,"footnotes":"","jetpack_publicize_message":"","jetpack_publicize_feature_enabled":true,"jetpack_social_post_already_shared":true,"jetpack_social_options":{"image_generator_settings":{"template":"highway","default_image_id":0,"font":"","enabled":false},"version":2}},"categories":[76],"tags":[111,127],"class_list":{"0":"post-3082","1":"post","2":"type-post","3":"status-publish","4":"format-standard","5":"has-post-thumbnail","7":"category-museos","8":"tag-exhibicion","9":"tag-museos"},"jetpack_publicize_connections":[],"jetpack_featured_media_url":"https:\/\/www.comuna13online.com.ar\/wp-content\/uploads\/2018\/10\/20181025b.jpg","uagb_featured_image_src":{"full":["https:\/\/www.comuna13online.com.ar\/wp-content\/uploads\/2018\/10\/20181025b.jpg",1030,438,false],"thumbnail":["https:\/\/www.comuna13online.com.ar\/wp-content\/uploads\/2018\/10\/20181025b-150x150.jpg",96,96,true],"medium":["https:\/\/www.comuna13online.com.ar\/wp-content\/uploads\/2018\/10\/20181025b-678x288.jpg",678,288,true],"medium_large":["https:\/\/www.comuna13online.com.ar\/wp-content\/uploads\/2018\/10\/20181025b-768x327.jpg",768,327,true],"large":["https:\/\/www.comuna13online.com.ar\/wp-content\/uploads\/2018\/10\/20181025b.jpg",1030,438,false],"1536x1536":["https:\/\/www.comuna13online.com.ar\/wp-content\/uploads\/2018\/10\/20181025b.jpg",1030,438,false],"2048x2048":["https:\/\/www.comuna13online.com.ar\/wp-content\/uploads\/2018\/10\/20181025b.jpg",1030,438,false],"mh-magazine-slider":["https:\/\/www.comuna13online.com.ar\/wp-content\/uploads\/2018\/10\/20181025b.jpg",1030,438,false],"mh-magazine-content":["https:\/\/www.comuna13online.com.ar\/wp-content\/uploads\/2018\/10\/20181025b-678x381.jpg",678,381,true],"mh-magazine-large":["https:\/\/www.comuna13online.com.ar\/wp-content\/uploads\/2018\/10\/20181025b-678x438.jpg",678,438,true],"mh-magazine-medium":["https:\/\/www.comuna13online.com.ar\/wp-content\/uploads\/2018\/10\/20181025b-326x245.jpg",326,245,true],"mh-magazine-small":["https:\/\/www.comuna13online.com.ar\/wp-content\/uploads\/2018\/10\/20181025b-80x60.jpg",80,60,true],"sow-carousel-default":["https:\/\/www.comuna13online.com.ar\/wp-content\/uploads\/2018\/10\/20181025b-272x182.jpg",272,182,true]},"uagb_author_info":{"display_name":"Comuna13","author_link":"https:\/\/www.comuna13online.com.ar\/?author=1"},"uagb_comment_info":0,"uagb_excerpt":"Los celebra con la exposici\u00f3n \u00abMostramos todo, no nos quedamos con nada\u00bb. Un mundo de objetos que inaugura el viernes 26 de octubre a las 19 horas, en Defensa 223. [...]","jetpack_sharing_enabled":true,"_links":{"self":[{"href":"https:\/\/www.comuna13online.com.ar\/index.php?rest_route=\/wp\/v2\/posts\/3082","targetHints":{"allow":["GET"]}}],"collection":[{"href":"https:\/\/www.comuna13online.com.ar\/index.php?rest_route=\/wp\/v2\/posts"}],"about":[{"href":"https:\/\/www.comuna13online.com.ar\/index.php?rest_route=\/wp\/v2\/types\/post"}],"author":[{"embeddable":true,"href":"https:\/\/www.comuna13online.com.ar\/index.php?rest_route=\/wp\/v2\/users\/1"}],"replies":[{"embeddable":true,"href":"https:\/\/www.comuna13online.com.ar\/index.php?rest_route=%2Fwp%2Fv2%2Fcomments&post=3082"}],"version-history":[{"count":0,"href":"https:\/\/www.comuna13online.com.ar\/index.php?rest_route=\/wp\/v2\/posts\/3082\/revisions"}],"wp:featuredmedia":[{"embeddable":true,"href":"https:\/\/www.comuna13online.com.ar\/index.php?rest_route=\/wp\/v2\/media\/3085"}],"wp:attachment":[{"href":"https:\/\/www.comuna13online.com.ar\/index.php?rest_route=%2Fwp%2Fv2%2Fmedia&parent=3082"}],"wp:term":[{"taxonomy":"category","embeddable":true,"href":"https:\/\/www.comuna13online.com.ar\/index.php?rest_route=%2Fwp%2Fv2%2Fcategories&post=3082"},{"taxonomy":"post_tag","embeddable":true,"href":"https:\/\/www.comuna13online.com.ar\/index.php?rest_route=%2Fwp%2Fv2%2Ftags&post=3082"}],"curies":[{"name":"wp","href":"https:\/\/api.w.org\/{rel}","templated":true}]}}