{"id":2819,"date":"2018-10-19T07:00:34","date_gmt":"2018-10-19T10:00:34","guid":{"rendered":"http:\/\/www.comuna13online.com.ar\/?p=2819"},"modified":"2019-05-11T14:36:57","modified_gmt":"2019-05-11T17:36:57","slug":"obras-de-goya-dali-y-picasso-en-el-museo-larreta","status":"publish","type":"post","link":"https:\/\/www.comuna13online.com.ar\/?p=2819","title":{"rendered":"Obras de Goya, Dal\u00ed y Picasso en el Museo Larreta"},"content":{"rendered":"<p><strong>El Museo Enrique Larreta inaugura hoy a las 19 horas una muestra temporaria sobre los tres artistas m\u00e1s relevantes del arte espa\u00f1ol,\u00a0\u00a0Francisco de Goya, Pablo Picasso y Salvador Dal\u00ed.<\/strong><\/p>\n<p><a href=\"http:\/\/www.comuna13online.com.ar\/wp-content\/uploads\/2018\/10\/43068758_1146046288884419_8599586568925085696_n-e1538738300994.jpg\" target=\"_blank\" rel=\"noopener noreferrer\"><img loading=\"lazy\" decoding=\"async\" data-attachment-id=\"2820\" data-permalink=\"https:\/\/www.comuna13online.com.ar\/?attachment_id=2820\" data-orig-file=\"https:\/\/www.comuna13online.com.ar\/wp-content\/uploads\/2018\/10\/43068758_1146046288884419_8599586568925085696_n-e1538738300994.jpg\" data-orig-size=\"900,632\" data-comments-opened=\"0\" data-image-meta=\"{&quot;aperture&quot;:&quot;0&quot;,&quot;credit&quot;:&quot;&quot;,&quot;camera&quot;:&quot;&quot;,&quot;caption&quot;:&quot;&quot;,&quot;created_timestamp&quot;:&quot;0&quot;,&quot;copyright&quot;:&quot;&quot;,&quot;focal_length&quot;:&quot;0&quot;,&quot;iso&quot;:&quot;0&quot;,&quot;shutter_speed&quot;:&quot;0&quot;,&quot;title&quot;:&quot;&quot;,&quot;orientation&quot;:&quot;0&quot;}\" data-image-title=\"43068758_1146046288884419_8599586568925085696_n\" data-image-description=\"\" data-image-caption=\"\" data-large-file=\"https:\/\/www.comuna13online.com.ar\/wp-content\/uploads\/2018\/10\/43068758_1146046288884419_8599586568925085696_n-e1538738300994-624x438.jpg\" class=\"alignnone wp-image-2820\" src=\"http:\/\/www.comuna13online.com.ar\/wp-content\/uploads\/2018\/10\/43068758_1146046288884419_8599586568925085696_n-e1538738300994.jpg\" alt=\"\" width=\"678\" height=\"476\" srcset=\"https:\/\/www.comuna13online.com.ar\/wp-content\/uploads\/2018\/10\/43068758_1146046288884419_8599586568925085696_n-e1538738300994.jpg 900w, https:\/\/www.comuna13online.com.ar\/wp-content\/uploads\/2018\/10\/43068758_1146046288884419_8599586568925085696_n-e1538738300994-644x452.jpg 644w, https:\/\/www.comuna13online.com.ar\/wp-content\/uploads\/2018\/10\/43068758_1146046288884419_8599586568925085696_n-e1538738300994-768x539.jpg 768w, https:\/\/www.comuna13online.com.ar\/wp-content\/uploads\/2018\/10\/43068758_1146046288884419_8599586568925085696_n-e1538738300994-624x438.jpg 624w\" sizes=\"auto, (max-width: 678px) 100vw, 678px\" \/><\/a><\/p>\n<p>El Museo de Arte Espa\u00f1ol Enrique Larreta se viste de gala para la inauguraci\u00f3n de la muestra temporaria \u00abGoya, Picasso, Dal\u00ed. Arte y tauromaquia\u00bb, una exposici\u00f3n de alto nivel que promete ser la exposici\u00f3n m\u00e1s importante presentada por el Museo en 2018.<\/p>\n<p>la muestra re\u00fane las estampas y grabados de estilo surrealista, figurativo y abstracto de uno de los ritos de Espa\u00f1a, la tauromaquia,\u00a0se exhiben obras de Francisco de Goya y Lucientes, Salvador Dal\u00ed, Pablo Picasso.<\/p>\n<p>Incluye adem\u00e1s una acuarela de\u00a0Emeric Essex Vidal, que da cuenta de c\u00f3mo eran las corridas de toros en\u00a0Buenos Aires a principios del siglo XIX, sumando adem\u00e1s objetos, libros y material audiovisual que ilustran el v\u00ednculo de la tauromaquia con la literatura y la historia del arte.<\/p>\n<p>El punto de encuentro que los vincula gira alrededor de la Tauromaquia, tema representado a partir de sus grabados y litograf\u00edas. La corrida de toros que se practica en la actualidad tuvo su origen en la Espa\u00f1a del siglo XVII cuando el torero, no necesariamente de origen noble, despojado del caballo se enfrentaba al animal a pie. Esta pr\u00e1ctica tuvo su apogeo a principios de 1900 en la llamada \u201c\u00c9poca Dorada de la Tauromaquia \u201d.<\/p>\n<div align=\"center\">\n<blockquote class=\"twitter-tweet\" data-lang=\"es\">\n<p dir=\"ltr\" lang=\"es\">[SE VIENE SE VIENE]<br \/>\nMuestra temporaria del a\u00f1o en el Larreta<br \/>\nGOYA+PICASSO+DAL\u00cd<\/p>\n<p>Inaugura este, viernes 19\/10 a las 19<\/p>\n<p>*En la imagen: obra de DAL\u00cd*<a href=\"https:\/\/twitter.com\/hashtag\/buenmartes?src=hash&amp;ref_src=twsrc%5Etfw\">#buenmartes<\/a> <a href=\"https:\/\/twitter.com\/hashtag\/museosporte%C3%B1os?src=hash&amp;ref_src=twsrc%5Etfw\">#museosporte\u00f1os<\/a> <a href=\"https:\/\/twitter.com\/hashtag\/muestrastemporales?src=hash&amp;ref_src=twsrc%5Etfw\">#muestrastemporales<\/a> <a href=\"https:\/\/twitter.com\/hashtag\/muestrastemporarias?src=hash&amp;ref_src=twsrc%5Etfw\">#muestrastemporarias<\/a> <a href=\"https:\/\/twitter.com\/hashtag\/GoyaDali?src=hash&amp;ref_src=twsrc%5Etfw\">#GoyaDali<\/a> <a href=\"https:\/\/twitter.com\/hashtag\/goya?src=hash&amp;ref_src=twsrc%5Etfw\">#goya<\/a> <a href=\"https:\/\/twitter.com\/hashtag\/goyadalipicasso?src=hash&amp;ref_src=twsrc%5Etfw\">#goyadalipicasso<\/a> <a href=\"https:\/\/twitter.com\/hashtag\/dali?src=hash&amp;ref_src=twsrc%5Etfw\">#dali<\/a> <a href=\"https:\/\/twitter.com\/hashtag\/picasso?src=hash&amp;ref_src=twsrc%5Etfw\">#picasso<\/a> <a href=\"https:\/\/twitter.com\/hashtag\/arteespa%C3%B1ol?src=hash&amp;ref_src=twsrc%5Etfw\">#arteespa\u00f1ol<\/a> <a href=\"https:\/\/t.co\/SjbLW54Lc9\">pic.twitter.com\/SjbLW54Lc9<\/a><\/p>\n<p>\u2014 Museo Larreta (@MuseoLarreta) <a href=\"https:\/\/twitter.com\/MuseoLarreta\/status\/1052172646870380544?ref_src=twsrc%5Etfw\">16 de octubre de 2018<\/a><\/p><\/blockquote>\n<p><script async src=\"https:\/\/platform.twitter.com\/widgets.js\" charset=\"utf-8\"><\/script><\/p>\n<\/div>\n<p>Con diferentes contextos, estilos, intenciones o significados, los tres protagonistas de esta muestra, han representado pl\u00e1sticamente la pasi\u00f3n y dram\u00e1tica intensidad de las corridas taurinas mediante sus diversas miradas.<\/p>\n<p><span style=\"color: #e958ff;\"><strong>Goya\u00a0<\/strong><\/span>(1746-1828), considerado como un precursor de la modernidad, realiz\u00f3 su serie de grabados mostrando una visi\u00f3n hist\u00f3rica de la tauromaquia en Espa\u00f1a.<\/p>\n<p><strong><span style=\"color: #e958ff;\">Picasso\u00a0<\/span><\/strong>(1881-1973), creador del cubismo, fue aficionado a los toros desde su infancia y transform\u00f3 esas escenas en temas centrales de su obra.<\/p>\n<p><span style=\"color: #e958ff;\"><strong>Dal\u00ed<\/strong>\u00a0<\/span>(1904-1989), uno de los m\u00e1ximos representantes del surrealismo, sinti\u00f3 fascinaci\u00f3n por el mundo del toreo y elabor\u00f3 sus im\u00e1genes en clave surrealista.<\/p>\n<p>La inauguraci\u00f3n tendr\u00e1 lugar el viernes 19 de octubre a las 19 horas en el Museo, entrada por Juramento 2291, la exposici\u00f3n estar\u00e1 abierta hasta el domingo 6 de enero de 2019.<\/p>\n<hr \/>\n<p><strong>Museo de Arte Espa\u00f1ol Enrique Larreta<br \/>\n<\/strong>Juramento 2291<\/p>\n<p>Horarios de visita:<\/p>\n<p>Martes a viernes de 12 a 19 horas.<br \/>\nS\u00e1bados, domingos y feriados de 10 a 20 horas<\/p>\n<p><span style=\"color: #3366ff;\">Entrada General $30 <\/span>\/ Jueves gratis.<br \/>\nMenores de 12 a\u00f1os, jubilados y estudiantes con acreditaci\u00f3n, gratis<\/p>\n<p><iframe loading=\"lazy\" style=\"border: 0;\" src=\"https:\/\/www.google.com\/maps\/embed?pb=!1m18!1m12!1m3!1d3285.692963597937!2d-58.4578286850968!3d-34.56132856276278!2m3!1f0!2f0!3f0!3m2!1i1024!2i768!4f13.1!3m3!1m2!1s0x95bcb5d3a0a211b3%3A0xedd3483149685e17!2sMuseo+de+Arte+Espa%C3%B1ol+Enrique+Larreta!5e0!3m2!1ses!2sar!4v1515582783930\" width=\"300\" height=\"250\" frameborder=\"0\" allowfullscreen=\"allowfullscreen\"><\/iframe><\/p>\n<p><strong>Transportes Cercanos:<\/strong><\/p>\n<p><strong>Colectivos<\/strong>:\u00a015, 29, 41, 42, 44, 57, 59, 60, 63, 65, 67, 68, 80, 107, 113, 114, 133, 152, 161, 168, 184 y 194.<br \/>\n<strong>Subte<\/strong>: Estaci\u00f3n Juramento de la L\u00ednea D<\/p>\n","protected":false},"excerpt":{"rendered":"<div class=\"mh-excerpt\">El Museo Enrique Larreta inaugura hoy a las 19 horas una muestra temporaria sobre los tres artistas m\u00e1s relevantes del arte espa\u00f1ol,\u00a0\u00a0Francisco de Goya, Pablo Picasso y Salvador Dal\u00ed. El <a class=\"mh-excerpt-more\" href=\"https:\/\/www.comuna13online.com.ar\/?p=2819\" title=\"Obras de Goya, Dal\u00ed y Picasso en el Museo Larreta\">[&#8230;]<\/a><\/div>\n","protected":false},"author":1,"featured_media":2935,"comment_status":"closed","ping_status":"closed","sticky":false,"template":"","format":"standard","meta":{"_uag_custom_page_level_css":"","_jetpack_memberships_contains_paid_content":false,"footnotes":"","jetpack_publicize_message":"","jetpack_publicize_feature_enabled":true,"jetpack_social_post_already_shared":true,"jetpack_social_options":{"image_generator_settings":{"template":"highway","default_image_id":0,"font":"","enabled":false},"version":2}},"categories":[76],"tags":[155,19,77,127],"class_list":{"0":"post-2819","1":"post","2":"type-post","3":"status-publish","4":"format-standard","5":"has-post-thumbnail","7":"category-museos","8":"tag-arte","9":"tag-comuna-13","10":"tag-museo-larreta","11":"tag-museos"},"jetpack_publicize_connections":[],"jetpack_featured_media_url":"https:\/\/www.comuna13online.com.ar\/wp-content\/uploads\/2018\/10\/20181019a.jpg","uagb_featured_image_src":{"full":["https:\/\/www.comuna13online.com.ar\/wp-content\/uploads\/2018\/10\/20181019a.jpg",1030,438,false],"thumbnail":["https:\/\/www.comuna13online.com.ar\/wp-content\/uploads\/2018\/10\/20181019a-150x150.jpg",96,96,true],"medium":["https:\/\/www.comuna13online.com.ar\/wp-content\/uploads\/2018\/10\/20181019a-678x288.jpg",678,288,true],"medium_large":["https:\/\/www.comuna13online.com.ar\/wp-content\/uploads\/2018\/10\/20181019a-768x327.jpg",768,327,true],"large":["https:\/\/www.comuna13online.com.ar\/wp-content\/uploads\/2018\/10\/20181019a.jpg",1030,438,false],"1536x1536":["https:\/\/www.comuna13online.com.ar\/wp-content\/uploads\/2018\/10\/20181019a.jpg",1030,438,false],"2048x2048":["https:\/\/www.comuna13online.com.ar\/wp-content\/uploads\/2018\/10\/20181019a.jpg",1030,438,false],"mh-magazine-slider":["https:\/\/www.comuna13online.com.ar\/wp-content\/uploads\/2018\/10\/20181019a.jpg",1030,438,false],"mh-magazine-content":["https:\/\/www.comuna13online.com.ar\/wp-content\/uploads\/2018\/10\/20181019a-678x381.jpg",678,381,true],"mh-magazine-large":["https:\/\/www.comuna13online.com.ar\/wp-content\/uploads\/2018\/10\/20181019a-678x438.jpg",678,438,true],"mh-magazine-medium":["https:\/\/www.comuna13online.com.ar\/wp-content\/uploads\/2018\/10\/20181019a-326x245.jpg",326,245,true],"mh-magazine-small":["https:\/\/www.comuna13online.com.ar\/wp-content\/uploads\/2018\/10\/20181019a-80x60.jpg",80,60,true],"sow-carousel-default":["https:\/\/www.comuna13online.com.ar\/wp-content\/uploads\/2018\/10\/20181019a-272x182.jpg",272,182,true]},"uagb_author_info":{"display_name":"Comuna13","author_link":"https:\/\/www.comuna13online.com.ar\/?author=1"},"uagb_comment_info":0,"uagb_excerpt":"El Museo Enrique Larreta inaugura hoy a las 19 horas una muestra temporaria sobre los tres artistas m\u00e1s relevantes del arte espa\u00f1ol,\u00a0\u00a0Francisco de Goya, Pablo Picasso y Salvador Dal\u00ed. El [...]","jetpack_sharing_enabled":true,"_links":{"self":[{"href":"https:\/\/www.comuna13online.com.ar\/index.php?rest_route=\/wp\/v2\/posts\/2819","targetHints":{"allow":["GET"]}}],"collection":[{"href":"https:\/\/www.comuna13online.com.ar\/index.php?rest_route=\/wp\/v2\/posts"}],"about":[{"href":"https:\/\/www.comuna13online.com.ar\/index.php?rest_route=\/wp\/v2\/types\/post"}],"author":[{"embeddable":true,"href":"https:\/\/www.comuna13online.com.ar\/index.php?rest_route=\/wp\/v2\/users\/1"}],"replies":[{"embeddable":true,"href":"https:\/\/www.comuna13online.com.ar\/index.php?rest_route=%2Fwp%2Fv2%2Fcomments&post=2819"}],"version-history":[{"count":0,"href":"https:\/\/www.comuna13online.com.ar\/index.php?rest_route=\/wp\/v2\/posts\/2819\/revisions"}],"wp:featuredmedia":[{"embeddable":true,"href":"https:\/\/www.comuna13online.com.ar\/index.php?rest_route=\/wp\/v2\/media\/2935"}],"wp:attachment":[{"href":"https:\/\/www.comuna13online.com.ar\/index.php?rest_route=%2Fwp%2Fv2%2Fmedia&parent=2819"}],"wp:term":[{"taxonomy":"category","embeddable":true,"href":"https:\/\/www.comuna13online.com.ar\/index.php?rest_route=%2Fwp%2Fv2%2Fcategories&post=2819"},{"taxonomy":"post_tag","embeddable":true,"href":"https:\/\/www.comuna13online.com.ar\/index.php?rest_route=%2Fwp%2Fv2%2Ftags&post=2819"}],"curies":[{"name":"wp","href":"https:\/\/api.w.org\/{rel}","templated":true}]}}