{"id":2698,"date":"2018-09-27T12:05:05","date_gmt":"2018-09-27T15:05:05","guid":{"rendered":"http:\/\/www.comuna13online.com.ar\/?p=2698"},"modified":"2018-09-27T12:05:05","modified_gmt":"2018-09-27T15:05:05","slug":"el-martes-proximo-habra-un-paro-total-de-trenes","status":"publish","type":"post","link":"https:\/\/www.comuna13online.com.ar\/?p=2698","title":{"rendered":"El martes pr\u00f3ximo habr\u00e1 un paro total de trenes"},"content":{"rendered":"<p><strong>Los anunciaron mediante un comunicado todos los sindicatos del sector ferroviario, con esta medida se busca la reapertura de paritarias por la inflaci\u00f3n que super\u00f3 el acuerdo firmado en abril.<\/strong><\/p>\n<p><img loading=\"lazy\" decoding=\"async\" data-attachment-id=\"2701\" data-permalink=\"https:\/\/www.comuna13online.com.ar\/?attachment_id=2701\" data-orig-file=\"https:\/\/www.comuna13online.com.ar\/wp-content\/uploads\/2018\/09\/2018_09_27a2.jpg\" data-orig-size=\"678,339\" data-comments-opened=\"0\" data-image-meta=\"{&quot;aperture&quot;:&quot;0&quot;,&quot;credit&quot;:&quot;&quot;,&quot;camera&quot;:&quot;&quot;,&quot;caption&quot;:&quot;&quot;,&quot;created_timestamp&quot;:&quot;0&quot;,&quot;copyright&quot;:&quot;&quot;,&quot;focal_length&quot;:&quot;0&quot;,&quot;iso&quot;:&quot;0&quot;,&quot;shutter_speed&quot;:&quot;0&quot;,&quot;title&quot;:&quot;&quot;,&quot;orientation&quot;:&quot;0&quot;}\" data-image-title=\"2018_09_27a2\" data-image-description=\"\" data-image-caption=\"\" data-large-file=\"https:\/\/www.comuna13online.com.ar\/wp-content\/uploads\/2018\/09\/2018_09_27a2.jpg\" class=\"alignnone size-full wp-image-2701\" src=\"http:\/\/www.comuna13online.com.ar\/wp-content\/uploads\/2018\/09\/2018_09_27a2.jpg\" alt=\"\" width=\"678\" height=\"339\" \/><\/p>\n<p>Los\u00a0cuatro sindicatos ferroviarios\u00a0anunciaron ayer una medida de fuerza que se llevar\u00e1 a cabo el pr\u00f3ximo martes 2 de octubre y paralizar\u00e1 por 24 horas el servicio de ferrocarril de pasajeros de corta, media y larga distancia, el detonante es por el incumplimiento de las empresas ferroviarias del Acta Acuerdo firmada el 20 de abril para revisar las paritarias firmadas.<\/p>\n<p>La medida de fuerza fue dispuesta por la Uni\u00f3n Ferroviaria (UF), La Fraternidad, la Asociaci\u00f3n de Se\u00f1aleros (ASFA) y la Asociaci\u00f3n del Personal de Direcci\u00f3n de Ferrocarriles Argentinos (APDFA).<\/p>\n<p>En el comunicado, los gremios denunciaron \u201cel incumplimiento por parte de las empresas ferroviarias de pasajeros\u201d de la paritaria firmada el pasado 20 de abril, donde se especifica revisar los acuerdos firmados \u201cconforme la evoluci\u00f3n de las condiciones econ\u00f3micas pactadas, ante un eventual deterioro del poder adquisitivo de los salarios respecto de los \u00edndices de IPC publicados por el INDEC\u201d.<\/p>\n<p>Tras una serie de encuentros expresaron que \u201cla propuesta de las empresas del sector no responde ni se acerca al marcado desfase que han sufrido los salarios respecto de la inflaci\u00f3n, donde claramente los trabajadores han perdido poder adquisitivo de sus salarios\u201d.<\/p>\n<p><img loading=\"lazy\" decoding=\"async\" data-attachment-id=\"2700\" data-permalink=\"https:\/\/www.comuna13online.com.ar\/?attachment_id=2700\" data-orig-file=\"https:\/\/www.comuna13online.com.ar\/wp-content\/uploads\/2018\/09\/2018_09_27a1.jpg\" data-orig-size=\"860,1098\" data-comments-opened=\"0\" data-image-meta=\"{&quot;aperture&quot;:&quot;0&quot;,&quot;credit&quot;:&quot;&quot;,&quot;camera&quot;:&quot;&quot;,&quot;caption&quot;:&quot;&quot;,&quot;created_timestamp&quot;:&quot;0&quot;,&quot;copyright&quot;:&quot;&quot;,&quot;focal_length&quot;:&quot;0&quot;,&quot;iso&quot;:&quot;0&quot;,&quot;shutter_speed&quot;:&quot;0&quot;,&quot;title&quot;:&quot;&quot;,&quot;orientation&quot;:&quot;0&quot;}\" data-image-title=\"2018_09_27a1\" data-image-description=\"\" data-image-caption=\"\" data-large-file=\"https:\/\/www.comuna13online.com.ar\/wp-content\/uploads\/2018\/09\/2018_09_27a1-343x438.jpg\" class=\"alignnone size-full wp-image-2700\" src=\"http:\/\/www.comuna13online.com.ar\/wp-content\/uploads\/2018\/09\/2018_09_27a1.jpg\" alt=\"\" width=\"860\" height=\"1098\" srcset=\"https:\/\/www.comuna13online.com.ar\/wp-content\/uploads\/2018\/09\/2018_09_27a1.jpg 860w, https:\/\/www.comuna13online.com.ar\/wp-content\/uploads\/2018\/09\/2018_09_27a1-354x452.jpg 354w, https:\/\/www.comuna13online.com.ar\/wp-content\/uploads\/2018\/09\/2018_09_27a1-768x981.jpg 768w, https:\/\/www.comuna13online.com.ar\/wp-content\/uploads\/2018\/09\/2018_09_27a1-343x438.jpg 343w\" sizes=\"auto, (max-width: 860px) 100vw, 860px\" \/><\/p>\n","protected":false},"excerpt":{"rendered":"<div class=\"mh-excerpt\">Los anunciaron mediante un comunicado todos los sindicatos del sector ferroviario, con esta medida se busca la reapertura de paritarias por la inflaci\u00f3n que super\u00f3 el acuerdo firmado en abril. <a class=\"mh-excerpt-more\" href=\"https:\/\/www.comuna13online.com.ar\/?p=2698\" title=\"El martes pr\u00f3ximo habr\u00e1 un paro total de trenes\">[&#8230;]<\/a><\/div>\n","protected":false},"author":1,"featured_media":2699,"comment_status":"closed","ping_status":"closed","sticky":false,"template":"","format":"standard","meta":{"_uag_custom_page_level_css":"","_jetpack_memberships_contains_paid_content":false,"footnotes":"","jetpack_publicize_message":"","jetpack_publicize_feature_enabled":true,"jetpack_social_post_already_shared":true,"jetpack_social_options":{"image_generator_settings":{"template":"highway","default_image_id":0,"font":"","enabled":false},"version":2}},"categories":[208],"tags":[123,15],"class_list":{"0":"post-2698","1":"post","2":"type-post","3":"status-publish","4":"format-standard","5":"has-post-thumbnail","7":"category-ferrocarril","8":"tag-paro","9":"tag-transporte"},"jetpack_publicize_connections":[],"jetpack_featured_media_url":"https:\/\/www.comuna13online.com.ar\/wp-content\/uploads\/2018\/09\/2018_09_27a.jpg","uagb_featured_image_src":{"full":["https:\/\/www.comuna13online.com.ar\/wp-content\/uploads\/2018\/09\/2018_09_27a.jpg",1030,438,false],"thumbnail":["https:\/\/www.comuna13online.com.ar\/wp-content\/uploads\/2018\/09\/2018_09_27a-150x150.jpg",96,96,true],"medium":["https:\/\/www.comuna13online.com.ar\/wp-content\/uploads\/2018\/09\/2018_09_27a-678x288.jpg",678,288,true],"medium_large":["https:\/\/www.comuna13online.com.ar\/wp-content\/uploads\/2018\/09\/2018_09_27a-768x327.jpg",768,327,true],"large":["https:\/\/www.comuna13online.com.ar\/wp-content\/uploads\/2018\/09\/2018_09_27a.jpg",1030,438,false],"1536x1536":["https:\/\/www.comuna13online.com.ar\/wp-content\/uploads\/2018\/09\/2018_09_27a.jpg",1030,438,false],"2048x2048":["https:\/\/www.comuna13online.com.ar\/wp-content\/uploads\/2018\/09\/2018_09_27a.jpg",1030,438,false],"mh-magazine-slider":["https:\/\/www.comuna13online.com.ar\/wp-content\/uploads\/2018\/09\/2018_09_27a.jpg",1030,438,false],"mh-magazine-content":["https:\/\/www.comuna13online.com.ar\/wp-content\/uploads\/2018\/09\/2018_09_27a-678x381.jpg",678,381,true],"mh-magazine-large":["https:\/\/www.comuna13online.com.ar\/wp-content\/uploads\/2018\/09\/2018_09_27a-678x438.jpg",678,438,true],"mh-magazine-medium":["https:\/\/www.comuna13online.com.ar\/wp-content\/uploads\/2018\/09\/2018_09_27a-326x245.jpg",326,245,true],"mh-magazine-small":["https:\/\/www.comuna13online.com.ar\/wp-content\/uploads\/2018\/09\/2018_09_27a-80x60.jpg",80,60,true],"sow-carousel-default":["https:\/\/www.comuna13online.com.ar\/wp-content\/uploads\/2018\/09\/2018_09_27a-272x182.jpg",272,182,true]},"uagb_author_info":{"display_name":"Comuna13","author_link":"https:\/\/www.comuna13online.com.ar\/?author=1"},"uagb_comment_info":0,"uagb_excerpt":"Los anunciaron mediante un comunicado todos los sindicatos del sector ferroviario, con esta medida se busca la reapertura de paritarias por la inflaci\u00f3n que super\u00f3 el acuerdo firmado en abril. [...]","jetpack_sharing_enabled":true,"_links":{"self":[{"href":"https:\/\/www.comuna13online.com.ar\/index.php?rest_route=\/wp\/v2\/posts\/2698","targetHints":{"allow":["GET"]}}],"collection":[{"href":"https:\/\/www.comuna13online.com.ar\/index.php?rest_route=\/wp\/v2\/posts"}],"about":[{"href":"https:\/\/www.comuna13online.com.ar\/index.php?rest_route=\/wp\/v2\/types\/post"}],"author":[{"embeddable":true,"href":"https:\/\/www.comuna13online.com.ar\/index.php?rest_route=\/wp\/v2\/users\/1"}],"replies":[{"embeddable":true,"href":"https:\/\/www.comuna13online.com.ar\/index.php?rest_route=%2Fwp%2Fv2%2Fcomments&post=2698"}],"version-history":[{"count":0,"href":"https:\/\/www.comuna13online.com.ar\/index.php?rest_route=\/wp\/v2\/posts\/2698\/revisions"}],"wp:featuredmedia":[{"embeddable":true,"href":"https:\/\/www.comuna13online.com.ar\/index.php?rest_route=\/wp\/v2\/media\/2699"}],"wp:attachment":[{"href":"https:\/\/www.comuna13online.com.ar\/index.php?rest_route=%2Fwp%2Fv2%2Fmedia&parent=2698"}],"wp:term":[{"taxonomy":"category","embeddable":true,"href":"https:\/\/www.comuna13online.com.ar\/index.php?rest_route=%2Fwp%2Fv2%2Fcategories&post=2698"},{"taxonomy":"post_tag","embeddable":true,"href":"https:\/\/www.comuna13online.com.ar\/index.php?rest_route=%2Fwp%2Fv2%2Ftags&post=2698"}],"curies":[{"name":"wp","href":"https:\/\/api.w.org\/{rel}","templated":true}]}}