{"id":2534,"date":"2018-09-07T11:00:10","date_gmt":"2018-09-07T14:00:10","guid":{"rendered":"http:\/\/www.comuna13online.com.ar\/?p=2534"},"modified":"2018-09-07T11:01:47","modified_gmt":"2018-09-07T14:01:47","slug":"nueva-jornada-de-adopcion-de-mascotas-en-parque-centenario","status":"publish","type":"post","link":"https:\/\/www.comuna13online.com.ar\/?p=2534","title":{"rendered":"Nueva Jornada de adopci\u00f3n de mascotas en Parque Centenario"},"content":{"rendered":"<p><strong>En el marco del programa Mascotas de la Ciudad,\u00a0 el pr\u00f3ximo domingo 9 de septiembre desde las 13 horas se llevar\u00e1 a cabo una jornada de adopci\u00f3n en Parque Centenario.<\/strong><\/p>\n<p><img loading=\"lazy\" decoding=\"async\" data-attachment-id=\"2535\" data-permalink=\"https:\/\/www.comuna13online.com.ar\/?attachment_id=2535\" data-orig-file=\"https:\/\/www.comuna13online.com.ar\/wp-content\/uploads\/2018\/09\/2018_09_06a1.jpg\" data-orig-size=\"677,355\" data-comments-opened=\"0\" data-image-meta=\"{&quot;aperture&quot;:&quot;0&quot;,&quot;credit&quot;:&quot;&quot;,&quot;camera&quot;:&quot;&quot;,&quot;caption&quot;:&quot;&quot;,&quot;created_timestamp&quot;:&quot;0&quot;,&quot;copyright&quot;:&quot;&quot;,&quot;focal_length&quot;:&quot;0&quot;,&quot;iso&quot;:&quot;0&quot;,&quot;shutter_speed&quot;:&quot;0&quot;,&quot;title&quot;:&quot;&quot;,&quot;orientation&quot;:&quot;0&quot;}\" data-image-title=\"2018_09_06a1\" data-image-description=\"\" data-image-caption=\"\" data-large-file=\"https:\/\/www.comuna13online.com.ar\/wp-content\/uploads\/2018\/09\/2018_09_06a1.jpg\" class=\"alignnone size-full wp-image-2535\" src=\"http:\/\/www.comuna13online.com.ar\/wp-content\/uploads\/2018\/09\/2018_09_06a1.jpg\" alt=\"\" width=\"677\" height=\"355\" \/><\/p>\n<p>El Gobierno de la Ciudad, a trav\u00e9s del Ministerio de Ambiente y Espacio P\u00fablico a cargo de Eduardo Macchiavelli organiza una nueva\u00a0 Jornada de Adopci\u00f3n de Mascotas en la Ciudad, la misma se llevar\u00e1 a cabo en el Parque Centenario, ubicada en la intersecci\u00f3n de Av. D\u00edaz V\u00e9lez y Dr. Ricardo Finochietto en el barrio de Caballito.<\/p>\n<p>Los interesados se pueden acercarse a partir de las 13 horas y conocer a las mascotas en adopci\u00f3n\u00a0 y colaborar con muchas de las organizaciones que cuidan a los perros y gatos que buscan un hogar definitivo. Adem\u00e1s, aquellos que lo deseen, pueden ayudar a las diferentes organizaciones de mascotas donando cualquiera de estos productos para perros o gatos: Alimentos, productos de limpieza e higiene, art\u00edculos de primeros auxilios, mantas o abrigos.<\/p>\n<blockquote><p><em>\u00abLas jornadas de adopci\u00f3n de mascotas son una iniciativa ideal para compartir en familia al aire libre. La idea es llevar estas actividades a los parques y plazas de la Ciudad, para que puedan disfrutarlas todos los vecinos\u00bb<\/em>, Eduardo Macchiavelli, Ministro de Ambiente y Espacio P\u00fablico de la Ciudad.<\/p><\/blockquote>\n<p>La jornada incluye adem\u00e1s un mont\u00f3n de actividades para toda la familia que se podr\u00e1n disfrutar durante todo el d\u00eda,\u00a0 se instalar\u00e1 un gazebo donde se desarrollar\u00e1n juegos para ni\u00f1os, habr\u00e1 desfiles de los perritos en adopci\u00f3n, un taller de paseo, sorteos, inflables con juegos interactivos y mucho m\u00e1s.<\/p>\n<p>Es bueno aclarar que cualquiera que tenga un perro o gato para dar en adopci\u00f3n puede ir, no podr\u00e1n utilizar ni los stands instalados ni participar de los desfiles, pero el evento se desarrolla en un espacio p\u00fablico y nadie puede impedir el ingreso. Recomendamos llevar a los gatitos en canil porque pudene asustarse y perderse.<\/p>\n<p>El principal objetivo de estas jornadas es promover la adopci\u00f3n responsable de perros y gatos.\u00a0Aquellas personas interesadas en adoptar una mascota, podr\u00e1n contactarse con cualquiera de las 45 instituciones que tienen animales en condiciones para ser adoptados.\u00a0En caso de cumplir con los requisitos para asegurar una tenencia responsable, podr\u00e1n formalizar la adopci\u00f3n.<\/p>\n<p>Las organizaciones dedicadas al cuidado de mascotas, contar\u00e1n con stands donde dar\u00e1n a conocer cu\u00e1les son los amigos peludos\u00a0que esperan una familia, podr\u00e1n reunir fondos, informar acerca de sus actividades y\u00a0recibir donaciones como alimentos, productos de limpieza e higiene, art\u00edculos de primeros auxilios, mantas y\/o abrigos.<\/p>\n<div align=\"center\"><iframe loading=\"lazy\" style=\"border: none; overflow: hidden;\" src=\"https:\/\/www.facebook.com\/plugins\/post.php?href=https%3A%2F%2Fwww.facebook.com%2FBAmascotas%2Fposts%2F1447965655335747&amp;width=500\" width=\"500\" height=\"696\" frameborder=\"0\" scrolling=\"no\"><\/iframe><\/div>\n<h4><strong>Jornada de Adopci\u00f3n de Mascotas<\/strong><\/h4>\n<p><strong>Parque Centenario<\/strong><br \/>\nAv. D\u00edaz V\u00e9lez y Dr. Ricardo Finochietto<br \/>\nCaballito<\/p>\n<p>A partir de las 13 horas y hasta las 18, entrada libre y gratuita.<\/p>\n<p><iframe loading=\"lazy\" style=\"border: 0;\" src=\"https:\/\/www.google.com\/maps\/embed?pb=!1m18!1m12!1m3!1d6567.7764503814915!2d-58.449951882898155!3d-34.606987842231014!2m3!1f0!2f0!3f0!3m2!1i1024!2i768!4f13.1!3m3!1m2!1s0x95bcca123e62a3b7%3A0xfd29bca56397b8c3!2sAv.+Angel+Gallardo+1414%2C+C1405DJX+CABA!5e0!3m2!1ses!2sar!4v1536244272317\" width=\"350\" height=\"300\" frameborder=\"0\" allowfullscreen=\"allowfullscreen\"><\/iframe><br \/>\n<strong>Transportes Cercanos<\/strong><br \/>\nColectivos: 15, 36, 42, 55, 65, 84, 92, 99, 104, 105, 112, 124, 135, 141, 146, 172 y 181.<\/p>\n<hr \/>\n<p><img loading=\"lazy\" decoding=\"async\" data-attachment-id=\"1128\" data-permalink=\"https:\/\/www.comuna13online.com.ar\/?attachment_id=1128\" data-orig-file=\"https:\/\/www.comuna13online.com.ar\/wp-content\/uploads\/2018\/04\/mascotas01.jpg\" data-orig-size=\"850,200\" data-comments-opened=\"0\" data-image-meta=\"{&quot;aperture&quot;:&quot;0&quot;,&quot;credit&quot;:&quot;&quot;,&quot;camera&quot;:&quot;&quot;,&quot;caption&quot;:&quot;&quot;,&quot;created_timestamp&quot;:&quot;0&quot;,&quot;copyright&quot;:&quot;&quot;,&quot;focal_length&quot;:&quot;0&quot;,&quot;iso&quot;:&quot;0&quot;,&quot;shutter_speed&quot;:&quot;0&quot;,&quot;title&quot;:&quot;&quot;,&quot;orientation&quot;:&quot;0&quot;}\" data-image-title=\"mascotas01\" data-image-description=\"\" data-image-caption=\"\" data-large-file=\"https:\/\/www.comuna13online.com.ar\/wp-content\/uploads\/2018\/04\/mascotas01.jpg\" class=\"alignnone size-full wp-image-1128\" src=\"http:\/\/www.comuna13online.com.ar\/wp-content\/uploads\/2018\/04\/mascotas01.jpg\" alt=\"\" width=\"850\" height=\"200\" srcset=\"https:\/\/www.comuna13online.com.ar\/wp-content\/uploads\/2018\/04\/mascotas01.jpg 850w, https:\/\/www.comuna13online.com.ar\/wp-content\/uploads\/2018\/04\/mascotas01-678x160.jpg 678w, https:\/\/www.comuna13online.com.ar\/wp-content\/uploads\/2018\/04\/mascotas01-768x181.jpg 768w\" sizes=\"auto, (max-width: 850px) 100vw, 850px\" \/><\/p>\n<p>Es un encuentro mensual que realizamos en conjunto con diferentes organizaciones que se encargan de cuidar a los perros y gatos que est\u00e1n en adopci\u00f3n. Las organizaciones cuentan con un stand donde reciben donaciones y comercializan sus productos para recaudar fondos. Adem\u00e1s, tienen \u00e1lbumes y carteleras con las fotos de las mascotas para adoptar y concurren con algunos de los perros en adopci\u00f3n, que participan de un desfile en el que podes conocerlos y saber un poco m\u00e1s acerca de ellos.<\/p>\n<p><img loading=\"lazy\" decoding=\"async\" data-attachment-id=\"1129\" data-permalink=\"https:\/\/www.comuna13online.com.ar\/?attachment_id=1129\" data-orig-file=\"https:\/\/www.comuna13online.com.ar\/wp-content\/uploads\/2018\/04\/mascotas02.jpg\" data-orig-size=\"850,200\" data-comments-opened=\"0\" data-image-meta=\"{&quot;aperture&quot;:&quot;0&quot;,&quot;credit&quot;:&quot;&quot;,&quot;camera&quot;:&quot;&quot;,&quot;caption&quot;:&quot;&quot;,&quot;created_timestamp&quot;:&quot;0&quot;,&quot;copyright&quot;:&quot;&quot;,&quot;focal_length&quot;:&quot;0&quot;,&quot;iso&quot;:&quot;0&quot;,&quot;shutter_speed&quot;:&quot;0&quot;,&quot;title&quot;:&quot;&quot;,&quot;orientation&quot;:&quot;0&quot;}\" data-image-title=\"mascotas02\" data-image-description=\"\" data-image-caption=\"\" data-large-file=\"https:\/\/www.comuna13online.com.ar\/wp-content\/uploads\/2018\/04\/mascotas02.jpg\" class=\"alignnone size-full wp-image-1129\" src=\"http:\/\/www.comuna13online.com.ar\/wp-content\/uploads\/2018\/04\/mascotas02.jpg\" alt=\"\" width=\"850\" height=\"200\" srcset=\"https:\/\/www.comuna13online.com.ar\/wp-content\/uploads\/2018\/04\/mascotas02.jpg 850w, https:\/\/www.comuna13online.com.ar\/wp-content\/uploads\/2018\/04\/mascotas02-678x160.jpg 678w, https:\/\/www.comuna13online.com.ar\/wp-content\/uploads\/2018\/04\/mascotas02-768x181.jpg 768w\" sizes=\"auto, (max-width: 850px) 100vw, 850px\" \/><\/p>\n<p>Una vez en la Jornada, podes contactarte con la organizaci\u00f3n que tiene bajo su cuidado a la mascota de tu inter\u00e9s y manifestar tu deseo de adoptarla, as\u00ed ellos te entrevistar\u00e1n y te har\u00e1n una serie de preguntas para saber si ambos son tal para cual (de acuerdo a tu casa, estilo de vida, integrantes de tu familia, etc). El proceso de adopci\u00f3n es sencillo y siempre se firma un contrato de adopci\u00f3n.<\/p>\n<p><img loading=\"lazy\" decoding=\"async\" data-attachment-id=\"1130\" data-permalink=\"https:\/\/www.comuna13online.com.ar\/?attachment_id=1130\" data-orig-file=\"https:\/\/www.comuna13online.com.ar\/wp-content\/uploads\/2018\/04\/mascotas03.jpg\" data-orig-size=\"850,200\" data-comments-opened=\"0\" data-image-meta=\"{&quot;aperture&quot;:&quot;0&quot;,&quot;credit&quot;:&quot;&quot;,&quot;camera&quot;:&quot;&quot;,&quot;caption&quot;:&quot;&quot;,&quot;created_timestamp&quot;:&quot;0&quot;,&quot;copyright&quot;:&quot;&quot;,&quot;focal_length&quot;:&quot;0&quot;,&quot;iso&quot;:&quot;0&quot;,&quot;shutter_speed&quot;:&quot;0&quot;,&quot;title&quot;:&quot;&quot;,&quot;orientation&quot;:&quot;0&quot;}\" data-image-title=\"mascotas03\" data-image-description=\"\" data-image-caption=\"\" data-large-file=\"https:\/\/www.comuna13online.com.ar\/wp-content\/uploads\/2018\/04\/mascotas03.jpg\" class=\"alignnone size-full wp-image-1130\" src=\"http:\/\/www.comuna13online.com.ar\/wp-content\/uploads\/2018\/04\/mascotas03.jpg\" alt=\"\" width=\"850\" height=\"200\" srcset=\"https:\/\/www.comuna13online.com.ar\/wp-content\/uploads\/2018\/04\/mascotas03.jpg 850w, https:\/\/www.comuna13online.com.ar\/wp-content\/uploads\/2018\/04\/mascotas03-678x160.jpg 678w, https:\/\/www.comuna13online.com.ar\/wp-content\/uploads\/2018\/04\/mascotas03-768x181.jpg 768w\" sizes=\"auto, (max-width: 850px) 100vw, 850px\" \/><\/p>\n<p>Si, pod\u00e9s acercarte con tu perro ya que en la Jornada de Adopci\u00f3n realizamos talleres de paseo, atenciones veterinarias gratuitas y es una buena ocasi\u00f3n para disfrutar del evento al aire libre junto a tu mascota.<\/p>\n<p><img loading=\"lazy\" decoding=\"async\" data-attachment-id=\"1131\" data-permalink=\"https:\/\/www.comuna13online.com.ar\/?attachment_id=1131\" data-orig-file=\"https:\/\/www.comuna13online.com.ar\/wp-content\/uploads\/2018\/04\/mascotas04.jpg\" data-orig-size=\"850,200\" data-comments-opened=\"0\" data-image-meta=\"{&quot;aperture&quot;:&quot;0&quot;,&quot;credit&quot;:&quot;&quot;,&quot;camera&quot;:&quot;&quot;,&quot;caption&quot;:&quot;&quot;,&quot;created_timestamp&quot;:&quot;0&quot;,&quot;copyright&quot;:&quot;&quot;,&quot;focal_length&quot;:&quot;0&quot;,&quot;iso&quot;:&quot;0&quot;,&quot;shutter_speed&quot;:&quot;0&quot;,&quot;title&quot;:&quot;&quot;,&quot;orientation&quot;:&quot;0&quot;}\" data-image-title=\"mascotas04\" data-image-description=\"\" data-image-caption=\"\" data-large-file=\"https:\/\/www.comuna13online.com.ar\/wp-content\/uploads\/2018\/04\/mascotas04.jpg\" class=\"alignnone size-full wp-image-1131\" src=\"http:\/\/www.comuna13online.com.ar\/wp-content\/uploads\/2018\/04\/mascotas04.jpg\" alt=\"\" width=\"850\" height=\"200\" srcset=\"https:\/\/www.comuna13online.com.ar\/wp-content\/uploads\/2018\/04\/mascotas04.jpg 850w, https:\/\/www.comuna13online.com.ar\/wp-content\/uploads\/2018\/04\/mascotas04-678x160.jpg 678w, https:\/\/www.comuna13online.com.ar\/wp-content\/uploads\/2018\/04\/mascotas04-768x181.jpg 768w\" sizes=\"auto, (max-width: 850px) 100vw, 850px\" \/><\/p>\n<p>En la Jornada de Adopci\u00f3n las organizaciones llevan a algunos perros para que participen en los desfiles, pero en general los gatos se quedan en casa porque ser\u00eda una situaci\u00f3n muy estresante para ellos. A todas las mascotas en adopci\u00f3n pod\u00e9s conocerlas a trav\u00e9s de las fotos que publicamos en nuestra p\u00e1gina o que llevan ese d\u00eda las organizaciones. Tambi\u00e9n pod\u00e9s acercarte a sus stands y pedirles que te cuenten c\u00f3mo hacer para visitarlos.<\/p>\n","protected":false},"excerpt":{"rendered":"<div class=\"mh-excerpt\">En el marco del programa Mascotas de la Ciudad,\u00a0 el pr\u00f3ximo domingo 9 de septiembre desde las 13 horas se llevar\u00e1 a cabo una jornada de adopci\u00f3n en Parque Centenario. <a class=\"mh-excerpt-more\" href=\"https:\/\/www.comuna13online.com.ar\/?p=2534\" title=\"Nueva Jornada de adopci\u00f3n de mascotas en Parque Centenario\">[&#8230;]<\/a><\/div>\n","protected":false},"author":1,"featured_media":1132,"comment_status":"closed","ping_status":"closed","sticky":false,"template":"","format":"standard","meta":{"_uag_custom_page_level_css":"","_jetpack_memberships_contains_paid_content":false,"footnotes":"","jetpack_publicize_message":"","jetpack_publicize_feature_enabled":true,"jetpack_social_post_already_shared":true,"jetpack_social_options":{"image_generator_settings":{"template":"highway","default_image_id":0,"font":"","enabled":false},"version":2}},"categories":[39],"tags":[40,27],"class_list":{"0":"post-2534","1":"post","2":"type-post","3":"status-publish","4":"format-standard","5":"has-post-thumbnail","7":"category-mascotas","8":"tag-jornada-de-adopcion","9":"tag-mascotas"},"jetpack_publicize_connections":[],"jetpack_featured_media_url":"https:\/\/www.comuna13online.com.ar\/wp-content\/uploads\/2018\/04\/20180412b.jpg","uagb_featured_image_src":{"full":["https:\/\/www.comuna13online.com.ar\/wp-content\/uploads\/2018\/04\/20180412b.jpg",1030,438,false],"thumbnail":["https:\/\/www.comuna13online.com.ar\/wp-content\/uploads\/2018\/04\/20180412b-150x150.jpg",96,96,true],"medium":["https:\/\/www.comuna13online.com.ar\/wp-content\/uploads\/2018\/04\/20180412b-678x288.jpg",678,288,true],"medium_large":["https:\/\/www.comuna13online.com.ar\/wp-content\/uploads\/2018\/04\/20180412b-768x327.jpg",768,327,true],"large":["https:\/\/www.comuna13online.com.ar\/wp-content\/uploads\/2018\/04\/20180412b.jpg",1030,438,false],"1536x1536":["https:\/\/www.comuna13online.com.ar\/wp-content\/uploads\/2018\/04\/20180412b.jpg",1030,438,false],"2048x2048":["https:\/\/www.comuna13online.com.ar\/wp-content\/uploads\/2018\/04\/20180412b.jpg",1030,438,false],"mh-magazine-slider":["https:\/\/www.comuna13online.com.ar\/wp-content\/uploads\/2018\/04\/20180412b.jpg",1030,438,false],"mh-magazine-content":["https:\/\/www.comuna13online.com.ar\/wp-content\/uploads\/2018\/04\/20180412b-678x381.jpg",678,381,true],"mh-magazine-large":["https:\/\/www.comuna13online.com.ar\/wp-content\/uploads\/2018\/04\/20180412b-678x438.jpg",678,438,true],"mh-magazine-medium":["https:\/\/www.comuna13online.com.ar\/wp-content\/uploads\/2018\/04\/20180412b-326x245.jpg",326,245,true],"mh-magazine-small":["https:\/\/www.comuna13online.com.ar\/wp-content\/uploads\/2018\/04\/20180412b-80x60.jpg",80,60,true],"sow-carousel-default":["https:\/\/www.comuna13online.com.ar\/wp-content\/uploads\/2018\/04\/20180412b-272x182.jpg",272,182,true]},"uagb_author_info":{"display_name":"Comuna13","author_link":"https:\/\/www.comuna13online.com.ar\/?author=1"},"uagb_comment_info":0,"uagb_excerpt":"En el marco del programa Mascotas de la Ciudad,\u00a0 el pr\u00f3ximo domingo 9 de septiembre desde las 13 horas se llevar\u00e1 a cabo una jornada de adopci\u00f3n en Parque Centenario. [...]","jetpack_sharing_enabled":true,"_links":{"self":[{"href":"https:\/\/www.comuna13online.com.ar\/index.php?rest_route=\/wp\/v2\/posts\/2534","targetHints":{"allow":["GET"]}}],"collection":[{"href":"https:\/\/www.comuna13online.com.ar\/index.php?rest_route=\/wp\/v2\/posts"}],"about":[{"href":"https:\/\/www.comuna13online.com.ar\/index.php?rest_route=\/wp\/v2\/types\/post"}],"author":[{"embeddable":true,"href":"https:\/\/www.comuna13online.com.ar\/index.php?rest_route=\/wp\/v2\/users\/1"}],"replies":[{"embeddable":true,"href":"https:\/\/www.comuna13online.com.ar\/index.php?rest_route=%2Fwp%2Fv2%2Fcomments&post=2534"}],"version-history":[{"count":0,"href":"https:\/\/www.comuna13online.com.ar\/index.php?rest_route=\/wp\/v2\/posts\/2534\/revisions"}],"wp:featuredmedia":[{"embeddable":true,"href":"https:\/\/www.comuna13online.com.ar\/index.php?rest_route=\/wp\/v2\/media\/1132"}],"wp:attachment":[{"href":"https:\/\/www.comuna13online.com.ar\/index.php?rest_route=%2Fwp%2Fv2%2Fmedia&parent=2534"}],"wp:term":[{"taxonomy":"category","embeddable":true,"href":"https:\/\/www.comuna13online.com.ar\/index.php?rest_route=%2Fwp%2Fv2%2Fcategories&post=2534"},{"taxonomy":"post_tag","embeddable":true,"href":"https:\/\/www.comuna13online.com.ar\/index.php?rest_route=%2Fwp%2Fv2%2Ftags&post=2534"}],"curies":[{"name":"wp","href":"https:\/\/api.w.org\/{rel}","templated":true}]}}