{"id":252,"date":"2017-12-27T18:36:57","date_gmt":"2017-12-27T21:36:57","guid":{"rendered":"http:\/\/www.comuna13online.com.ar\/?p=252"},"modified":"2017-12-27T18:36:57","modified_gmt":"2017-12-27T21:36:57","slug":"gabriel-fuks-fue-designado-defensor-del-pueblo-adjunto","status":"publish","type":"post","link":"https:\/\/www.comuna13online.com.ar\/?p=252","title":{"rendered":"Gabriel Fuks fue designado Defensor del Pueblo Adjunto"},"content":{"rendered":"<p><strong>El nuevo Defensor Adjunto prest\u00f3 juramento ante el Vicepresidente Primero de la Legislatura, el diputado Francisco Quintana. Fuks completar\u00e1 el mandato del Dr. Claudio Pressman, qui\u00e9n renunci\u00f3 en noviembre pasado.<\/strong><\/p>\n<p><img loading=\"lazy\" decoding=\"async\" data-attachment-id=\"253\" data-permalink=\"https:\/\/www.comuna13online.com.ar\/?attachment_id=253\" data-orig-file=\"https:\/\/www.comuna13online.com.ar\/wp-content\/uploads\/2017\/12\/20171227c1.jpg\" data-orig-size=\"1030,438\" data-comments-opened=\"0\" data-image-title=\"20171227c1\" data-image-description=\"\" data-image-caption=\"\" data-large-file=\"https:\/\/www.comuna13online.com.ar\/wp-content\/uploads\/2017\/12\/20171227c1.jpg\" class=\"alignnone wp-image-253 size-medium\" src=\"http:\/\/www.comuna13online.com.ar\/wp-content\/uploads\/2017\/12\/20171227c1-678x288.jpg\" alt=\"\" width=\"678\" height=\"288\" srcset=\"https:\/\/www.comuna13online.com.ar\/wp-content\/uploads\/2017\/12\/20171227c1-678x288.jpg 678w, https:\/\/www.comuna13online.com.ar\/wp-content\/uploads\/2017\/12\/20171227c1-768x327.jpg 768w, https:\/\/www.comuna13online.com.ar\/wp-content\/uploads\/2017\/12\/20171227c1.jpg 1030w\" sizes=\"auto, (max-width: 678px) 100vw, 678px\" \/><\/p>\n<p>Reunido en Sesi\u00f3n el Cuerpo Parlamentario porte\u00f1o design\u00f3 el viernes 22 de diciembre como Defensor del Pueblo Adjunto a <strong>Gabriel Marcelo Fuks<\/strong>, quien desempe\u00f1ar\u00e1 la vacante dejada por el renunciante <strong>Dr. Claudio Presman<\/strong> desde la fecha hasta completar su mandato junto a sus pares designados mediante Resoluci\u00f3n 362\/2013.<\/p>\n<p><strong>Gabriel Fuks<\/strong> se hizo cargo tras dejar el pasado 10 de diciembre la banca que desde el a\u00f1o 2013 ocup\u00f3 en el interbloque Frente para la Victoria como titular del bloque unipersonal Corriente Nacional de la Militancia. Durante ese per\u00edodo presidi\u00f3 la Comisi\u00f3n de Desarrollo Econ\u00f3mico, MerCoSur y Pol\u00edticas de Empleo, fue Vicepresidente 2\u00b0 de la Comisi\u00f3n de Seguridad y en calidad de vocal integr\u00f3 las de Obras y Servicios P\u00fablicos y Relaciones Institucionales. Fue autor de 337 proyectos y coautor de otros 198.<\/p>\n<p>Previo a la designaci\u00f3n se cumplieron los pasos previstos en la Resoluci\u00f3n 3\/2017 de la Junta de \u00c9tica, Acuerdos y Organismos de Control de la Legislatura que impuls\u00f3 la apertura del registro de postulantes a ocupar el cargo de Defensor Adjunto al que <em>Presman<\/em> renunci\u00f3 por haber sido designado Interventor en el Instituto Nacional contra la Discriminaci\u00f3n, la Xenofobia y el Racismo -INADI- seg\u00fan el Decreto 435\/2017.<\/p>\n<p>Por otra parte, la Direcci\u00f3n de Gesti\u00f3n y Participaci\u00f3n Ciudadana fue la encargada de publicar la citada norma de acuerdo a lo prescripto en la Ley N\u00b0 6.<\/p>\n<p>Del 1 al 3 de noviembre pasado se abri\u00f3 el registro de postulantes, en el cual se inscribi\u00f3 <strong>Fuks<\/strong> avalado por un diputado, tal lo establece la Ley N\u00b0 3 y el candidato cumpli\u00f3 con lo exigido en la Ley 331 al momento de la presentaci\u00f3n de sus antecedentes.<\/p>\n<p>La Junta de \u00c9tica mediante la Resoluci\u00f3n N\u00b0 4 dio inicio al procedimiento de Audiencia P\u00fablica y su publicidad se realiz\u00f3 conforme las disposiciones legales vigentes. Seg\u00fan lo dispuesto por Resoluci\u00f3n 4\/2017, se fij\u00f3 el plazo de impugnaciones entre los d\u00edas 14, 15, 16, 17 y 21 de noviembre y en la Direcci\u00f3n de Gesti\u00f3n y Participaci\u00f3n Ciudadana funcion\u00f3 el registro de impugnaciones, no recibi\u00e9ndose ninguna.<\/p>\n<p>El viernes 1\u00ba de diciembre \u00faltimo se concret\u00f3 la Audiencia P\u00fablica para considerar la idoneidad y <strong>Fuks<\/strong> hizo uso de la palabra para referir brevemente sus antecedentes personales, profesionales y curriculares.<\/p>\n<p>La Junta de \u00c9tica, Acuerdos y Organismos de Control y la Comisi\u00f3n de Asuntos Constitucionales consideraron <em>\u201cque no existen elementos objetivos que afecten la idoneidad y capacidad t\u00e9cnica del candidato propuesto para ocupar el cargo vacante en la Defensor\u00eda del Pueblo de la Ciudad Aut\u00f3noma de Buenos Aires\u201d<\/em> y suscribieron un dictamen conjunto que fue elevado al Pleno y estuvo esta tarde sobre las bancas.<\/p>\n<p>La Vicepresidenta Primera a cargo de la Presidencia de la Legislatura de la Ciudad Aut\u00f3noma de Buenos Aires hab\u00eda citado a Sesi\u00f3n Especial a trav\u00e9s del Decreto N\u00b0 46-PSP-2017. La votaci\u00f3n producida tras un cuarto intermedio a las 16:30 horas, result\u00f3 de 54 votos afirmativos y cuatro abstenciones de los diputados <strong>Patricio Del Corro<\/strong>, <strong>Myriam Bregman <\/strong>(PTS-FI), <strong>Fernando Vilardo <\/strong>y <strong>Marta Mart\u00ednez <\/strong>(AyL).<\/p>\n<p>Los diputados <strong>Mar\u00eda Rosa Mui\u00f1os <\/strong>(Bloque Peronista) y <strong>Carlos Tomada <\/strong>(Unidad Ciudadana) destacaron aspectos del desenvolvimiento legislativo de <strong>Fuks<\/strong> y de su trayectoria pol\u00edtica en general. Tras la designaci\u00f3n, el Vicepresidente Primero de la Legislatura, diputado <strong>Francisco Quintana<\/strong>, siendo las 16:45 horas tom\u00f3 juramento a <strong>Gabriel Fuks<\/strong> ante el Cuerpo puesto de pie.<\/p>\n","protected":false},"excerpt":{"rendered":"<div class=\"mh-excerpt\">El nuevo Defensor Adjunto prest\u00f3 juramento ante el Vicepresidente Primero de la Legislatura, el diputado Francisco Quintana. Fuks completar\u00e1 el mandato del Dr. Claudio Pressman, qui\u00e9n renunci\u00f3 en noviembre pasado. <a class=\"mh-excerpt-more\" href=\"https:\/\/www.comuna13online.com.ar\/?p=252\" title=\"Gabriel Fuks fue designado Defensor del Pueblo Adjunto\">[&#8230;]<\/a><\/div>\n","protected":false},"author":1,"featured_media":253,"comment_status":"closed","ping_status":"closed","sticky":false,"template":"","format":"standard","meta":{"_uag_custom_page_level_css":"","_jetpack_newsletter_access":"","_jetpack_dont_email_post_to_subs":false,"_jetpack_newsletter_tier_id":0,"_jetpack_memberships_contains_paywalled_content":false,"_jetpack_feature_clip_id":0,"_jetpack_memberships_contains_paid_content":false,"footnotes":"","jetpack_publicize_message":"Gabriel Fuks fue designado Defensor del Pueblo Adjunto","jetpack_publicize_feature_enabled":true,"jetpack_social_post_already_shared":true,"jetpack_social_options":{"image_generator_settings":{"template":"highway","default_image_id":0,"font":"","enabled":false},"version":2},"jetpack_post_was_ever_published":false},"categories":[21],"tags":[51,52],"class_list":["post-252","post","type-post","status-publish","format-standard","has-post-thumbnail","category-legislatura","tag-defensoria-del-pueblo","tag-gabriel-fuks"],"jetpack_publicize_connections":[],"uagb_featured_image_src":{"full":["https:\/\/www.comuna13online.com.ar\/wp-content\/uploads\/2017\/12\/20171227c1.jpg",1030,438,false],"thumbnail":["https:\/\/www.comuna13online.com.ar\/wp-content\/uploads\/2017\/12\/20171227c1-150x150.jpg",96,96,true],"medium":["https:\/\/www.comuna13online.com.ar\/wp-content\/uploads\/2017\/12\/20171227c1-678x288.jpg",678,288,true],"medium_large":["https:\/\/www.comuna13online.com.ar\/wp-content\/uploads\/2017\/12\/20171227c1-768x327.jpg",768,327,true],"large":["https:\/\/www.comuna13online.com.ar\/wp-content\/uploads\/2017\/12\/20171227c1.jpg",1030,438,false],"1536x1536":["https:\/\/www.comuna13online.com.ar\/wp-content\/uploads\/2017\/12\/20171227c1.jpg",1030,438,false],"2048x2048":["https:\/\/www.comuna13online.com.ar\/wp-content\/uploads\/2017\/12\/20171227c1.jpg",1030,438,false],"mh-magazine-slider":["https:\/\/www.comuna13online.com.ar\/wp-content\/uploads\/2017\/12\/20171227c1.jpg",1030,438,false],"mh-magazine-content":["https:\/\/www.comuna13online.com.ar\/wp-content\/uploads\/2017\/12\/20171227c1-678x381.jpg",678,381,true],"mh-magazine-large":["https:\/\/www.comuna13online.com.ar\/wp-content\/uploads\/2017\/12\/20171227c1-678x438.jpg",678,438,true],"mh-magazine-medium":["https:\/\/www.comuna13online.com.ar\/wp-content\/uploads\/2017\/12\/20171227c1-326x245.jpg",326,245,true],"mh-magazine-small":["https:\/\/www.comuna13online.com.ar\/wp-content\/uploads\/2017\/12\/20171227c1-80x60.jpg",80,60,true],"sow-carousel-default":["https:\/\/www.comuna13online.com.ar\/wp-content\/uploads\/2017\/12\/20171227c1-272x182.jpg",272,182,true]},"uagb_author_info":{"display_name":"Comuna13","author_link":"https:\/\/www.comuna13online.com.ar\/?author=1"},"uagb_comment_info":0,"uagb_excerpt":"El nuevo Defensor Adjunto prest\u00f3 juramento ante el Vicepresidente Primero de la Legislatura, el diputado Francisco Quintana. Fuks completar\u00e1 el mandato del Dr. Claudio Pressman, qui\u00e9n renunci\u00f3 en noviembre pasado. [...]","jetpack_sharing_enabled":true,"jetpack_featured_media_url":"https:\/\/www.comuna13online.com.ar\/wp-content\/uploads\/2017\/12\/20171227c1.jpg","_links":{"self":[{"href":"https:\/\/www.comuna13online.com.ar\/index.php?rest_route=\/wp\/v2\/posts\/252","targetHints":{"allow":["GET"]}}],"collection":[{"href":"https:\/\/www.comuna13online.com.ar\/index.php?rest_route=\/wp\/v2\/posts"}],"about":[{"href":"https:\/\/www.comuna13online.com.ar\/index.php?rest_route=\/wp\/v2\/types\/post"}],"author":[{"embeddable":true,"href":"https:\/\/www.comuna13online.com.ar\/index.php?rest_route=\/wp\/v2\/users\/1"}],"replies":[{"embeddable":true,"href":"https:\/\/www.comuna13online.com.ar\/index.php?rest_route=%2Fwp%2Fv2%2Fcomments&post=252"}],"version-history":[{"count":0,"href":"https:\/\/www.comuna13online.com.ar\/index.php?rest_route=\/wp\/v2\/posts\/252\/revisions"}],"wp:featuredmedia":[{"embeddable":true,"href":"https:\/\/www.comuna13online.com.ar\/index.php?rest_route=\/wp\/v2\/media\/253"}],"wp:attachment":[{"href":"https:\/\/www.comuna13online.com.ar\/index.php?rest_route=%2Fwp%2Fv2%2Fmedia&parent=252"}],"wp:term":[{"taxonomy":"category","embeddable":true,"href":"https:\/\/www.comuna13online.com.ar\/index.php?rest_route=%2Fwp%2Fv2%2Fcategories&post=252"},{"taxonomy":"post_tag","embeddable":true,"href":"https:\/\/www.comuna13online.com.ar\/index.php?rest_route=%2Fwp%2Fv2%2Ftags&post=252"}],"curies":[{"name":"wp","href":"https:\/\/api.w.org\/{rel}","templated":true}]}}