{"id":2459,"date":"2018-08-30T10:00:38","date_gmt":"2018-08-30T13:00:38","guid":{"rendered":"http:\/\/www.comuna13online.com.ar\/?p=2459"},"modified":"2018-08-30T12:43:47","modified_gmt":"2018-08-30T15:43:47","slug":"presentan-un-proyecto-de-ley-de-transporte-escolar-para-alumnos-con-movilidad-reducida","status":"publish","type":"post","link":"https:\/\/www.comuna13online.com.ar\/?p=2459","title":{"rendered":"Presentan un proyecto de ley de Transporte Escolar para Alumnos con Movilidad Reducida"},"content":{"rendered":"<p><strong>\u201cSeguimos trabajando por una Argentina m\u00e1s inclusiva\u201d, informaron representantes de la Fundaci\u00f3n Lautaro te necesita.<\/strong><\/p>\n<p><img loading=\"lazy\" decoding=\"async\" data-attachment-id=\"2460\" data-permalink=\"https:\/\/www.comuna13online.com.ar\/?attachment_id=2460\" data-orig-file=\"https:\/\/www.comuna13online.com.ar\/wp-content\/uploads\/2018\/08\/2018_08_30b2.jpg\" data-orig-size=\"678,508\" data-comments-opened=\"0\" data-image-meta=\"{&quot;aperture&quot;:&quot;0&quot;,&quot;credit&quot;:&quot;&quot;,&quot;camera&quot;:&quot;&quot;,&quot;caption&quot;:&quot;&quot;,&quot;created_timestamp&quot;:&quot;0&quot;,&quot;copyright&quot;:&quot;&quot;,&quot;focal_length&quot;:&quot;0&quot;,&quot;iso&quot;:&quot;0&quot;,&quot;shutter_speed&quot;:&quot;0&quot;,&quot;title&quot;:&quot;&quot;,&quot;orientation&quot;:&quot;0&quot;}\" data-image-title=\"2018_08_30b2\" data-image-description=\"\" data-image-caption=\"\" data-large-file=\"https:\/\/www.comuna13online.com.ar\/wp-content\/uploads\/2018\/08\/2018_08_30b2-585x438.jpg\" class=\"alignnone size-full wp-image-2460\" src=\"http:\/\/www.comuna13online.com.ar\/wp-content\/uploads\/2018\/08\/2018_08_30b2.jpg\" alt=\"\" width=\"678\" height=\"508\" srcset=\"https:\/\/www.comuna13online.com.ar\/wp-content\/uploads\/2018\/08\/2018_08_30b2.jpg 678w, https:\/\/www.comuna13online.com.ar\/wp-content\/uploads\/2018\/08\/2018_08_30b2-603x452.jpg 603w, https:\/\/www.comuna13online.com.ar\/wp-content\/uploads\/2018\/08\/2018_08_30b2-585x438.jpg 585w, https:\/\/www.comuna13online.com.ar\/wp-content\/uploads\/2018\/08\/2018_08_30b2-326x245.jpg 326w, https:\/\/www.comuna13online.com.ar\/wp-content\/uploads\/2018\/08\/2018_08_30b2-80x60.jpg 80w\" sizes=\"auto, (max-width: 678px) 100vw, 678px\" \/><\/p>\n<p>Con el apoyo de los bloques mayoritarios en la\u00a0Legislatura\u00a0porte\u00f1a, la\u00a0<em>Fundaci\u00f3n Lautaro Te necesita\u00a0<\/em>logr\u00f3 presentar el proyecto de\u00a0Ley de Transporte Escolar para Alumnos con Movilidad Reducida\u00a0este martes 28 de agosto.<\/p>\n<p>Esta es una de las iniciativas m\u00e1s importantes que logr\u00f3 llevar adelante la Fundaci\u00f3n, quien festej\u00f3 el esfuerzo realizado y la victoria obtenida:\u00a0<em>\u201cLo logramos luego de un exhaustivo trabajo\u201d<\/em><em>,<\/em> informaron desde la Fundaci\u00f3n.<\/p>\n<p>La\u00a0Fundaci\u00f3n Lautaro te necesita naci\u00f3 hace algunos a\u00f1os por el caso de\u00a0Lautaro\u00a0(quien le da el nombre a la instituci\u00f3n). A los 10 a\u00f1os de edad, al ni\u00f1o le diagnosticaron\u00a0Leucodistrofia Metacrom\u00e1tica, una rara enfermedad que requer\u00eda un trasplante de M\u00e9dula \u00d3sea.<\/p>\n<p>Lautaro logr\u00f3 seguir adelante y\u00a0sus padres armaron la Fundaci\u00f3n para ayudar a la gente que vive casos similares. La Fundaci\u00f3n ayuda, acompa\u00f1a, asesora a las familias y tiene como objetivo sensibilizar a la sociedad en este tipo de cuestiones.<\/p>\n<p><img loading=\"lazy\" decoding=\"async\" data-attachment-id=\"2462\" data-permalink=\"https:\/\/www.comuna13online.com.ar\/?attachment_id=2462\" data-orig-file=\"https:\/\/www.comuna13online.com.ar\/wp-content\/uploads\/2018\/08\/2018_08_30b1.jpg\" data-orig-size=\"678,510\" data-comments-opened=\"0\" data-image-meta=\"{&quot;aperture&quot;:&quot;0&quot;,&quot;credit&quot;:&quot;&quot;,&quot;camera&quot;:&quot;&quot;,&quot;caption&quot;:&quot;&quot;,&quot;created_timestamp&quot;:&quot;0&quot;,&quot;copyright&quot;:&quot;&quot;,&quot;focal_length&quot;:&quot;0&quot;,&quot;iso&quot;:&quot;0&quot;,&quot;shutter_speed&quot;:&quot;0&quot;,&quot;title&quot;:&quot;&quot;,&quot;orientation&quot;:&quot;0&quot;}\" data-image-title=\"2018_08_30b1\" data-image-description=\"\" data-image-caption=\"\" data-large-file=\"https:\/\/www.comuna13online.com.ar\/wp-content\/uploads\/2018\/08\/2018_08_30b1-582x438.jpg\" class=\"alignnone size-full wp-image-2462\" src=\"http:\/\/www.comuna13online.com.ar\/wp-content\/uploads\/2018\/08\/2018_08_30b1.jpg\" alt=\"\" width=\"678\" height=\"510\" srcset=\"https:\/\/www.comuna13online.com.ar\/wp-content\/uploads\/2018\/08\/2018_08_30b1.jpg 678w, https:\/\/www.comuna13online.com.ar\/wp-content\/uploads\/2018\/08\/2018_08_30b1-601x452.jpg 601w, https:\/\/www.comuna13online.com.ar\/wp-content\/uploads\/2018\/08\/2018_08_30b1-582x438.jpg 582w, https:\/\/www.comuna13online.com.ar\/wp-content\/uploads\/2018\/08\/2018_08_30b1-326x245.jpg 326w, https:\/\/www.comuna13online.com.ar\/wp-content\/uploads\/2018\/08\/2018_08_30b1-80x60.jpg 80w\" sizes=\"auto, (max-width: 678px) 100vw, 678px\" \/><\/p>\n","protected":false},"excerpt":{"rendered":"<div class=\"mh-excerpt\">\u201cSeguimos trabajando por una Argentina m\u00e1s inclusiva\u201d, informaron representantes de la Fundaci\u00f3n Lautaro te necesita. Con el apoyo de los bloques mayoritarios en la\u00a0Legislatura\u00a0porte\u00f1a, la\u00a0Fundaci\u00f3n Lautaro Te necesita\u00a0logr\u00f3 presentar el <a class=\"mh-excerpt-more\" href=\"https:\/\/www.comuna13online.com.ar\/?p=2459\" title=\"Presentan un proyecto de ley de Transporte Escolar para Alumnos con Movilidad Reducida\">[&#8230;]<\/a><\/div>\n","protected":false},"author":1,"featured_media":2461,"comment_status":"closed","ping_status":"closed","sticky":false,"template":"","format":"standard","meta":{"_uag_custom_page_level_css":"","_jetpack_memberships_contains_paid_content":false,"footnotes":"","jetpack_publicize_message":"Presentan un proyecto de ley de Transporte Escolar para Alumnos con Movilidad Reducida","jetpack_publicize_feature_enabled":true,"jetpack_social_post_already_shared":true,"jetpack_social_options":{"image_generator_settings":{"template":"highway","default_image_id":0,"font":"","enabled":false},"version":2}},"categories":[21],"tags":[90,15],"class_list":{"0":"post-2459","1":"post","2":"type-post","3":"status-publish","4":"format-standard","5":"has-post-thumbnail","7":"category-legislatura","8":"tag-solidaridad","9":"tag-transporte"},"jetpack_publicize_connections":[],"jetpack_featured_media_url":"https:\/\/www.comuna13online.com.ar\/wp-content\/uploads\/2018\/08\/2018_08_30b.jpg","uagb_featured_image_src":{"full":["https:\/\/www.comuna13online.com.ar\/wp-content\/uploads\/2018\/08\/2018_08_30b.jpg",1030,438,false],"thumbnail":["https:\/\/www.comuna13online.com.ar\/wp-content\/uploads\/2018\/08\/2018_08_30b-150x150.jpg",96,96,true],"medium":["https:\/\/www.comuna13online.com.ar\/wp-content\/uploads\/2018\/08\/2018_08_30b-678x288.jpg",678,288,true],"medium_large":["https:\/\/www.comuna13online.com.ar\/wp-content\/uploads\/2018\/08\/2018_08_30b-768x327.jpg",768,327,true],"large":["https:\/\/www.comuna13online.com.ar\/wp-content\/uploads\/2018\/08\/2018_08_30b.jpg",1030,438,false],"1536x1536":["https:\/\/www.comuna13online.com.ar\/wp-content\/uploads\/2018\/08\/2018_08_30b.jpg",1030,438,false],"2048x2048":["https:\/\/www.comuna13online.com.ar\/wp-content\/uploads\/2018\/08\/2018_08_30b.jpg",1030,438,false],"mh-magazine-slider":["https:\/\/www.comuna13online.com.ar\/wp-content\/uploads\/2018\/08\/2018_08_30b.jpg",1030,438,false],"mh-magazine-content":["https:\/\/www.comuna13online.com.ar\/wp-content\/uploads\/2018\/08\/2018_08_30b-678x381.jpg",678,381,true],"mh-magazine-large":["https:\/\/www.comuna13online.com.ar\/wp-content\/uploads\/2018\/08\/2018_08_30b-678x438.jpg",678,438,true],"mh-magazine-medium":["https:\/\/www.comuna13online.com.ar\/wp-content\/uploads\/2018\/08\/2018_08_30b-326x245.jpg",326,245,true],"mh-magazine-small":["https:\/\/www.comuna13online.com.ar\/wp-content\/uploads\/2018\/08\/2018_08_30b-80x60.jpg",80,60,true],"sow-carousel-default":["https:\/\/www.comuna13online.com.ar\/wp-content\/uploads\/2018\/08\/2018_08_30b-272x182.jpg",272,182,true]},"uagb_author_info":{"display_name":"Comuna13","author_link":"https:\/\/www.comuna13online.com.ar\/?author=1"},"uagb_comment_info":0,"uagb_excerpt":"\u201cSeguimos trabajando por una Argentina m\u00e1s inclusiva\u201d, informaron representantes de la Fundaci\u00f3n Lautaro te necesita. Con el apoyo de los bloques mayoritarios en la\u00a0Legislatura\u00a0porte\u00f1a, la\u00a0Fundaci\u00f3n Lautaro Te necesita\u00a0logr\u00f3 presentar el [...]","jetpack_sharing_enabled":true,"_links":{"self":[{"href":"https:\/\/www.comuna13online.com.ar\/index.php?rest_route=\/wp\/v2\/posts\/2459","targetHints":{"allow":["GET"]}}],"collection":[{"href":"https:\/\/www.comuna13online.com.ar\/index.php?rest_route=\/wp\/v2\/posts"}],"about":[{"href":"https:\/\/www.comuna13online.com.ar\/index.php?rest_route=\/wp\/v2\/types\/post"}],"author":[{"embeddable":true,"href":"https:\/\/www.comuna13online.com.ar\/index.php?rest_route=\/wp\/v2\/users\/1"}],"replies":[{"embeddable":true,"href":"https:\/\/www.comuna13online.com.ar\/index.php?rest_route=%2Fwp%2Fv2%2Fcomments&post=2459"}],"version-history":[{"count":0,"href":"https:\/\/www.comuna13online.com.ar\/index.php?rest_route=\/wp\/v2\/posts\/2459\/revisions"}],"wp:featuredmedia":[{"embeddable":true,"href":"https:\/\/www.comuna13online.com.ar\/index.php?rest_route=\/wp\/v2\/media\/2461"}],"wp:attachment":[{"href":"https:\/\/www.comuna13online.com.ar\/index.php?rest_route=%2Fwp%2Fv2%2Fmedia&parent=2459"}],"wp:term":[{"taxonomy":"category","embeddable":true,"href":"https:\/\/www.comuna13online.com.ar\/index.php?rest_route=%2Fwp%2Fv2%2Fcategories&post=2459"},{"taxonomy":"post_tag","embeddable":true,"href":"https:\/\/www.comuna13online.com.ar\/index.php?rest_route=%2Fwp%2Fv2%2Ftags&post=2459"}],"curies":[{"name":"wp","href":"https:\/\/api.w.org\/{rel}","templated":true}]}}