{"id":2422,"date":"2018-08-27T09:51:11","date_gmt":"2018-08-27T12:51:11","guid":{"rendered":"http:\/\/www.comuna13online.com.ar\/?p=2422"},"modified":"2018-08-27T09:51:11","modified_gmt":"2018-08-27T12:51:11","slug":"aprobaron-dictamen-crucial-para-la-venta-de-tiro-federal","status":"publish","type":"post","link":"https:\/\/www.comuna13online.com.ar\/?p=2422","title":{"rendered":"Aprobaron dictamen crucial para la venta de Tiro Federal"},"content":{"rendered":"<p><strong>Tiene dictamen la modificaci\u00f3n a la Agencia de Bienes Sociedad del Estado. Se intenta adecuar el marco para que el Poder Ejecutivo desocupe dos pol\u00edgonos del que fuera Tiro Federal Argentino en N\u00fa\u00f1ez y enajenarlos.\u00a0<\/strong><\/p>\n<p><img loading=\"lazy\" decoding=\"async\" data-attachment-id=\"2425\" data-permalink=\"https:\/\/www.comuna13online.com.ar\/?attachment_id=2425\" data-orig-file=\"https:\/\/www.comuna13online.com.ar\/wp-content\/uploads\/2018\/08\/2018_08_27b2.jpg\" data-orig-size=\"677,337\" data-comments-opened=\"0\" data-image-meta=\"{&quot;aperture&quot;:&quot;0&quot;,&quot;credit&quot;:&quot;&quot;,&quot;camera&quot;:&quot;&quot;,&quot;caption&quot;:&quot;&quot;,&quot;created_timestamp&quot;:&quot;0&quot;,&quot;copyright&quot;:&quot;&quot;,&quot;focal_length&quot;:&quot;0&quot;,&quot;iso&quot;:&quot;0&quot;,&quot;shutter_speed&quot;:&quot;0&quot;,&quot;title&quot;:&quot;&quot;,&quot;orientation&quot;:&quot;0&quot;}\" data-image-title=\"2018_08_27b2\" data-image-description=\"\" data-image-caption=\"\" data-large-file=\"https:\/\/www.comuna13online.com.ar\/wp-content\/uploads\/2018\/08\/2018_08_27b2.jpg\" class=\"alignnone size-full wp-image-2425\" src=\"http:\/\/www.comuna13online.com.ar\/wp-content\/uploads\/2018\/08\/2018_08_27b2.jpg\" alt=\"\" width=\"677\" height=\"337\" \/><\/p>\n<p>Dos modificaciones a la Ley N\u00b0 5.558 que en el a\u00f1o 2016 cre\u00f3 la Agencia de Bienes Sociedad del Estado fueron despachadas favorablemente este viernes por la Comisi\u00f3n de Presupuesto, hacienda, administraci\u00f3n financiera y pol\u00edtica tributaria. El asunto, a solicitud del oficialismo, ser\u00e1 tratado con preferencia en la sesi\u00f3n ordinaria del pr\u00f3ximo jueves.<\/p>\n<p>Mediante la Ley N\u00b0 5.558 se aprob\u00f3 la subdivisi\u00f3n en tres pol\u00edgonos ubicados frente al Estadio Monumental del Club River Plate entre las avenidas Del Libertador, Guillermo Udaondo y Leopoldo Lugones -Manzana 146, Secci\u00f3n 27, Circunscripci\u00f3n 16 identificados como pol\u00edgonos A, B y C &#8211; y se cre\u00f3 el Parque de la Innovaci\u00f3n de la Ciudad Aut\u00f3noma de Buenos Aires.<\/p>\n<p>La manzana situada en el barrio de N\u00fa\u00f1ez &#8211; Comuna 13- tiene una superficie total de 175.677 m2, correspondiendo al sector \u00abA\u00bb 15.560 m2 y al \u00abC\u00bb 120.066 m2 que fueron desafectados del dominio p\u00fablico y declarados innecesarios para la gesti\u00f3n del Gobierno de la Ciudad Aut\u00f3noma de Buenos Aires disponi\u00e9ndose de conformidad con el procedimiento de venta en subasta p\u00fablica.<\/p>\n<p>El art\u00edculo 25 de la norma estableci\u00f3 que el Poder Ejecutivo tomar\u00eda las medidas administrativas necesarias para desocupar los dos pol\u00edgonos en el plazo de seis meses desde la fecha de su publicaci\u00f3n, es decir el 6 de julio de 2016. En ese marco, el art\u00edculo 26 estableci\u00f3 que el Ejecutivo tambi\u00e9n realizar\u00eda las gestiones para la efectiva relocalizaci\u00f3n de la Asociaci\u00f3n Civil Tiro Federal Argentino, mientras que mediante los art\u00edculos 10 y 11 de la Ley N\u00b0 5.940 se lo autoriz\u00f3 a otorgar usufructos sobre dos predios: uno de ellos ubicado en parte del actual emplazamiento de la citada asociaci\u00f3n, mientras el otro se sit\u00faa donde se construir\u00e1 el nuevo Centro Deportivo de Tiro de la Ciudad Aut\u00f3noma de Buenos Aires, estando a cargo del Ejecutivo arbitrar los medios para su construcci\u00f3n, conforme lo dispuesto por el art\u00edculo 9\u00b0 de la Ley N&amp;d! eg; 5.940.<\/p>\n<p>Asimismo, a trav\u00e9s de la Ley N\u00b0 5.941 se autoriz\u00f3 al Ejecutivo a proceder a la disoluci\u00f3n y liquidaci\u00f3n de la Agencia de Bienes S.E., disponiendo llevar\u00e1 a cabo las funciones y obligaciones asignadas a la Agencia mediante la Ley N\u00b0 5.558.<\/p>\n<p>En los fundamentos del proyecto enviado a la Legislatura, el Jefe de Gobierno\u00a0Horacio Rodr\u00edguez Larreta\u00a0menciona que \u00ab<span style=\"text-decoration: underline;\">en el contexto descripto, y con el prop\u00f3sito de dar acabado cumplimiento a la normativa vigente, deviene necesario adecuar el marco jur\u00eddico, lo que brindar\u00e1 seguridad jur\u00eddica y fomentar\u00e1 la m\u00e1s amplia e imparcial concurrencia de oferentes, posibilitando la obtenci\u00f3n de los fondos necesarios para afrontar las obligaciones emergentes de las leyes N\u00b0 5.558, 5.940 y 5.941, a cuyo efecto resulta necesario establecer las modalidades de venta y pago del precio, atendiendo al inter\u00e9s p\u00fablico comprometido y en condiciones de mercado<\/span>\u00ab.<\/p>\n<p><img loading=\"lazy\" decoding=\"async\" data-attachment-id=\"2424\" data-permalink=\"https:\/\/www.comuna13online.com.ar\/?attachment_id=2424\" data-orig-file=\"https:\/\/www.comuna13online.com.ar\/wp-content\/uploads\/2018\/08\/2018_08_27b1.jpg\" data-orig-size=\"678,452\" data-comments-opened=\"0\" data-image-meta=\"{&quot;aperture&quot;:&quot;0&quot;,&quot;credit&quot;:&quot;&quot;,&quot;camera&quot;:&quot;&quot;,&quot;caption&quot;:&quot;&quot;,&quot;created_timestamp&quot;:&quot;0&quot;,&quot;copyright&quot;:&quot;&quot;,&quot;focal_length&quot;:&quot;0&quot;,&quot;iso&quot;:&quot;0&quot;,&quot;shutter_speed&quot;:&quot;0&quot;,&quot;title&quot;:&quot;&quot;,&quot;orientation&quot;:&quot;0&quot;}\" data-image-title=\"2018_08_27b1\" data-image-description=\"\" data-image-caption=\"\" data-large-file=\"https:\/\/www.comuna13online.com.ar\/wp-content\/uploads\/2018\/08\/2018_08_27b1-657x438.jpg\" class=\"alignnone size-full wp-image-2424\" src=\"http:\/\/www.comuna13online.com.ar\/wp-content\/uploads\/2018\/08\/2018_08_27b1.jpg\" alt=\"\" width=\"678\" height=\"452\" srcset=\"https:\/\/www.comuna13online.com.ar\/wp-content\/uploads\/2018\/08\/2018_08_27b1.jpg 678w, https:\/\/www.comuna13online.com.ar\/wp-content\/uploads\/2018\/08\/2018_08_27b1-657x438.jpg 657w, https:\/\/www.comuna13online.com.ar\/wp-content\/uploads\/2018\/08\/2018_08_27b1-272x182.jpg 272w\" sizes=\"auto, (max-width: 678px) 100vw, 678px\" \/><\/p>\n<p>La Comisi\u00f3n asesora de Presupuesto, a trav\u00e9s del dictamen firmado hoy recomienda al Cuerpo modificar el art\u00edculo 13 de manera que el \u00abPoder Ejecutivo podr\u00e1 establecer las modalidades de venta y pago del precio, atendiendo al inter\u00e9s p\u00fablico comprometido y en condiciones de mercado\u00bb. Y el art\u00edculo 25\u00b0 vinculado a la desocupaci\u00f3n, para que el Ejecutivo celebre \u00ablos convenios que estime pertinentes\u00bb para desocupar los Pol\u00edgonos A y C \u00abas\u00ed como enajenarlos en el estado de ocupaci\u00f3n en que se encuentren\u00bb.<\/p>\n<p>Participaron de la reuni\u00f3n efectuada este mediod\u00eda en la Oficina 15 de la planta principal los diputados\u00a0Paula Villalba\u00a0(presidente de la Comisi\u00f3n),\u00a0L\u00eda Rueda,\u00a0Paola Michielotto,\u00a0Diego Garc\u00eda de Garc\u00eda Vilas,\u00a0Agust\u00edn Forchieri,\u00a0Jos\u00e9 Luis Acevedo,\u00a0Claudio Cingolani\u00a0y\u00a0Christian Bauab\u00a0(VJ).<\/p>\n","protected":false},"excerpt":{"rendered":"<div class=\"mh-excerpt\">Tiene dictamen la modificaci\u00f3n a la Agencia de Bienes Sociedad del Estado. Se intenta adecuar el marco para que el Poder Ejecutivo desocupe dos pol\u00edgonos del que fuera Tiro Federal <a class=\"mh-excerpt-more\" href=\"https:\/\/www.comuna13online.com.ar\/?p=2422\" title=\"Aprobaron dictamen crucial para la venta de Tiro Federal\">[&#8230;]<\/a><\/div>\n","protected":false},"author":1,"featured_media":2423,"comment_status":"closed","ping_status":"closed","sticky":false,"template":"","format":"standard","meta":{"_uag_custom_page_level_css":"","_jetpack_memberships_contains_paid_content":false,"footnotes":"","jetpack_publicize_message":"Aprobaron dictamen crucial para la venta de Tiro Federal","jetpack_publicize_feature_enabled":true,"jetpack_social_post_already_shared":true,"jetpack_social_options":{"image_generator_settings":{"template":"highway","default_image_id":0,"font":"","enabled":false},"version":2}},"categories":[192],"tags":[19,66],"class_list":{"0":"post-2422","1":"post","2":"type-post","3":"status-publish","4":"format-standard","5":"has-post-thumbnail","7":"category-desarrollo-urbano","8":"tag-comuna-13","9":"tag-desarrollo-urbano"},"jetpack_publicize_connections":[],"jetpack_featured_media_url":"https:\/\/www.comuna13online.com.ar\/wp-content\/uploads\/2018\/08\/2018_08_27b.jpg","uagb_featured_image_src":{"full":["https:\/\/www.comuna13online.com.ar\/wp-content\/uploads\/2018\/08\/2018_08_27b.jpg",1030,438,false],"thumbnail":["https:\/\/www.comuna13online.com.ar\/wp-content\/uploads\/2018\/08\/2018_08_27b-150x150.jpg",96,96,true],"medium":["https:\/\/www.comuna13online.com.ar\/wp-content\/uploads\/2018\/08\/2018_08_27b-678x288.jpg",678,288,true],"medium_large":["https:\/\/www.comuna13online.com.ar\/wp-content\/uploads\/2018\/08\/2018_08_27b-768x327.jpg",768,327,true],"large":["https:\/\/www.comuna13online.com.ar\/wp-content\/uploads\/2018\/08\/2018_08_27b.jpg",1030,438,false],"1536x1536":["https:\/\/www.comuna13online.com.ar\/wp-content\/uploads\/2018\/08\/2018_08_27b.jpg",1030,438,false],"2048x2048":["https:\/\/www.comuna13online.com.ar\/wp-content\/uploads\/2018\/08\/2018_08_27b.jpg",1030,438,false],"mh-magazine-slider":["https:\/\/www.comuna13online.com.ar\/wp-content\/uploads\/2018\/08\/2018_08_27b.jpg",1030,438,false],"mh-magazine-content":["https:\/\/www.comuna13online.com.ar\/wp-content\/uploads\/2018\/08\/2018_08_27b-678x381.jpg",678,381,true],"mh-magazine-large":["https:\/\/www.comuna13online.com.ar\/wp-content\/uploads\/2018\/08\/2018_08_27b-678x438.jpg",678,438,true],"mh-magazine-medium":["https:\/\/www.comuna13online.com.ar\/wp-content\/uploads\/2018\/08\/2018_08_27b-326x245.jpg",326,245,true],"mh-magazine-small":["https:\/\/www.comuna13online.com.ar\/wp-content\/uploads\/2018\/08\/2018_08_27b-80x60.jpg",80,60,true],"sow-carousel-default":["https:\/\/www.comuna13online.com.ar\/wp-content\/uploads\/2018\/08\/2018_08_27b-272x182.jpg",272,182,true]},"uagb_author_info":{"display_name":"Comuna13","author_link":"https:\/\/www.comuna13online.com.ar\/?author=1"},"uagb_comment_info":0,"uagb_excerpt":"Tiene dictamen la modificaci\u00f3n a la Agencia de Bienes Sociedad del Estado. Se intenta adecuar el marco para que el Poder Ejecutivo desocupe dos pol\u00edgonos del que fuera Tiro Federal [...]","jetpack_sharing_enabled":true,"_links":{"self":[{"href":"https:\/\/www.comuna13online.com.ar\/index.php?rest_route=\/wp\/v2\/posts\/2422","targetHints":{"allow":["GET"]}}],"collection":[{"href":"https:\/\/www.comuna13online.com.ar\/index.php?rest_route=\/wp\/v2\/posts"}],"about":[{"href":"https:\/\/www.comuna13online.com.ar\/index.php?rest_route=\/wp\/v2\/types\/post"}],"author":[{"embeddable":true,"href":"https:\/\/www.comuna13online.com.ar\/index.php?rest_route=\/wp\/v2\/users\/1"}],"replies":[{"embeddable":true,"href":"https:\/\/www.comuna13online.com.ar\/index.php?rest_route=%2Fwp%2Fv2%2Fcomments&post=2422"}],"version-history":[{"count":0,"href":"https:\/\/www.comuna13online.com.ar\/index.php?rest_route=\/wp\/v2\/posts\/2422\/revisions"}],"wp:featuredmedia":[{"embeddable":true,"href":"https:\/\/www.comuna13online.com.ar\/index.php?rest_route=\/wp\/v2\/media\/2423"}],"wp:attachment":[{"href":"https:\/\/www.comuna13online.com.ar\/index.php?rest_route=%2Fwp%2Fv2%2Fmedia&parent=2422"}],"wp:term":[{"taxonomy":"category","embeddable":true,"href":"https:\/\/www.comuna13online.com.ar\/index.php?rest_route=%2Fwp%2Fv2%2Fcategories&post=2422"},{"taxonomy":"post_tag","embeddable":true,"href":"https:\/\/www.comuna13online.com.ar\/index.php?rest_route=%2Fwp%2Fv2%2Ftags&post=2422"}],"curies":[{"name":"wp","href":"https:\/\/api.w.org\/{rel}","templated":true}]}}