{"id":2418,"date":"2018-08-27T08:43:15","date_gmt":"2018-08-27T11:43:15","guid":{"rendered":"http:\/\/www.comuna13online.com.ar\/?p=2418"},"modified":"2018-08-27T08:43:15","modified_gmt":"2018-08-27T11:43:15","slug":"se-alzan-voces-criticas-por-la-situacion-del-ecoparque-del-ex-zoologico","status":"publish","type":"post","link":"https:\/\/www.comuna13online.com.ar\/?p=2418","title":{"rendered":"Se alzan voces cr\u00edticas por la situaci\u00f3n del Ecoparque del ex Zool\u00f3gico"},"content":{"rendered":"<p><b>El Defensor del Pueblo Adjunto porte\u00f1o, Gabriel Fuks, recibi\u00f3 a grupos ambientalistas que alzaron sus preocupadas voces por la situaci\u00f3n del exzool\u00f3gico y el impacto negativo que ocasiona\u00a0las obras.<\/b><\/p>\n<p><img loading=\"lazy\" decoding=\"async\" data-attachment-id=\"2420\" data-permalink=\"https:\/\/www.comuna13online.com.ar\/?attachment_id=2420\" data-orig-file=\"https:\/\/www.comuna13online.com.ar\/wp-content\/uploads\/2018\/08\/2018_08_27a1.jpg\" data-orig-size=\"678,452\" data-comments-opened=\"0\" data-image-meta=\"{&quot;aperture&quot;:&quot;0&quot;,&quot;credit&quot;:&quot;&quot;,&quot;camera&quot;:&quot;&quot;,&quot;caption&quot;:&quot;&quot;,&quot;created_timestamp&quot;:&quot;0&quot;,&quot;copyright&quot;:&quot;&quot;,&quot;focal_length&quot;:&quot;0&quot;,&quot;iso&quot;:&quot;0&quot;,&quot;shutter_speed&quot;:&quot;0&quot;,&quot;title&quot;:&quot;&quot;,&quot;orientation&quot;:&quot;0&quot;}\" data-image-title=\"2018_08_27a1\" data-image-description=\"\" data-image-caption=\"\" data-large-file=\"https:\/\/www.comuna13online.com.ar\/wp-content\/uploads\/2018\/08\/2018_08_27a1-657x438.jpg\" class=\"alignnone size-full wp-image-2420\" src=\"http:\/\/www.comuna13online.com.ar\/wp-content\/uploads\/2018\/08\/2018_08_27a1.jpg\" alt=\"\" width=\"678\" height=\"452\" srcset=\"https:\/\/www.comuna13online.com.ar\/wp-content\/uploads\/2018\/08\/2018_08_27a1.jpg 678w, https:\/\/www.comuna13online.com.ar\/wp-content\/uploads\/2018\/08\/2018_08_27a1-657x438.jpg 657w, https:\/\/www.comuna13online.com.ar\/wp-content\/uploads\/2018\/08\/2018_08_27a1-272x182.jpg 272w\" sizes=\"auto, (max-width: 678px) 100vw, 678px\" \/><\/p>\n<p>El mi\u00e9rcoles de la semana pasada, el Defensor Adjunto del Pueblo de la Ciudad, <strong>Gabriel Fuks,<\/strong> encabez\u00f3 una reuni\u00f3n con distintos actores involucrados en torno a la situaci\u00f3n del actual Ecoparque, principalmente participaron de la misma grupos ambientalistas. La reuni\u00f3n se realiz\u00f3 en la Defensor\u00eda del Pueblo de la Ciudad.<\/p>\n<p>El debate que viene sucediendo alrededor de la transformaci\u00f3n del ex-zool\u00f3gico porte\u00f1o, incluye la reciente muerte de la rinoceronte Ruth y la jirafa Shaky, como tambi\u00e9n la ley recientemente votada en primera lectura sobre las concesiones de los espacios internos del predio -cuya audiencia p\u00fablica ser\u00e1 el pr\u00f3ximo mi\u00e9rcoles 29-, convoc\u00f3 a m\u00faltiples actores ante el estado p\u00fablico que ha tomado esta problem\u00e1tica.<\/p>\n<blockquote><p>A partir de los diversos puntos planteados, <strong>hubo voces muy cr\u00edticas del proyecto de ley y fuerte preocupaci\u00f3n porque la aceleraci\u00f3n de las obras estar\u00edan teniendo un impacto negativo sobre los animales que a\u00fan habitan ah\u00ed, seg\u00fan expresaron las organizaciones presentes. Adem\u00e1s, criticaron la pol\u00edtica de concesiones de un predio declarado Monumento Hist\u00f3rico Nacional.<\/strong><\/p><\/blockquote>\n<p>El defensor adjunto, <strong>Gabriel Fuks<\/strong> expres\u00f3 una serie de acciones que viene llevando adelante la Defensor\u00eda (pedidos de informes y recomendaciones) y ratific\u00f3 que se presentar\u00e1 en la audiencia p\u00fablica en pos de la preservaci\u00f3n de los derechos que pudieran aparecer vulnerados.<\/p>\n<p>Del encuentro participaron el Defensor Adjunto, <strong>Gabriel Fuks; Fernando Fimognare<\/strong>, a cargo de la Conducci\u00f3n Ejecutiva Derechos Urbanos, Espacio P\u00fablico y Medio Ambiente de la Defensor\u00eda; <strong>Malala Font\u00e1n<\/strong> de Agrupaci\u00f3n #SinZoo; <strong>Eduardo Francisco,<\/strong> director de Relaciones Cient\u00edficas de Fundaci\u00f3n Temaiken; <strong>Marina Harteneck,<\/strong> presidenta de Vida Silvestre; <strong>Mora Araoz<\/strong>, directora de Fundaci\u00f3n Ciudad; <strong>Marcelo Raciatti<\/strong>, del \u00e1rea derecho animal de la Defensor\u00eda del Pueblo de la Provincia de Buenos Aires; el ex legislador socialista porte\u00f1o, <strong>Adri\u00e1n Camps; Juan Carlos Sassaroli,<\/strong> m\u00e9dico veterinario y ex empleado del zoo; representantes de la Comisi\u00f3n Nacional de Monumentos, de Lugares y de Sitios Hist\u00f3ricos; y asesores legislativos.<\/p>\n<p>Por \u00faltimo, las organizaciones protectoras de animales concordaron que el lucro con animales en este siglo ya no es una opci\u00f3n viable, y que las futuras concesiones del predio de Palermo, no est\u00e1n priorizando el derecho de los animales y su bienestar, como tampoco el derecho colectivo de los porte\u00f1os a la preservaci\u00f3n de su patrimonio.<\/p>\n","protected":false},"excerpt":{"rendered":"<div class=\"mh-excerpt\">El Defensor del Pueblo Adjunto porte\u00f1o, Gabriel Fuks, recibi\u00f3 a grupos ambientalistas que alzaron sus preocupadas voces por la situaci\u00f3n del exzool\u00f3gico y el impacto negativo que ocasiona\u00a0las obras. El <a class=\"mh-excerpt-more\" href=\"https:\/\/www.comuna13online.com.ar\/?p=2418\" title=\"Se alzan voces cr\u00edticas por la situaci\u00f3n del Ecoparque del ex Zool\u00f3gico\">[&#8230;]<\/a><\/div>\n","protected":false},"author":1,"featured_media":2419,"comment_status":"closed","ping_status":"closed","sticky":false,"template":"","format":"standard","meta":{"_uag_custom_page_level_css":"","_jetpack_memberships_contains_paid_content":false,"footnotes":"","jetpack_publicize_message":"","jetpack_publicize_feature_enabled":true,"jetpack_social_post_already_shared":true,"jetpack_social_options":{"image_generator_settings":{"template":"highway","default_image_id":0,"font":"","enabled":false},"version":2}},"categories":[68],"tags":[51,110],"class_list":{"0":"post-2418","1":"post","2":"type-post","3":"status-publish","4":"format-standard","5":"has-post-thumbnail","7":"category-espacio-publico","8":"tag-defensoria-del-pueblo","9":"tag-espacio-publico"},"jetpack_publicize_connections":[],"jetpack_featured_media_url":"https:\/\/www.comuna13online.com.ar\/wp-content\/uploads\/2018\/08\/2018_08_27a.jpg","uagb_featured_image_src":{"full":["https:\/\/www.comuna13online.com.ar\/wp-content\/uploads\/2018\/08\/2018_08_27a.jpg",1030,438,false],"thumbnail":["https:\/\/www.comuna13online.com.ar\/wp-content\/uploads\/2018\/08\/2018_08_27a-150x150.jpg",96,96,true],"medium":["https:\/\/www.comuna13online.com.ar\/wp-content\/uploads\/2018\/08\/2018_08_27a-678x288.jpg",678,288,true],"medium_large":["https:\/\/www.comuna13online.com.ar\/wp-content\/uploads\/2018\/08\/2018_08_27a-768x327.jpg",768,327,true],"large":["https:\/\/www.comuna13online.com.ar\/wp-content\/uploads\/2018\/08\/2018_08_27a.jpg",1030,438,false],"1536x1536":["https:\/\/www.comuna13online.com.ar\/wp-content\/uploads\/2018\/08\/2018_08_27a.jpg",1030,438,false],"2048x2048":["https:\/\/www.comuna13online.com.ar\/wp-content\/uploads\/2018\/08\/2018_08_27a.jpg",1030,438,false],"mh-magazine-slider":["https:\/\/www.comuna13online.com.ar\/wp-content\/uploads\/2018\/08\/2018_08_27a.jpg",1030,438,false],"mh-magazine-content":["https:\/\/www.comuna13online.com.ar\/wp-content\/uploads\/2018\/08\/2018_08_27a-678x381.jpg",678,381,true],"mh-magazine-large":["https:\/\/www.comuna13online.com.ar\/wp-content\/uploads\/2018\/08\/2018_08_27a-678x438.jpg",678,438,true],"mh-magazine-medium":["https:\/\/www.comuna13online.com.ar\/wp-content\/uploads\/2018\/08\/2018_08_27a-326x245.jpg",326,245,true],"mh-magazine-small":["https:\/\/www.comuna13online.com.ar\/wp-content\/uploads\/2018\/08\/2018_08_27a-80x60.jpg",80,60,true],"sow-carousel-default":["https:\/\/www.comuna13online.com.ar\/wp-content\/uploads\/2018\/08\/2018_08_27a-272x182.jpg",272,182,true]},"uagb_author_info":{"display_name":"Comuna13","author_link":"https:\/\/www.comuna13online.com.ar\/?author=1"},"uagb_comment_info":0,"uagb_excerpt":"El Defensor del Pueblo Adjunto porte\u00f1o, Gabriel Fuks, recibi\u00f3 a grupos ambientalistas que alzaron sus preocupadas voces por la situaci\u00f3n del exzool\u00f3gico y el impacto negativo que ocasiona\u00a0las obras. El [...]","jetpack_sharing_enabled":true,"_links":{"self":[{"href":"https:\/\/www.comuna13online.com.ar\/index.php?rest_route=\/wp\/v2\/posts\/2418","targetHints":{"allow":["GET"]}}],"collection":[{"href":"https:\/\/www.comuna13online.com.ar\/index.php?rest_route=\/wp\/v2\/posts"}],"about":[{"href":"https:\/\/www.comuna13online.com.ar\/index.php?rest_route=\/wp\/v2\/types\/post"}],"author":[{"embeddable":true,"href":"https:\/\/www.comuna13online.com.ar\/index.php?rest_route=\/wp\/v2\/users\/1"}],"replies":[{"embeddable":true,"href":"https:\/\/www.comuna13online.com.ar\/index.php?rest_route=%2Fwp%2Fv2%2Fcomments&post=2418"}],"version-history":[{"count":0,"href":"https:\/\/www.comuna13online.com.ar\/index.php?rest_route=\/wp\/v2\/posts\/2418\/revisions"}],"wp:featuredmedia":[{"embeddable":true,"href":"https:\/\/www.comuna13online.com.ar\/index.php?rest_route=\/wp\/v2\/media\/2419"}],"wp:attachment":[{"href":"https:\/\/www.comuna13online.com.ar\/index.php?rest_route=%2Fwp%2Fv2%2Fmedia&parent=2418"}],"wp:term":[{"taxonomy":"category","embeddable":true,"href":"https:\/\/www.comuna13online.com.ar\/index.php?rest_route=%2Fwp%2Fv2%2Fcategories&post=2418"},{"taxonomy":"post_tag","embeddable":true,"href":"https:\/\/www.comuna13online.com.ar\/index.php?rest_route=%2Fwp%2Fv2%2Ftags&post=2418"}],"curies":[{"name":"wp","href":"https:\/\/api.w.org\/{rel}","templated":true}]}}