{"id":2399,"date":"2018-08-23T13:52:10","date_gmt":"2018-08-23T16:52:10","guid":{"rendered":"http:\/\/www.comuna13online.com.ar\/?p=2399"},"modified":"2018-08-23T13:52:10","modified_gmt":"2018-08-23T16:52:10","slug":"ultimos-dias-de-inscripcion-para-la-audiencia-publica-por-el-dorrego","status":"publish","type":"post","link":"https:\/\/www.comuna13online.com.ar\/?p=2399","title":{"rendered":"\u00daltimos d\u00edas de inscripci\u00f3n para la Audiencia P\u00fablica por el Dorrego"},"content":{"rendered":"<p><strong>El viernes 31 vence el plazo de inscripci\u00f3n para la Audiencia P\u00fablica por la venta del predio El Dorrego que habilita la construcci\u00f3n de\u00a0un emprendimiento inmobiliario en el lugar.<\/strong><\/p>\n<p><img loading=\"lazy\" decoding=\"async\" data-attachment-id=\"2400\" data-permalink=\"https:\/\/www.comuna13online.com.ar\/?attachment_id=2400\" data-orig-file=\"https:\/\/www.comuna13online.com.ar\/wp-content\/uploads\/2018\/08\/20180823a1.jpg\" data-orig-size=\"678,451\" data-comments-opened=\"0\" data-image-meta=\"{&quot;aperture&quot;:&quot;0&quot;,&quot;credit&quot;:&quot;&quot;,&quot;camera&quot;:&quot;&quot;,&quot;caption&quot;:&quot;&quot;,&quot;created_timestamp&quot;:&quot;0&quot;,&quot;copyright&quot;:&quot;&quot;,&quot;focal_length&quot;:&quot;0&quot;,&quot;iso&quot;:&quot;0&quot;,&quot;shutter_speed&quot;:&quot;0&quot;,&quot;title&quot;:&quot;&quot;,&quot;orientation&quot;:&quot;0&quot;}\" data-image-title=\"20180823a1\" data-image-description=\"\" data-image-caption=\"\" data-large-file=\"https:\/\/www.comuna13online.com.ar\/wp-content\/uploads\/2018\/08\/20180823a1-658x438.jpg\" class=\"alignnone size-full wp-image-2400\" src=\"http:\/\/www.comuna13online.com.ar\/wp-content\/uploads\/2018\/08\/20180823a1.jpg\" alt=\"\" width=\"678\" height=\"451\" srcset=\"https:\/\/www.comuna13online.com.ar\/wp-content\/uploads\/2018\/08\/20180823a1.jpg 678w, https:\/\/www.comuna13online.com.ar\/wp-content\/uploads\/2018\/08\/20180823a1-658x438.jpg 658w, https:\/\/www.comuna13online.com.ar\/wp-content\/uploads\/2018\/08\/20180823a1-272x182.jpg 272w\" sizes=\"auto, (max-width: 678px) 100vw, 678px\" \/><\/p>\n<p>El pasado 3 de julio la Legislatura porte\u00f1a declar\u00f3 \u00abinnecesario para la gesti\u00f3n del Poder Ejecutivo de\u00a0la Ciudad Aut\u00f3noma de Buenos Aires\u00bb y disponga\u00a0 \u00abla enajenaci\u00f3n del inmueble<br \/>\nperteneciente al dominio privado del Poder Ejecutivo de la Ciudad Aut\u00f3noma de\u00a0Buenos Aires delimitado por las calles Cap. Gral. Ram\u00f3n Freire, Concepci\u00f3n\u00a0Arenal, Zapiola y Av. Dorrego\u00bb m\u00e1s conocido el predio \u00abEl Dorrego\u00bb.<\/p>\n<p>La aprobaci\u00f3n del Proyecto de Ley votado a favor por los Diputados de la Ciudad, requiere ahora su tratamiento obligatorio en Audiencia P\u00fablica, si bien la misma no es vinculante, es un excelente lugar para que todos los involucrados expresen su posici\u00f3n y fundamentos.<\/p>\n<p style=\"text-align: left;\"><strong>La Audiencia P\u00fablica se llevar\u00e1 cabo el pr\u00f3ximo 4 de septiembre de 2008 a las 15 horas en el Sal\u00f3n San Mart\u00edn del Palacio Legislativo. Para participar de la misma solo hay que completar el siguiente <a href=\"http:\/\/www.legislatura.gov.ar\/audiencia\/8\" target=\"_blank\" rel=\"noopener\">formulario<\/a>, el plazo vence el viernes 31 de agosto de 2018.<\/strong><\/p>\n<p style=\"text-align: center;\"><img loading=\"lazy\" decoding=\"async\" data-attachment-id=\"2401\" data-permalink=\"https:\/\/www.comuna13online.com.ar\/?attachment_id=2401\" data-orig-file=\"https:\/\/www.comuna13online.com.ar\/wp-content\/uploads\/2018\/08\/20180823a2.jpg\" data-orig-size=\"618,444\" data-comments-opened=\"0\" data-image-meta=\"{&quot;aperture&quot;:&quot;0&quot;,&quot;credit&quot;:&quot;&quot;,&quot;camera&quot;:&quot;&quot;,&quot;caption&quot;:&quot;&quot;,&quot;created_timestamp&quot;:&quot;0&quot;,&quot;copyright&quot;:&quot;&quot;,&quot;focal_length&quot;:&quot;0&quot;,&quot;iso&quot;:&quot;0&quot;,&quot;shutter_speed&quot;:&quot;0&quot;,&quot;title&quot;:&quot;&quot;,&quot;orientation&quot;:&quot;0&quot;}\" data-image-title=\"20180823a2\" data-image-description=\"\" data-image-caption=\"\" data-large-file=\"https:\/\/www.comuna13online.com.ar\/wp-content\/uploads\/2018\/08\/20180823a2-610x438.jpg\" class=\"size-full wp-image-2401 aligncenter\" src=\"http:\/\/www.comuna13online.com.ar\/wp-content\/uploads\/2018\/08\/20180823a2.jpg\" alt=\"\" width=\"618\" height=\"444\" srcset=\"https:\/\/www.comuna13online.com.ar\/wp-content\/uploads\/2018\/08\/20180823a2.jpg 618w, https:\/\/www.comuna13online.com.ar\/wp-content\/uploads\/2018\/08\/20180823a2-610x438.jpg 610w\" sizes=\"auto, (max-width: 618px) 100vw, 618px\" \/><\/p>\n<p>Seg\u00fan los par\u00e1metros que establece el C\u00f3digo de Planeamiento Urbano, sobre este predio ser\u00e1 edificable una superficie de 35.000 metros cuadrados, de los cuales 5.000 metros cuadrados deber\u00e1n destinarse exclusivamente al desarrollo de la actividad audiovisual, ya que la zona es Distrito Audiovisual tambi\u00e9n denominado Nuevo Colegiales. A su vez, se ceder\u00e1 por 15 a\u00f1os (renovable) al Gobierno, el uso de 500 metros cuadrados construidos.Los edificios podr\u00e1n alcanzar una altura de 31 metros, aproximadamente una torre de 9 o 10 pisos.<\/p>\n<p>Tambi\u00e9n estipula el proyecto la construcci\u00f3n de un estacionamiento subterr\u00e1neo de automotores, con capacidad de hasta 300 unidades.<\/p>\n<p>Se argument\u00f3 que lo producido por la venta del pol\u00edgono ser\u00e1 destinado a financiar una plaza y otras obras en el barrio:\u00a0\u201cSe prev\u00e9 la afectaci\u00f3n espec\u00edfica de los fondos obtenidos en la subasta para ser aplicados al financiamiento de las obras de construcci\u00f3n y equipamiento de la parcela con destino espacio verde denominada Clemente, afect\u00e1ndose el remanente a obras de mejoramiento del barrio de Colegiales y al cumplimiento de los objetivos del Instituto de la Vivienda de la Ciudad\u201d,\u00a0dicen los fundamentos del proyecto.<\/p>\n<p>Por su parte, el Jefe de Gobierno de la Ciudad, propulsor del Proyecto, expres\u00f3 \u201cEsta iniciativa busca continuar con las pol\u00edticas p\u00fablicas de generar nuevos espacios verdes, de uso recreativo para los ciudadanos y aumentar la disponibilidad de estos en el Barrio Nuevo Colegiales, mejorando la calidad ambiental y de vida de los vecinos\u201d.<\/p>\n<p>Mientras que el Diputado\u00a0porte\u00f1o por Unidad Ciudadana, Mariano Recalde, denunci\u00f3 que se trata de\u00a0 \u00abun nuevo cap\u00edtulo de la venta de tierras p\u00fablicas para negocios inmobiliarios\u00bb.<\/p>\n<hr \/>\n<p>Audiencia P\u00fablica<br \/>\n<strong>Martes 4 de septiembre &#8211; 15 horas<\/strong><br \/>\nLegislatura de la Ciudad de Bs. As.<br \/>\nSal\u00f3n San Mart\u00edn.<br \/>\nPer\u00fa 160, Monserrat &#8211;\u00a0CABA<\/p>\n<p><iframe loading=\"lazy\" style=\"border: 0;\" src=\"https:\/\/www.google.com\/maps\/embed?pb=!1m18!1m12!1m3!1d3283.7806821471086!2d-58.37681368575423!3d-34.60970698045786!2m3!1f0!2f0!3f0!3m2!1i1024!2i768!4f13.1!3m3!1m2!1s0x95bccad38362e26f%3A0x6418876876db3edc!2sLegislatura+de+la+Ciudad+Aut%C3%B3noma+de+Buenos+Aires!5e0!3m2!1ses!2sar!4v1521127067184\" width=\"300\" height=\"250\" frameborder=\"0\" allowfullscreen=\"allowfullscreen\"><\/iframe><\/p>\n<p><strong>Transportes Cercanos:<\/strong><\/p>\n<p>Colectivos:\u00a02, 7, 8, 22, 24, 28, 29, 33, 50, 56, 61, 62, 64, 74, 86, 91, 93, 103, 105, 111, 126, 130, 143, 146, 152, 159 y 195.<\/p>\n<p>Subtes:<\/p>\n<p>&#8211; Estaci\u00f3n Belgrano y Bolivar de la L\u00ednea E.<br \/>\n&#8211; Estaci\u00f3n catedral de la L\u00ednea D.<br \/>\n&#8211; Estaci\u00f3n Per\u00fa,\u00a0Piedras y Plaza de Mayo de la L\u00ednea .<\/p>\n","protected":false},"excerpt":{"rendered":"<div class=\"mh-excerpt\">El viernes 31 vence el plazo de inscripci\u00f3n para la Audiencia P\u00fablica por la venta del predio El Dorrego que habilita la construcci\u00f3n de\u00a0un emprendimiento inmobiliario en el lugar. El <a class=\"mh-excerpt-more\" href=\"https:\/\/www.comuna13online.com.ar\/?p=2399\" title=\"\u00daltimos d\u00edas de inscripci\u00f3n para la Audiencia P\u00fablica por el Dorrego\">[&#8230;]<\/a><\/div>\n","protected":false},"author":1,"featured_media":1866,"comment_status":"closed","ping_status":"closed","sticky":false,"template":"","format":"standard","meta":{"_uag_custom_page_level_css":"","_jetpack_memberships_contains_paid_content":false,"footnotes":"","jetpack_publicize_message":"","jetpack_publicize_feature_enabled":true,"jetpack_social_post_already_shared":true,"jetpack_social_options":{"image_generator_settings":{"template":"highway","default_image_id":0,"font":"","enabled":false},"version":2}},"categories":[68],"tags":[19,66,110],"class_list":{"0":"post-2399","1":"post","2":"type-post","3":"status-publish","4":"format-standard","5":"has-post-thumbnail","7":"category-espacio-publico","8":"tag-comuna-13","9":"tag-desarrollo-urbano","10":"tag-espacio-publico"},"jetpack_publicize_connections":[],"jetpack_featured_media_url":"https:\/\/www.comuna13online.com.ar\/wp-content\/uploads\/2018\/07\/20180711a.jpg","uagb_featured_image_src":{"full":["https:\/\/www.comuna13online.com.ar\/wp-content\/uploads\/2018\/07\/20180711a.jpg",1030,438,false],"thumbnail":["https:\/\/www.comuna13online.com.ar\/wp-content\/uploads\/2018\/07\/20180711a-150x150.jpg",96,96,true],"medium":["https:\/\/www.comuna13online.com.ar\/wp-content\/uploads\/2018\/07\/20180711a-678x288.jpg",678,288,true],"medium_large":["https:\/\/www.comuna13online.com.ar\/wp-content\/uploads\/2018\/07\/20180711a-768x327.jpg",768,327,true],"large":["https:\/\/www.comuna13online.com.ar\/wp-content\/uploads\/2018\/07\/20180711a.jpg",1030,438,false],"1536x1536":["https:\/\/www.comuna13online.com.ar\/wp-content\/uploads\/2018\/07\/20180711a.jpg",1030,438,false],"2048x2048":["https:\/\/www.comuna13online.com.ar\/wp-content\/uploads\/2018\/07\/20180711a.jpg",1030,438,false],"mh-magazine-slider":["https:\/\/www.comuna13online.com.ar\/wp-content\/uploads\/2018\/07\/20180711a.jpg",1030,438,false],"mh-magazine-content":["https:\/\/www.comuna13online.com.ar\/wp-content\/uploads\/2018\/07\/20180711a-678x381.jpg",678,381,true],"mh-magazine-large":["https:\/\/www.comuna13online.com.ar\/wp-content\/uploads\/2018\/07\/20180711a-678x438.jpg",678,438,true],"mh-magazine-medium":["https:\/\/www.comuna13online.com.ar\/wp-content\/uploads\/2018\/07\/20180711a-326x245.jpg",326,245,true],"mh-magazine-small":["https:\/\/www.comuna13online.com.ar\/wp-content\/uploads\/2018\/07\/20180711a-80x60.jpg",80,60,true],"sow-carousel-default":["https:\/\/www.comuna13online.com.ar\/wp-content\/uploads\/2018\/07\/20180711a-272x182.jpg",272,182,true]},"uagb_author_info":{"display_name":"Comuna13","author_link":"https:\/\/www.comuna13online.com.ar\/?author=1"},"uagb_comment_info":0,"uagb_excerpt":"El viernes 31 vence el plazo de inscripci\u00f3n para la Audiencia P\u00fablica por la venta del predio El Dorrego que habilita la construcci\u00f3n de\u00a0un emprendimiento inmobiliario en el lugar. El [...]","jetpack_sharing_enabled":true,"_links":{"self":[{"href":"https:\/\/www.comuna13online.com.ar\/index.php?rest_route=\/wp\/v2\/posts\/2399","targetHints":{"allow":["GET"]}}],"collection":[{"href":"https:\/\/www.comuna13online.com.ar\/index.php?rest_route=\/wp\/v2\/posts"}],"about":[{"href":"https:\/\/www.comuna13online.com.ar\/index.php?rest_route=\/wp\/v2\/types\/post"}],"author":[{"embeddable":true,"href":"https:\/\/www.comuna13online.com.ar\/index.php?rest_route=\/wp\/v2\/users\/1"}],"replies":[{"embeddable":true,"href":"https:\/\/www.comuna13online.com.ar\/index.php?rest_route=%2Fwp%2Fv2%2Fcomments&post=2399"}],"version-history":[{"count":0,"href":"https:\/\/www.comuna13online.com.ar\/index.php?rest_route=\/wp\/v2\/posts\/2399\/revisions"}],"wp:featuredmedia":[{"embeddable":true,"href":"https:\/\/www.comuna13online.com.ar\/index.php?rest_route=\/wp\/v2\/media\/1866"}],"wp:attachment":[{"href":"https:\/\/www.comuna13online.com.ar\/index.php?rest_route=%2Fwp%2Fv2%2Fmedia&parent=2399"}],"wp:term":[{"taxonomy":"category","embeddable":true,"href":"https:\/\/www.comuna13online.com.ar\/index.php?rest_route=%2Fwp%2Fv2%2Fcategories&post=2399"},{"taxonomy":"post_tag","embeddable":true,"href":"https:\/\/www.comuna13online.com.ar\/index.php?rest_route=%2Fwp%2Fv2%2Ftags&post=2399"}],"curies":[{"name":"wp","href":"https:\/\/api.w.org\/{rel}","templated":true}]}}