{"id":2394,"date":"2018-08-22T13:22:20","date_gmt":"2018-08-22T16:22:20","guid":{"rendered":"http:\/\/www.comuna13online.com.ar\/?p=2394"},"modified":"2018-08-22T13:22:20","modified_gmt":"2018-08-22T16:22:20","slug":"la-planta-de-tratamiento-de-residuos-en-saavedra-es-ley","status":"publish","type":"post","link":"https:\/\/www.comuna13online.com.ar\/?p=2394","title":{"rendered":"La planta de tratamiento de residuos en Saavedra es ley"},"content":{"rendered":"<p><strong>Estar\u00e1 ubicada entre las calles Holmberg, Deheza, avenida Parque Goyeneche y Arias de la vecina Comuna 12. El proyecto del Ejecutivo que hab\u00eda sido aprobado en primera lectura a principios de mayo fue sancionado el pasado jueves.<\/strong><\/p>\n<p><img loading=\"lazy\" decoding=\"async\" data-attachment-id=\"2397\" data-permalink=\"https:\/\/www.comuna13online.com.ar\/?attachment_id=2397\" data-orig-file=\"https:\/\/www.comuna13online.com.ar\/wp-content\/uploads\/2018\/08\/2018_08_22a1.jpg\" data-orig-size=\"678,452\" data-comments-opened=\"0\" data-image-meta=\"{&quot;aperture&quot;:&quot;0&quot;,&quot;credit&quot;:&quot;&quot;,&quot;camera&quot;:&quot;&quot;,&quot;caption&quot;:&quot;&quot;,&quot;created_timestamp&quot;:&quot;0&quot;,&quot;copyright&quot;:&quot;&quot;,&quot;focal_length&quot;:&quot;0&quot;,&quot;iso&quot;:&quot;0&quot;,&quot;shutter_speed&quot;:&quot;0&quot;,&quot;title&quot;:&quot;&quot;,&quot;orientation&quot;:&quot;0&quot;}\" data-image-title=\"2018_08_22a1\" data-image-description=\"\" data-image-caption=\"\" data-large-file=\"https:\/\/www.comuna13online.com.ar\/wp-content\/uploads\/2018\/08\/2018_08_22a1-657x438.jpg\" class=\"alignnone size-full wp-image-2397\" src=\"http:\/\/www.comuna13online.com.ar\/wp-content\/uploads\/2018\/08\/2018_08_22a1.jpg\" alt=\"\" width=\"678\" height=\"452\" srcset=\"https:\/\/www.comuna13online.com.ar\/wp-content\/uploads\/2018\/08\/2018_08_22a1.jpg 678w, https:\/\/www.comuna13online.com.ar\/wp-content\/uploads\/2018\/08\/2018_08_22a1-657x438.jpg 657w, https:\/\/www.comuna13online.com.ar\/wp-content\/uploads\/2018\/08\/2018_08_22a1-272x182.jpg 272w\" sizes=\"auto, (max-width: 678px) 100vw, 678px\" \/><\/p>\n<p>El Cuerpo parlamentario de la Ciudad Aut\u00f3noma de Buenos Aires aprob\u00f3 en segunda lectura la ley que habilita la construcci\u00f3n de una moderna planta de tratamiento de residuos en el barrio de Saavedra.<\/p>\n<p>La norma modifica el Distrito de Zonificaci\u00f3n U34 desafectando del mismo al predio delimitado por las calles Holmberg, Deheza, avenida Parque Roberto Goyeneche y Arias en la Comuna 12, para afectarlo al Distrito de Zonificaci\u00f3n E4 &#8211; Equipamiento Especial \u201cHigiene Urbana\u201d. De esta manera se instalar\u00e1 una planta de tratamiento denominada Centro de separaci\u00f3n de RSU Secos Semi-automatizado.<\/p>\n<p>Adem\u00e1s, incorpora la nueva definici\u00f3n a los tipos de uso del C\u00f3digo de Planeamiento Urbano de la Ciudad de Buenos Aires que <em>\u201cconsidera Centro de separaci\u00f3n de RSU Secos Semi-Automatizado a aqu\u00e9l edificio e instalaci\u00f3n que posea una l\u00ednea autom\u00e1tica o semi-autom\u00e1tica completa para la recepci\u00f3n, separaci\u00f3n y preparaci\u00f3n de residuos s\u00f3lidos urbanos secos provenientes de la recolecci\u00f3n diferenciada, para su posterior utilizaci\u00f3n en el mercado secundario como insumo para nuevos procesos productivos\u201d.<\/em><\/p>\n<p>Por otra parte, se incorporan especificaciones respecto a la superficie m\u00ednima destinada a este uso (<em>\u201c2.000 a 1.500 metros cuadrados siempre que la parcela permita el ingreso y egreso vehicular a calles diferentes\u201d<\/em>), 80% de ocupaci\u00f3n del suelo exceptuando a los playones de maniobras y estacionamientos descubiertos y que <em>\u201clas edificaciones no sobrepasar\u00e1n la altura m\u00e1xima de 12 metros y un plano l\u00edmite horizontal a 15 metros ambos medidos desde la cota de parcela. Por encima del plano l\u00edmite determinado podr\u00e1n sobresalir antenas para uso exclusivo del inmueble, pararrayos y conductos, balizamientos cuando sean exigidos por autoridad t\u00e9cnica competente, chimeneas y parapetos de azoteas. Los predios ocupados por las instalaciones no podr\u00e1n ser subdivididos catastralmente\u201d<\/em>. Respecto al dise\u00f1o <em>\u201cse establece la obligaci\u00f3n de parquizar las \u00e1reas libres de instalaciones y edificios, incluy\u00e9ndose los estacionamientos a cielo abierto\u201d<\/em>.<\/p>\n<p>La ley obtuvo aprobaci\u00f3n inicial el 3 de mayo pasado y fue publicada en el Bolet\u00edn Oficial de la Ciudad de Buenos Aires N\u00ba 5376 del 18 de ese mes. Y el 13 de julio se realiz\u00f3 la Audiencia P\u00fablica. El pasado viernes 3 la Comisi\u00f3n asesora de Planeamiento Urbano que preside la diputada <strong>Victoria Rold\u00e1n M\u00e9ndez <\/strong>(Vamos Juntos) firm\u00f3 el despacho favorable.<\/p>\n<p><strong>Rold\u00e1n M\u00e9ndez<\/strong> como miembro informante propuso en el recinto un agregado al art\u00edculo segundo del proyecto y destac\u00f3 que la planta se ubica en un lugar de comunicaci\u00f3n estrat\u00e9gica ya que <em>\u201cactualmente los residuos de las Comunas 12, 13, 14 y 15 deben ser trasladados a la Comuna 4, lo que genera un costo econ\u00f3mico alto\u201d.<\/em> Tambi\u00e9n se\u00f1al\u00f3 que la tecnolog\u00eda a utilizar posibilitar\u00e1 una separaci\u00f3n m\u00e1s r\u00e1pida y eficiente de materiales secos sin olores ni ruidos y, en este sentido aclar\u00f3 que <em>\u201cest\u00e1 en tr\u00e1mite el estudio de impacto ambiental\u201d<\/em>. En tercer lugar, respecto a los recuperadores urbanos apunt\u00f3 que <em>\u201cmejorar\u00e1n las condiciones de higiene y su capacidad de recolecci\u00f3n\u201d.<\/em><\/p>\n<p>Siguiendo la misma l\u00ednea argumental el Presidente del bloque oficialista, diputado <strong>Agust\u00edn Forchieri <\/strong>(VJ) ilustr\u00f3 que <em>\u201cla Ciudad logr\u00f3 una reducci\u00f3n del orden del 50 por ciento y en los ocho Centros Verdes que est\u00e1n instalados actualmente, reciclan cada uno seis toneladas diarias en tanto esta nueva planta tratar\u00e1 diez toneladas por hora\u201d.<\/em><\/p>\n<p>En tanto, desde la oposici\u00f3n se manifest\u00f3 el apoyo a la demanda de los vecinos de mayor espacio verde, hubo cr\u00edticas porque se empezaron las obras sin que hubiera aprobaci\u00f3n legislativa y se advirti\u00f3 que no habr\u00e1 beneficios para los recicladores quienes fueron calificados como \u201ctrabajadores precarizados\u201d.<\/p>\n<p>La norma finalmente result\u00f3 sancionada con 38 votos afirmativos, 7 negativos (cuatro de Evoluci\u00f3n, Autodeterminaci\u00f3n y Libertad, Frente de Izquierda y los Trabajadores) y 11 abstenciones (Unidad Ciudadana, GEN, PTS-FI y dos del Bloque Peronista).<\/p>\n<p><a href=\"http:\/\/www.comuna13online.com.ar\/wp-content\/uploads\/2018\/08\/2018_08_22a2.jpg\"><img loading=\"lazy\" decoding=\"async\" data-attachment-id=\"2395\" data-permalink=\"https:\/\/www.comuna13online.com.ar\/?attachment_id=2395\" data-orig-file=\"https:\/\/www.comuna13online.com.ar\/wp-content\/uploads\/2018\/08\/2018_08_22a2.jpg\" data-orig-size=\"1024,802\" data-comments-opened=\"0\" data-image-meta=\"{&quot;aperture&quot;:&quot;0&quot;,&quot;credit&quot;:&quot;Picasa&quot;,&quot;camera&quot;:&quot;&quot;,&quot;caption&quot;:&quot;&quot;,&quot;created_timestamp&quot;:&quot;0&quot;,&quot;copyright&quot;:&quot;&quot;,&quot;focal_length&quot;:&quot;0&quot;,&quot;iso&quot;:&quot;0&quot;,&quot;shutter_speed&quot;:&quot;0&quot;,&quot;title&quot;:&quot;&quot;,&quot;orientation&quot;:&quot;0&quot;}\" data-image-title=\"2018_08_22a2\" data-image-description=\"\" data-image-caption=\"\" data-large-file=\"https:\/\/www.comuna13online.com.ar\/wp-content\/uploads\/2018\/08\/2018_08_22a2-559x438.jpg\" class=\"alignnone wp-image-2395\" src=\"http:\/\/www.comuna13online.com.ar\/wp-content\/uploads\/2018\/08\/2018_08_22a2.jpg\" alt=\"\" width=\"678\" height=\"531\" srcset=\"https:\/\/www.comuna13online.com.ar\/wp-content\/uploads\/2018\/08\/2018_08_22a2.jpg 1024w, https:\/\/www.comuna13online.com.ar\/wp-content\/uploads\/2018\/08\/2018_08_22a2-577x452.jpg 577w, https:\/\/www.comuna13online.com.ar\/wp-content\/uploads\/2018\/08\/2018_08_22a2-768x602.jpg 768w, https:\/\/www.comuna13online.com.ar\/wp-content\/uploads\/2018\/08\/2018_08_22a2-559x438.jpg 559w\" sizes=\"auto, (max-width: 678px) 100vw, 678px\" \/><\/a><\/p>\n","protected":false},"excerpt":{"rendered":"<div class=\"mh-excerpt\">Estar\u00e1 ubicada entre las calles Holmberg, Deheza, avenida Parque Goyeneche y Arias de la vecina Comuna 12. El proyecto del Ejecutivo que hab\u00eda sido aprobado en primera lectura a principios <a class=\"mh-excerpt-more\" href=\"https:\/\/www.comuna13online.com.ar\/?p=2394\" title=\"La planta de tratamiento de residuos en Saavedra es ley\">[&#8230;]<\/a><\/div>\n","protected":false},"author":1,"featured_media":2396,"comment_status":"closed","ping_status":"closed","sticky":false,"template":"","format":"standard","meta":{"_uag_custom_page_level_css":"","_jetpack_memberships_contains_paid_content":false,"footnotes":"","jetpack_publicize_message":"","jetpack_publicize_feature_enabled":true,"jetpack_social_post_already_shared":true,"jetpack_social_options":{"image_generator_settings":{"template":"highway","default_image_id":0,"font":"","enabled":false},"version":2}},"categories":[22],"tags":[38,37],"class_list":{"0":"post-2394","1":"post","2":"type-post","3":"status-publish","4":"format-standard","5":"has-post-thumbnail","7":"category-medio-ambiente","8":"tag-basura","9":"tag-medio-ambiente"},"jetpack_publicize_connections":[],"jetpack_featured_media_url":"https:\/\/www.comuna13online.com.ar\/wp-content\/uploads\/2018\/08\/2018_08_22a.jpg","uagb_featured_image_src":{"full":["https:\/\/www.comuna13online.com.ar\/wp-content\/uploads\/2018\/08\/2018_08_22a.jpg",1030,438,false],"thumbnail":["https:\/\/www.comuna13online.com.ar\/wp-content\/uploads\/2018\/08\/2018_08_22a-150x150.jpg",96,96,true],"medium":["https:\/\/www.comuna13online.com.ar\/wp-content\/uploads\/2018\/08\/2018_08_22a-678x288.jpg",678,288,true],"medium_large":["https:\/\/www.comuna13online.com.ar\/wp-content\/uploads\/2018\/08\/2018_08_22a-768x327.jpg",768,327,true],"large":["https:\/\/www.comuna13online.com.ar\/wp-content\/uploads\/2018\/08\/2018_08_22a.jpg",1030,438,false],"1536x1536":["https:\/\/www.comuna13online.com.ar\/wp-content\/uploads\/2018\/08\/2018_08_22a.jpg",1030,438,false],"2048x2048":["https:\/\/www.comuna13online.com.ar\/wp-content\/uploads\/2018\/08\/2018_08_22a.jpg",1030,438,false],"mh-magazine-slider":["https:\/\/www.comuna13online.com.ar\/wp-content\/uploads\/2018\/08\/2018_08_22a.jpg",1030,438,false],"mh-magazine-content":["https:\/\/www.comuna13online.com.ar\/wp-content\/uploads\/2018\/08\/2018_08_22a-678x381.jpg",678,381,true],"mh-magazine-large":["https:\/\/www.comuna13online.com.ar\/wp-content\/uploads\/2018\/08\/2018_08_22a-678x438.jpg",678,438,true],"mh-magazine-medium":["https:\/\/www.comuna13online.com.ar\/wp-content\/uploads\/2018\/08\/2018_08_22a-326x245.jpg",326,245,true],"mh-magazine-small":["https:\/\/www.comuna13online.com.ar\/wp-content\/uploads\/2018\/08\/2018_08_22a-80x60.jpg",80,60,true],"sow-carousel-default":["https:\/\/www.comuna13online.com.ar\/wp-content\/uploads\/2018\/08\/2018_08_22a-272x182.jpg",272,182,true]},"uagb_author_info":{"display_name":"Comuna13","author_link":"https:\/\/www.comuna13online.com.ar\/?author=1"},"uagb_comment_info":0,"uagb_excerpt":"Estar\u00e1 ubicada entre las calles Holmberg, Deheza, avenida Parque Goyeneche y Arias de la vecina Comuna 12. El proyecto del Ejecutivo que hab\u00eda sido aprobado en primera lectura a principios [...]","jetpack_sharing_enabled":true,"_links":{"self":[{"href":"https:\/\/www.comuna13online.com.ar\/index.php?rest_route=\/wp\/v2\/posts\/2394","targetHints":{"allow":["GET"]}}],"collection":[{"href":"https:\/\/www.comuna13online.com.ar\/index.php?rest_route=\/wp\/v2\/posts"}],"about":[{"href":"https:\/\/www.comuna13online.com.ar\/index.php?rest_route=\/wp\/v2\/types\/post"}],"author":[{"embeddable":true,"href":"https:\/\/www.comuna13online.com.ar\/index.php?rest_route=\/wp\/v2\/users\/1"}],"replies":[{"embeddable":true,"href":"https:\/\/www.comuna13online.com.ar\/index.php?rest_route=%2Fwp%2Fv2%2Fcomments&post=2394"}],"version-history":[{"count":0,"href":"https:\/\/www.comuna13online.com.ar\/index.php?rest_route=\/wp\/v2\/posts\/2394\/revisions"}],"wp:featuredmedia":[{"embeddable":true,"href":"https:\/\/www.comuna13online.com.ar\/index.php?rest_route=\/wp\/v2\/media\/2396"}],"wp:attachment":[{"href":"https:\/\/www.comuna13online.com.ar\/index.php?rest_route=%2Fwp%2Fv2%2Fmedia&parent=2394"}],"wp:term":[{"taxonomy":"category","embeddable":true,"href":"https:\/\/www.comuna13online.com.ar\/index.php?rest_route=%2Fwp%2Fv2%2Fcategories&post=2394"},{"taxonomy":"post_tag","embeddable":true,"href":"https:\/\/www.comuna13online.com.ar\/index.php?rest_route=%2Fwp%2Fv2%2Ftags&post=2394"}],"curies":[{"name":"wp","href":"https:\/\/api.w.org\/{rel}","templated":true}]}}