{"id":2375,"date":"2018-08-21T14:51:30","date_gmt":"2018-08-21T17:51:30","guid":{"rendered":"http:\/\/www.comuna13online.com.ar\/?p=2375"},"modified":"2018-08-21T14:51:30","modified_gmt":"2018-08-21T17:51:30","slug":"larreta-visito-las-obras-del-del-arroyo-vega","status":"publish","type":"post","link":"https:\/\/www.comuna13online.com.ar\/?p=2375","title":{"rendered":"Larreta visit\u00f3 las obras del del Arroyo Vega"},"content":{"rendered":"<p><strong>El Jefe de Gobierno de la Ciudad recorri\u00f3\u00a0las obras del segundo emisario del Arroyo Vega, obra que servir\u00e1 para palear las inundaciones en las comunas 12, 13 y 15.<\/strong><\/p>\n<p><img loading=\"lazy\" decoding=\"async\" data-attachment-id=\"2376\" data-permalink=\"https:\/\/www.comuna13online.com.ar\/?attachment_id=2376\" data-orig-file=\"https:\/\/www.comuna13online.com.ar\/wp-content\/uploads\/2018\/08\/2018_08_21c1.jpg\" data-orig-size=\"678,452\" data-comments-opened=\"0\" data-image-meta=\"{&quot;aperture&quot;:&quot;0&quot;,&quot;credit&quot;:&quot;&quot;,&quot;camera&quot;:&quot;&quot;,&quot;caption&quot;:&quot;&quot;,&quot;created_timestamp&quot;:&quot;0&quot;,&quot;copyright&quot;:&quot;&quot;,&quot;focal_length&quot;:&quot;0&quot;,&quot;iso&quot;:&quot;0&quot;,&quot;shutter_speed&quot;:&quot;0&quot;,&quot;title&quot;:&quot;&quot;,&quot;orientation&quot;:&quot;0&quot;}\" data-image-title=\"2018_08_21c1\" data-image-description=\"\" data-image-caption=\"\" data-large-file=\"https:\/\/www.comuna13online.com.ar\/wp-content\/uploads\/2018\/08\/2018_08_21c1-657x438.jpg\" class=\"alignnone size-full wp-image-2376\" src=\"http:\/\/www.comuna13online.com.ar\/wp-content\/uploads\/2018\/08\/2018_08_21c1.jpg\" alt=\"\" width=\"678\" height=\"452\" srcset=\"https:\/\/www.comuna13online.com.ar\/wp-content\/uploads\/2018\/08\/2018_08_21c1.jpg 678w, https:\/\/www.comuna13online.com.ar\/wp-content\/uploads\/2018\/08\/2018_08_21c1-657x438.jpg 657w, https:\/\/www.comuna13online.com.ar\/wp-content\/uploads\/2018\/08\/2018_08_21c1-272x182.jpg 272w\" sizes=\"auto, (max-width: 678px) 100vw, 678px\" \/><\/p>\n<p>Horacio Rodr\u00edguez Larreta se hizo presente esta ma\u00f1ana en las obras del segundo emisario del Arroyo Vega que beneficiar\u00e1n a m\u00e1s de 300 mil vecinos de 3 comunas incluida la 13.<\/p>\n<p>Esta obra reducir\u00e1 significativamente el impacto de las fuertes lluvias y sobre todo las sudestadas\u00a0\u00a0ya que duplicar\u00e1\u00a0la capacidad de conducci\u00f3n del agua que posee actualmente el emisario existente hasta su desembocadura en el R\u00edo de la Plata.<\/p>\n<p><em>\u201cEste t\u00fanel es el que pasa por uno de los lugares m\u00e1s complicados en t\u00e9rminos de riesgo de inundaci\u00f3n, que ha sido siempre la zona de Cabildo y Blanco Encalada, donde hace varios a\u00f1os que no tenemos inundaciones porque se ampli\u00f3 la desembocadura al r\u00edo\u201d<\/em>, explic\u00f3 Larreta.<\/p>\n<p>La obra es parte del Plan Hidr\u00e1ulico llevado adelante por el Gobierno de la Ciudad a trav\u00e9s del Ministerio de Desarrollo Urbano y Transporte, cuyo objetivo es mitigar las inundaciones en toda la Ciudad de Buenos Aires.<\/p>\n<p>Acompa\u00f1\u00f3 al Jefe de Gobierno\u00a0el director del Plan Hidr\u00e1ulico de la Ciudad, Eduardo Cohen, qui\u00e9n resalt\u00f3 <em>\u201cesta es la soluci\u00f3n definitiva para la cuenca\u201d<\/em>.<\/p>\n<p><iframe loading=\"lazy\" src=\"https:\/\/www.youtube.com\/embed\/3thWeYOlaN8\" width=\"678\" height=\"381\" frameborder=\"0\" allowfullscreen=\"allowfullscreen\"><span data-mce-type=\"bookmark\" style=\"display: inline-block; width: 0px; overflow: hidden; line-height: 0;\" class=\"mce_SELRES_start\">\ufeff<\/span><\/iframe><\/p>\n<h4><strong>Con estas obras:<\/strong><\/h4>\n<ul>\n<li>Se duplicar\u00e1 la capacidad de drenaje al dividir la cuenca en dos emisarios, reduciendo el riesgo de inundaciones. Aumentar\u00e1 la capacidad de conducci\u00f3n de la red de conductos secundarios con la incorporaci\u00f3n de 12 nuevos ramales.<\/li>\n<li>Permitir\u00e1 la descarga del nuevo emisario, su mantenimiento y limpieza gracias a la construcci\u00f3n de una c\u00e1mara de descarga en el R\u00edo de la Plata, junto a tableros de cierre y una estaci\u00f3n de bombeo para el vaciado de mantenimiento y limpieza.<\/li>\n<\/ul>\n<h4><strong>El Segundo Emisario<\/strong><\/h4>\n<p>Con la experiencia previa de los t\u00faneles del Arroyo Maldonado se comprob\u00f3 que el trabajo con tuneladoras generaba mucho menos impacto urbano. Por eso, se resolvi\u00f3 volver a emplear este sistema, separando la labor en dos tramos. El primero abarcar\u00e1 una extensi\u00f3n de 5,9 kil\u00f3metros. Comenzar\u00e1 en Costanera Norte y correr\u00e1 debajo de la calle La Pampa hasta la calle Victorica, en Parque Chas. All\u00ed se utilizar\u00e1 una tuneladora de 5,30 m de di\u00e1metro interno de equilibrio de presi\u00f3n a tierra TBM-EPB (Tunnel Boring Machine-Earth Pressure Balanced).<\/p>\n<p>Pasar\u00e1 por debajo de las l\u00edneas D y B de subte y el r\u00edo subterr\u00e1neo de AySA hasta conectar con el segundo tramo, que tendr\u00e1 2,5 kil\u00f3metros y un di\u00e1metro de 3 m. Correr\u00e1 debajo de la calle Nueva York, desde Victorica hasta la Helguera. Los trabajos se realizar\u00e1n con otra tunelera bajo el procedimiento Pipe Jacking, una t\u00e9cnica mec\u00e1nica que permite instalar tuber\u00edas sin realizar zanjeo.<\/p>\n<p><img loading=\"lazy\" decoding=\"async\" data-attachment-id=\"2377\" data-permalink=\"https:\/\/www.comuna13online.com.ar\/?attachment_id=2377\" data-orig-file=\"https:\/\/www.comuna13online.com.ar\/wp-content\/uploads\/2018\/08\/2018_08_21c2.jpg\" data-orig-size=\"678,452\" data-comments-opened=\"0\" data-image-meta=\"{&quot;aperture&quot;:&quot;0&quot;,&quot;credit&quot;:&quot;&quot;,&quot;camera&quot;:&quot;&quot;,&quot;caption&quot;:&quot;&quot;,&quot;created_timestamp&quot;:&quot;0&quot;,&quot;copyright&quot;:&quot;&quot;,&quot;focal_length&quot;:&quot;0&quot;,&quot;iso&quot;:&quot;0&quot;,&quot;shutter_speed&quot;:&quot;0&quot;,&quot;title&quot;:&quot;&quot;,&quot;orientation&quot;:&quot;0&quot;}\" data-image-title=\"2018_08_21c2\" data-image-description=\"\" data-image-caption=\"\" data-large-file=\"https:\/\/www.comuna13online.com.ar\/wp-content\/uploads\/2018\/08\/2018_08_21c2-657x438.jpg\" class=\"alignnone size-full wp-image-2377\" src=\"http:\/\/www.comuna13online.com.ar\/wp-content\/uploads\/2018\/08\/2018_08_21c2.jpg\" alt=\"\" width=\"678\" height=\"452\" srcset=\"https:\/\/www.comuna13online.com.ar\/wp-content\/uploads\/2018\/08\/2018_08_21c2.jpg 678w, https:\/\/www.comuna13online.com.ar\/wp-content\/uploads\/2018\/08\/2018_08_21c2-657x438.jpg 657w, https:\/\/www.comuna13online.com.ar\/wp-content\/uploads\/2018\/08\/2018_08_21c2-272x182.jpg 272w\" sizes=\"auto, (max-width: 678px) 100vw, 678px\" \/><\/p>\n<p>El cambio de tuneladora obedece a que la cuenca se va creciendo en forma de embudo hacia su desembocadura en el Rio de la Plata.<\/p>\n<p>Las obras en superficie ser\u00e1n m\u00ednimas: se realizar\u00e1n los conductos de ventilaci\u00f3n, los pozos de acometida en las calles Lugones, Elcano y Victorica, y los pozos de intervenci\u00f3n del Pipe Jacking. Una vez finalizado el emisario, se realizar\u00e1n ramales secundarios en Donado, Elcano, Victorica, \u00c1lvarez Thomas, Balb\u00edn, Constituyentes, Delgado, Freire, Lugones, Roseti, Sucre y Tronador.<\/p>\n","protected":false},"excerpt":{"rendered":"<div class=\"mh-excerpt\">El Jefe de Gobierno de la Ciudad recorri\u00f3\u00a0las obras del segundo emisario del Arroyo Vega, obra que servir\u00e1 para palear las inundaciones en las comunas 12, 13 y 15. Horacio <a class=\"mh-excerpt-more\" href=\"https:\/\/www.comuna13online.com.ar\/?p=2375\" title=\"Larreta visit\u00f3 las obras del del Arroyo Vega\">[&#8230;]<\/a><\/div>\n","protected":false},"author":1,"featured_media":2378,"comment_status":"closed","ping_status":"closed","sticky":false,"template":"","format":"standard","meta":{"_uag_custom_page_level_css":"","_jetpack_memberships_contains_paid_content":false,"footnotes":"","jetpack_publicize_message":"","jetpack_publicize_feature_enabled":true,"jetpack_social_post_already_shared":true,"jetpack_social_options":{"image_generator_settings":{"template":"highway","default_image_id":0,"font":"","enabled":false},"version":2}},"categories":[93],"tags":[96,19,31,94],"class_list":{"0":"post-2375","1":"post","2":"type-post","3":"status-publish","4":"format-standard","5":"has-post-thumbnail","7":"category-obra-publica","8":"tag-arroyo-vega","9":"tag-comuna-13","10":"tag-larreta","11":"tag-obra-publica"},"jetpack_publicize_connections":[],"jetpack_featured_media_url":"https:\/\/www.comuna13online.com.ar\/wp-content\/uploads\/2018\/08\/2018_08_21c.jpg","uagb_featured_image_src":{"full":["https:\/\/www.comuna13online.com.ar\/wp-content\/uploads\/2018\/08\/2018_08_21c.jpg",1030,438,false],"thumbnail":["https:\/\/www.comuna13online.com.ar\/wp-content\/uploads\/2018\/08\/2018_08_21c-150x150.jpg",96,96,true],"medium":["https:\/\/www.comuna13online.com.ar\/wp-content\/uploads\/2018\/08\/2018_08_21c-678x288.jpg",678,288,true],"medium_large":["https:\/\/www.comuna13online.com.ar\/wp-content\/uploads\/2018\/08\/2018_08_21c-768x327.jpg",768,327,true],"large":["https:\/\/www.comuna13online.com.ar\/wp-content\/uploads\/2018\/08\/2018_08_21c.jpg",1030,438,false],"1536x1536":["https:\/\/www.comuna13online.com.ar\/wp-content\/uploads\/2018\/08\/2018_08_21c.jpg",1030,438,false],"2048x2048":["https:\/\/www.comuna13online.com.ar\/wp-content\/uploads\/2018\/08\/2018_08_21c.jpg",1030,438,false],"mh-magazine-slider":["https:\/\/www.comuna13online.com.ar\/wp-content\/uploads\/2018\/08\/2018_08_21c.jpg",1030,438,false],"mh-magazine-content":["https:\/\/www.comuna13online.com.ar\/wp-content\/uploads\/2018\/08\/2018_08_21c-678x381.jpg",678,381,true],"mh-magazine-large":["https:\/\/www.comuna13online.com.ar\/wp-content\/uploads\/2018\/08\/2018_08_21c-678x438.jpg",678,438,true],"mh-magazine-medium":["https:\/\/www.comuna13online.com.ar\/wp-content\/uploads\/2018\/08\/2018_08_21c-326x245.jpg",326,245,true],"mh-magazine-small":["https:\/\/www.comuna13online.com.ar\/wp-content\/uploads\/2018\/08\/2018_08_21c-80x60.jpg",80,60,true],"sow-carousel-default":["https:\/\/www.comuna13online.com.ar\/wp-content\/uploads\/2018\/08\/2018_08_21c-272x182.jpg",272,182,true]},"uagb_author_info":{"display_name":"Comuna13","author_link":"https:\/\/www.comuna13online.com.ar\/?author=1"},"uagb_comment_info":0,"uagb_excerpt":"El Jefe de Gobierno de la Ciudad recorri\u00f3\u00a0las obras del segundo emisario del Arroyo Vega, obra que servir\u00e1 para palear las inundaciones en las comunas 12, 13 y 15. Horacio [...]","jetpack_sharing_enabled":true,"_links":{"self":[{"href":"https:\/\/www.comuna13online.com.ar\/index.php?rest_route=\/wp\/v2\/posts\/2375","targetHints":{"allow":["GET"]}}],"collection":[{"href":"https:\/\/www.comuna13online.com.ar\/index.php?rest_route=\/wp\/v2\/posts"}],"about":[{"href":"https:\/\/www.comuna13online.com.ar\/index.php?rest_route=\/wp\/v2\/types\/post"}],"author":[{"embeddable":true,"href":"https:\/\/www.comuna13online.com.ar\/index.php?rest_route=\/wp\/v2\/users\/1"}],"replies":[{"embeddable":true,"href":"https:\/\/www.comuna13online.com.ar\/index.php?rest_route=%2Fwp%2Fv2%2Fcomments&post=2375"}],"version-history":[{"count":0,"href":"https:\/\/www.comuna13online.com.ar\/index.php?rest_route=\/wp\/v2\/posts\/2375\/revisions"}],"wp:featuredmedia":[{"embeddable":true,"href":"https:\/\/www.comuna13online.com.ar\/index.php?rest_route=\/wp\/v2\/media\/2378"}],"wp:attachment":[{"href":"https:\/\/www.comuna13online.com.ar\/index.php?rest_route=%2Fwp%2Fv2%2Fmedia&parent=2375"}],"wp:term":[{"taxonomy":"category","embeddable":true,"href":"https:\/\/www.comuna13online.com.ar\/index.php?rest_route=%2Fwp%2Fv2%2Fcategories&post=2375"},{"taxonomy":"post_tag","embeddable":true,"href":"https:\/\/www.comuna13online.com.ar\/index.php?rest_route=%2Fwp%2Fv2%2Ftags&post=2375"}],"curies":[{"name":"wp","href":"https:\/\/api.w.org\/{rel}","templated":true}]}}