{"id":2371,"date":"2018-08-21T11:34:26","date_gmt":"2018-08-21T14:34:26","guid":{"rendered":"http:\/\/www.comuna13online.com.ar\/?p=2371"},"modified":"2018-08-21T11:34:26","modified_gmt":"2018-08-21T14:34:26","slug":"pretenden-aumentar-nuevamente-el-subte-y-llevarlo-a-1650","status":"publish","type":"post","link":"https:\/\/www.comuna13online.com.ar\/?p=2371","title":{"rendered":"Pretenden aumentar nuevamente el subte y llevarlo a $16,50"},"content":{"rendered":"<p><strong>As\u00ed lo anunci\u00f3 Subterr\u00e1neos de Buenos Aires, el aumento se llevar\u00eda adelante gradualmente a partir de noviembre de $ 1 por mes hasta alcanzar el valor del viaje a $ 16,50.<\/strong><\/p>\n<p><img loading=\"lazy\" decoding=\"async\" data-attachment-id=\"2372\" data-permalink=\"https:\/\/www.comuna13online.com.ar\/?attachment_id=2372\" data-orig-file=\"https:\/\/www.comuna13online.com.ar\/wp-content\/uploads\/2018\/08\/2018_08_21b1.jpg\" data-orig-size=\"678,382\" data-comments-opened=\"0\" data-image-meta=\"{&quot;aperture&quot;:&quot;0&quot;,&quot;credit&quot;:&quot;&quot;,&quot;camera&quot;:&quot;&quot;,&quot;caption&quot;:&quot;&quot;,&quot;created_timestamp&quot;:&quot;0&quot;,&quot;copyright&quot;:&quot;&quot;,&quot;focal_length&quot;:&quot;0&quot;,&quot;iso&quot;:&quot;0&quot;,&quot;shutter_speed&quot;:&quot;0&quot;,&quot;title&quot;:&quot;&quot;,&quot;orientation&quot;:&quot;0&quot;}\" data-image-title=\"2018_08_21b1\" data-image-description=\"\" data-image-caption=\"\" data-large-file=\"https:\/\/www.comuna13online.com.ar\/wp-content\/uploads\/2018\/08\/2018_08_21b1.jpg\" class=\"alignnone size-full wp-image-2372\" src=\"http:\/\/www.comuna13online.com.ar\/wp-content\/uploads\/2018\/08\/2018_08_21b1.jpg\" alt=\"\" width=\"678\" height=\"382\" \/><\/p>\n<p>Hace poco m\u00e1s de 15 d\u00edas cuando gracias a un fallo de la justicia, el Gobierno de la Ciudad aument\u00f3 el viaje en subte en un 66,7%, llevando el boleto de 7,50 a 12,50 pesos, ahora buscan que el mismo alcance los $16,50.<\/p>\n<p>El anuncio lo hizo la empresa estatal Subterr\u00e1neos de Buenos Aires, que intentar\u00e1 realizar un incremento similar al llevado a cabo en trenes y colectivos,\u00a0 aumentando el pasaje de a $1 por mes a partir de noviembre noviembre hasta alcanzar los $16,50, lo que representa un incremento del 120% interanual.<\/p>\n<p>En el caso del Premetro el aumento ser\u00eda de $0,50 por mes hasta alcanzar los $6 por viaje.<\/p>\n<p>Ahora el Gobierno de la\u00a0Ciudad\u00a0deber\u00e1 convocar a la audiencia p\u00fablica correspondiente para poder llevar adelante el tarifazo, cabe resaltar que dicha\u00a0audiencia p\u00fablica es obligatoria pero no vinculante.<\/p>\n<p>En el comunicado,\u00a0SBASE asegura que \u00abLa actualizaci\u00f3n responde a la variaci\u00f3n de la tarifa t\u00e9cnica que refleja el costo de la explotaci\u00f3n del servicio.\u00bb\u00a0 adem\u00e1s resalta \u00abla necesidad de equiparar los valores de los diferentes medios de transporte y contribuir con la pol\u00edtica de reducci\u00f3n de subsidios\u00bb.<\/p>\n<p>por \u00faltimo desde la empresa confirmaron que continuar\u00e1 la vigencia del sistema de descuentos para los pasajeros frecuentes y el beneficio de la Red Sube, por combinaci\u00f3n de dos o m\u00e1s medios de transportes.<\/p>\n<p>Tambi\u00e9n continuar\u00e1n\u00a0los pases gratis para jubilados y pensionados, personas con discapacidad, personas trasplantadas o en lista de espera, el boleto estudiantil y los abonos maestro, estudiantil, para alumnos de escuelas secundarias y terciarias y social.<\/p>\n","protected":false},"excerpt":{"rendered":"<div class=\"mh-excerpt\">As\u00ed lo anunci\u00f3 Subterr\u00e1neos de Buenos Aires, el aumento se llevar\u00eda adelante gradualmente a partir de noviembre de $ 1 por mes hasta alcanzar el valor del viaje a $ <a class=\"mh-excerpt-more\" href=\"https:\/\/www.comuna13online.com.ar\/?p=2371\" title=\"Pretenden aumentar nuevamente el subte y llevarlo a $16,50\">[&#8230;]<\/a><\/div>\n","protected":false},"author":1,"featured_media":2373,"comment_status":"closed","ping_status":"closed","sticky":false,"template":"","format":"standard","meta":{"_uag_custom_page_level_css":"","_jetpack_memberships_contains_paid_content":false,"footnotes":"","jetpack_publicize_message":"","jetpack_publicize_feature_enabled":true,"jetpack_social_post_already_shared":true,"jetpack_social_options":{"image_generator_settings":{"template":"highway","default_image_id":0,"font":"","enabled":false},"version":2}},"categories":[14],"tags":[25,16,56,15],"class_list":{"0":"post-2371","1":"post","2":"type-post","3":"status-publish","4":"format-standard","5":"has-post-thumbnail","7":"category-subte","8":"tag-inflacion","9":"tag-subte","10":"tag-tarifas","11":"tag-transporte"},"jetpack_publicize_connections":[],"jetpack_featured_media_url":"https:\/\/www.comuna13online.com.ar\/wp-content\/uploads\/2018\/08\/2018_08_21b.jpg","uagb_featured_image_src":{"full":["https:\/\/www.comuna13online.com.ar\/wp-content\/uploads\/2018\/08\/2018_08_21b.jpg",1030,438,false],"thumbnail":["https:\/\/www.comuna13online.com.ar\/wp-content\/uploads\/2018\/08\/2018_08_21b-150x150.jpg",96,96,true],"medium":["https:\/\/www.comuna13online.com.ar\/wp-content\/uploads\/2018\/08\/2018_08_21b-678x288.jpg",678,288,true],"medium_large":["https:\/\/www.comuna13online.com.ar\/wp-content\/uploads\/2018\/08\/2018_08_21b-768x327.jpg",768,327,true],"large":["https:\/\/www.comuna13online.com.ar\/wp-content\/uploads\/2018\/08\/2018_08_21b.jpg",1030,438,false],"1536x1536":["https:\/\/www.comuna13online.com.ar\/wp-content\/uploads\/2018\/08\/2018_08_21b.jpg",1030,438,false],"2048x2048":["https:\/\/www.comuna13online.com.ar\/wp-content\/uploads\/2018\/08\/2018_08_21b.jpg",1030,438,false],"mh-magazine-slider":["https:\/\/www.comuna13online.com.ar\/wp-content\/uploads\/2018\/08\/2018_08_21b.jpg",1030,438,false],"mh-magazine-content":["https:\/\/www.comuna13online.com.ar\/wp-content\/uploads\/2018\/08\/2018_08_21b-678x381.jpg",678,381,true],"mh-magazine-large":["https:\/\/www.comuna13online.com.ar\/wp-content\/uploads\/2018\/08\/2018_08_21b-678x438.jpg",678,438,true],"mh-magazine-medium":["https:\/\/www.comuna13online.com.ar\/wp-content\/uploads\/2018\/08\/2018_08_21b-326x245.jpg",326,245,true],"mh-magazine-small":["https:\/\/www.comuna13online.com.ar\/wp-content\/uploads\/2018\/08\/2018_08_21b-80x60.jpg",80,60,true],"sow-carousel-default":["https:\/\/www.comuna13online.com.ar\/wp-content\/uploads\/2018\/08\/2018_08_21b-272x182.jpg",272,182,true]},"uagb_author_info":{"display_name":"Comuna13","author_link":"https:\/\/www.comuna13online.com.ar\/?author=1"},"uagb_comment_info":0,"uagb_excerpt":"As\u00ed lo anunci\u00f3 Subterr\u00e1neos de Buenos Aires, el aumento se llevar\u00eda adelante gradualmente a partir de noviembre de $ 1 por mes hasta alcanzar el valor del viaje a $ [...]","jetpack_sharing_enabled":true,"_links":{"self":[{"href":"https:\/\/www.comuna13online.com.ar\/index.php?rest_route=\/wp\/v2\/posts\/2371","targetHints":{"allow":["GET"]}}],"collection":[{"href":"https:\/\/www.comuna13online.com.ar\/index.php?rest_route=\/wp\/v2\/posts"}],"about":[{"href":"https:\/\/www.comuna13online.com.ar\/index.php?rest_route=\/wp\/v2\/types\/post"}],"author":[{"embeddable":true,"href":"https:\/\/www.comuna13online.com.ar\/index.php?rest_route=\/wp\/v2\/users\/1"}],"replies":[{"embeddable":true,"href":"https:\/\/www.comuna13online.com.ar\/index.php?rest_route=%2Fwp%2Fv2%2Fcomments&post=2371"}],"version-history":[{"count":0,"href":"https:\/\/www.comuna13online.com.ar\/index.php?rest_route=\/wp\/v2\/posts\/2371\/revisions"}],"wp:featuredmedia":[{"embeddable":true,"href":"https:\/\/www.comuna13online.com.ar\/index.php?rest_route=\/wp\/v2\/media\/2373"}],"wp:attachment":[{"href":"https:\/\/www.comuna13online.com.ar\/index.php?rest_route=%2Fwp%2Fv2%2Fmedia&parent=2371"}],"wp:term":[{"taxonomy":"category","embeddable":true,"href":"https:\/\/www.comuna13online.com.ar\/index.php?rest_route=%2Fwp%2Fv2%2Fcategories&post=2371"},{"taxonomy":"post_tag","embeddable":true,"href":"https:\/\/www.comuna13online.com.ar\/index.php?rest_route=%2Fwp%2Fv2%2Ftags&post=2371"}],"curies":[{"name":"wp","href":"https:\/\/api.w.org\/{rel}","templated":true}]}}