{"id":2359,"date":"2018-08-17T15:55:43","date_gmt":"2018-08-17T18:55:43","guid":{"rendered":"http:\/\/www.comuna13online.com.ar\/?p=2359"},"modified":"2018-08-17T15:56:59","modified_gmt":"2018-08-17T18:56:59","slug":"homenaje-en-la-legislatura-homenaje","status":"publish","type":"post","link":"https:\/\/www.comuna13online.com.ar\/?p=2359","title":{"rendered":"La Legistatura branda homenaje a Osvaldo Piro"},"content":{"rendered":"<p><strong>En el mes del Tango en Buenos Aires, la Legislatura de la Ciudad realizar\u00e1 un merecido homenaje al maestro, director y compositor Osvaldo Piro, este viernes a las 18 hs.<\/strong><\/p>\n<p>El viernes 17 de agosto a las 18 horas en el mes del Tango en Buenos Aires, la Legislatura de la Ciudad de Buenos Aires realiza el homenaje \u201cCAF\u00c9 CON PIRO\u201d un reportaje abierto a Osvaldo Piro que le realizar\u00e1 Luis Tarantino, miembro de la Academia Nacional del Tango. Nos acompa\u00f1ar\u00e1n tambi\u00e9n sus hijos Ligia y Alfredo Piro, y se presentar\u00e1 con su guitarra Alfredo y luego la pareja de baile integrada por Florencia Z\u00e1rate y Guido Palacios, consagrados campeones mundiales de tango escenario en el a\u00f1o 2013, bailar\u00e1n Octubre. Sal\u00f3n Montevideo, Per\u00fa 160. Entrada libre y gratuita.<\/p>\n<p><img loading=\"lazy\" decoding=\"async\" data-attachment-id=\"2362\" data-permalink=\"https:\/\/www.comuna13online.com.ar\/?attachment_id=2362\" data-orig-file=\"https:\/\/www.comuna13online.com.ar\/wp-content\/uploads\/2018\/08\/20180815c1.jpg\" data-orig-size=\"678,452\" data-comments-opened=\"0\" data-image-meta=\"{&quot;aperture&quot;:&quot;0&quot;,&quot;credit&quot;:&quot;&quot;,&quot;camera&quot;:&quot;&quot;,&quot;caption&quot;:&quot;&quot;,&quot;created_timestamp&quot;:&quot;0&quot;,&quot;copyright&quot;:&quot;&quot;,&quot;focal_length&quot;:&quot;0&quot;,&quot;iso&quot;:&quot;0&quot;,&quot;shutter_speed&quot;:&quot;0&quot;,&quot;title&quot;:&quot;&quot;,&quot;orientation&quot;:&quot;0&quot;}\" data-image-title=\"20180815c1\" data-image-description=\"\" data-image-caption=\"\" data-large-file=\"https:\/\/www.comuna13online.com.ar\/wp-content\/uploads\/2018\/08\/20180815c1-657x438.jpg\" class=\"alignnone size-full wp-image-2362\" src=\"http:\/\/www.comuna13online.com.ar\/wp-content\/uploads\/2018\/08\/20180815c1.jpg\" alt=\"\" width=\"678\" height=\"452\" srcset=\"https:\/\/www.comuna13online.com.ar\/wp-content\/uploads\/2018\/08\/20180815c1.jpg 678w, https:\/\/www.comuna13online.com.ar\/wp-content\/uploads\/2018\/08\/20180815c1-657x438.jpg 657w, https:\/\/www.comuna13online.com.ar\/wp-content\/uploads\/2018\/08\/20180815c1-272x182.jpg 272w\" sizes=\"auto, (max-width: 678px) 100vw, 678px\" \/><\/p>\n<p>Osvaldo Piro es compositor, director, arreglador y bandoneonista. Comenz\u00f3 sus estudios de bandone\u00f3n a los 10 a\u00f1os con el profesor F\u00e9lix Cordisco, m\u00e1s tarde continu\u00f3 su formaci\u00f3n con Domingo Mattio \u2013integrante de la orquesta de su admirado An\u00edbal Troilo\u2013 y a los 16 a\u00f1os se incorpor\u00f3 como bandoneonista a la orquesta de Alfredo Gobbi. Ahijado art\u00edstico de C\u00e1tulo Castillo y An\u00edbal Troilo, quien le hered\u00f3 uno de sus bandoneones y dedic\u00f3 elogios en la portada de su primer long play, tambi\u00e9n integr\u00f3 las orquestas de Ricardo Pedevillla y Fulvio Salamanca.<\/p>\n<p>Actu\u00f3 en Argentina, Am\u00e9rica, Europa y Jap\u00f3n. Compuso m\u00fasica para teatro (Un tal Servando G\u00f3mez, de Samuel Eichelbaum en 1974), programas de TV (El Sur, basado en el cuento de Borges), y cine (Maradona il Napoli, de Bertrand Bloch en 1986). Fue director musical de El patio de la Morocha, elaborado a partir del sainete de C\u00e1tulo Castillo y An\u00edbal Troilo, que estuvo en cartel durante seis meses en el Teatro General San Mart\u00edn de Buenos Aires (1994). Fue director titular de la Orquesta Nacional de M\u00fasica Argentina Juan de Dios Filiberto (entre 1994 y 2000), de la Orquesta Provincial de M\u00fasica Ciudadana (en C\u00f3rdoba entre 2003 y 2009) y dirigi\u00f3 como invitado la Orquesta del Tango de Buenos Aires y la Orquesta Metropolitana de C\u00f3rdoba.<\/p>\n<p>Ha sido distinguido con m\u00faltiples premios a lo largo de su carrera como la Palma de Oro en el Festival de la Falda en C\u00f3rdoba a\u00f1o 1965, Mart\u00edn Fierro a la Revelaci\u00f3n art\u00edstica de APTRA en 1967, al Mejor Int\u00e9rprete premio de SADAIC en 1992 y 1999, Premio a los Creadores Min-On en Tokio 1997 al cabo de una gira por Jap\u00f3n en la que ofreci\u00f3 53 conciertos. En 1995 ya hab\u00eda sido declarado Ciudadano Ilustre de la Ciudad de Buenos Aires por Ordenanza N\u00b0 50.254.<\/p>\n<p>Actualmente sigue componiendo y se presenta con su orquesta y su quinteto en m\u00faltiples encuentros, como el Festival de Tango de Buenos Aires y Mundial de Tango, el Festival Internacional de Tango de Justo Daract en San Luis, el Festival Provincial de Tango en Z\u00e1rate y el Festival Nacional de Tango de La Falda, que hace m\u00e1s de 50 a\u00f1os impuls\u00f3 su carrera art\u00edstica. Su \u00faltimo disco es Misteriosa Buenos Aires, que present\u00f3 en el Festival Nacional de Tango de La Falda y fue nominado como mejor disco de tango en los Premios Gardel del a\u00f1o 2017. Prol\u00edfico compositor, entre sus obras se encuentran \u201cAzul noche\u201d y \u201cOctubre\u201d, cortina del recordado teleteatro Buscavidas.<\/p>\n<p>A sus 81 a\u00f1os Osvaldo Piro no s\u00f3lo es una de las figuras m\u00e1s importantes del tango por su trayectoria, sino tambi\u00e9n porque se encuentra en plena actividad y estado de creaci\u00f3n.<\/p>\n<p>Luis Tarantino es miembro de la Academia Nacional del Tango y conduce desde hace casi 20 a\u00f1os programas en la vieja FM Tango, hoy LA 2&#215;4. Actualmente est\u00e1 a cargo de El Arranque de lunes a viernes de 9 a 12 y en su programa ha tenido oportunidad de entrevistar a Osvaldo Piro en varias ocasiones.<\/p>\n<p>Alfredo Piro es compositor, guitarrista y cantante de vocaci\u00f3n con formaci\u00f3n actoral. Ha realizado cuantiosas giras dentro y fuera de la Argentina. Fue cantante invitado de la Orquesta Nacional de M\u00fasica Argentina actuando en algunas de las salas m\u00e1s importantes del mundo como La Sorbona de Par\u00eds y el teatro Royal de Estocolmo. En diferentes espect\u00e1culos ha cantado a d\u00fao junto a Teresa Parodi, Ligia Piro, Richard Coleman, Horacio Molina, Dolores Sol\u00e1, Lidia Borda, Rub\u00e9n Ju\u00e1rez, Javier Calamaro, Veronika Silva, Palo Pandolfo, Vicente Correa, Mar\u00eda Volont\u00e9 y Ariel Ardit entre otros. Hasta la actualidad lleva editados y producidos seis discos. \u201cBien debute\u201d (1998); \u201cSegundas intenciones\u201d (2004), \u201c\u2026O\u00edr de noche\u201d (2007), \u201cGuitarra Negra;\u00a0 Milongas de la A a la Z\u201d (2010), \u201cUna vuelta mas\u201d (2012) y su nuevo trabajo discogr\u00e1fico \u201cEl Tiempo de los Necios\u201d (2014) del cual es int\u00e9rprete y autor de todos los temas.<\/p>\n<p>Florencia Z\u00e1rate y Guido Palacios Comenzaron a bailar juntos en el 2009 tomando clases con grandes profesores y al poco tiempo ya compart\u00edan escenario con figuras consagradas. En el a\u00f1o 2013 fueron consagrados campeones mundiales de tango escenario y en febrero de 2016 bailaron en una cena privada realizada para homenajear a los integrantes de los Rolling Stones, Mick Jagger y Ron Wood, tras sus exitosas presentaciones en Argentina. En la actualidad trabajan en Esquina Carlos Gardel como bailarines y viajan ofreciendo seminarios, clases y exhibiciones en distintos lugares del mundo.<\/p>\n","protected":false},"excerpt":{"rendered":"<div class=\"mh-excerpt\">En el mes del Tango en Buenos Aires, la Legislatura de la Ciudad realizar\u00e1 un merecido homenaje al maestro, director y compositor Osvaldo Piro, este viernes a las 18 hs. <a class=\"mh-excerpt-more\" href=\"https:\/\/www.comuna13online.com.ar\/?p=2359\" title=\"La Legistatura branda homenaje a Osvaldo Piro\">[&#8230;]<\/a><\/div>\n","protected":false},"author":1,"featured_media":2361,"comment_status":"closed","ping_status":"closed","sticky":false,"template":"","format":"standard","meta":{"_uag_custom_page_level_css":"","_jetpack_memberships_contains_paid_content":false,"footnotes":"","jetpack_publicize_message":"Homenaje en la Legislatura: Homenaje","jetpack_publicize_feature_enabled":true,"jetpack_social_post_already_shared":true,"jetpack_social_options":{"image_generator_settings":{"template":"highway","default_image_id":0,"font":"","enabled":false},"version":2}},"categories":[89],"tags":[139,7,98,146],"class_list":{"0":"post-2359","1":"post","2":"type-post","3":"status-publish","4":"format-standard","5":"has-post-thumbnail","7":"category-musica","8":"tag-ciclo-musica-clasica","9":"tag-legislatura","10":"tag-musica","11":"tag-reconocimiento"},"jetpack_publicize_connections":[],"jetpack_featured_media_url":"https:\/\/www.comuna13online.com.ar\/wp-content\/uploads\/2018\/08\/20180815c.jpg","uagb_featured_image_src":{"full":["https:\/\/www.comuna13online.com.ar\/wp-content\/uploads\/2018\/08\/20180815c.jpg",1030,438,false],"thumbnail":["https:\/\/www.comuna13online.com.ar\/wp-content\/uploads\/2018\/08\/20180815c-150x150.jpg",96,96,true],"medium":["https:\/\/www.comuna13online.com.ar\/wp-content\/uploads\/2018\/08\/20180815c-678x288.jpg",678,288,true],"medium_large":["https:\/\/www.comuna13online.com.ar\/wp-content\/uploads\/2018\/08\/20180815c-768x327.jpg",768,327,true],"large":["https:\/\/www.comuna13online.com.ar\/wp-content\/uploads\/2018\/08\/20180815c.jpg",1030,438,false],"1536x1536":["https:\/\/www.comuna13online.com.ar\/wp-content\/uploads\/2018\/08\/20180815c.jpg",1030,438,false],"2048x2048":["https:\/\/www.comuna13online.com.ar\/wp-content\/uploads\/2018\/08\/20180815c.jpg",1030,438,false],"mh-magazine-slider":["https:\/\/www.comuna13online.com.ar\/wp-content\/uploads\/2018\/08\/20180815c.jpg",1030,438,false],"mh-magazine-content":["https:\/\/www.comuna13online.com.ar\/wp-content\/uploads\/2018\/08\/20180815c-678x381.jpg",678,381,true],"mh-magazine-large":["https:\/\/www.comuna13online.com.ar\/wp-content\/uploads\/2018\/08\/20180815c-678x438.jpg",678,438,true],"mh-magazine-medium":["https:\/\/www.comuna13online.com.ar\/wp-content\/uploads\/2018\/08\/20180815c-326x245.jpg",326,245,true],"mh-magazine-small":["https:\/\/www.comuna13online.com.ar\/wp-content\/uploads\/2018\/08\/20180815c-80x60.jpg",80,60,true],"sow-carousel-default":["https:\/\/www.comuna13online.com.ar\/wp-content\/uploads\/2018\/08\/20180815c-272x182.jpg",272,182,true]},"uagb_author_info":{"display_name":"Comuna13","author_link":"https:\/\/www.comuna13online.com.ar\/?author=1"},"uagb_comment_info":0,"uagb_excerpt":"En el mes del Tango en Buenos Aires, la Legislatura de la Ciudad realizar\u00e1 un merecido homenaje al maestro, director y compositor Osvaldo Piro, este viernes a las 18 hs. [...]","jetpack_sharing_enabled":true,"_links":{"self":[{"href":"https:\/\/www.comuna13online.com.ar\/index.php?rest_route=\/wp\/v2\/posts\/2359","targetHints":{"allow":["GET"]}}],"collection":[{"href":"https:\/\/www.comuna13online.com.ar\/index.php?rest_route=\/wp\/v2\/posts"}],"about":[{"href":"https:\/\/www.comuna13online.com.ar\/index.php?rest_route=\/wp\/v2\/types\/post"}],"author":[{"embeddable":true,"href":"https:\/\/www.comuna13online.com.ar\/index.php?rest_route=\/wp\/v2\/users\/1"}],"replies":[{"embeddable":true,"href":"https:\/\/www.comuna13online.com.ar\/index.php?rest_route=%2Fwp%2Fv2%2Fcomments&post=2359"}],"version-history":[{"count":0,"href":"https:\/\/www.comuna13online.com.ar\/index.php?rest_route=\/wp\/v2\/posts\/2359\/revisions"}],"wp:featuredmedia":[{"embeddable":true,"href":"https:\/\/www.comuna13online.com.ar\/index.php?rest_route=\/wp\/v2\/media\/2361"}],"wp:attachment":[{"href":"https:\/\/www.comuna13online.com.ar\/index.php?rest_route=%2Fwp%2Fv2%2Fmedia&parent=2359"}],"wp:term":[{"taxonomy":"category","embeddable":true,"href":"https:\/\/www.comuna13online.com.ar\/index.php?rest_route=%2Fwp%2Fv2%2Fcategories&post=2359"},{"taxonomy":"post_tag","embeddable":true,"href":"https:\/\/www.comuna13online.com.ar\/index.php?rest_route=%2Fwp%2Fv2%2Ftags&post=2359"}],"curies":[{"name":"wp","href":"https:\/\/api.w.org\/{rel}","templated":true}]}}