{"id":2331,"date":"2018-08-18T11:00:09","date_gmt":"2018-08-18T14:00:09","guid":{"rendered":"http:\/\/www.comuna13online.com.ar\/?p=2331"},"modified":"2018-08-21T14:52:45","modified_gmt":"2018-08-21T17:52:45","slug":"cortes-de-transito-en-la-zona-del-monumental-por-el-partido-river-belgrano","status":"publish","type":"post","link":"https:\/\/www.comuna13online.com.ar\/?p=2331","title":{"rendered":"Cortes de tr\u00e1nsito en la zona del Monumental por el partido River \u2013 Belgrano"},"content":{"rendered":"<p><strong>El Gobierno porte\u00f1o dio a conocer el esquema de cortes en las inmediaciones del estadio Monumental por el partido de la Superliga entre River y Belgrano a las 20 horas.<\/strong><\/p>\n<p><img loading=\"lazy\" decoding=\"async\" data-attachment-id=\"2334\" data-permalink=\"https:\/\/www.comuna13online.com.ar\/?attachment_id=2334\" data-orig-file=\"https:\/\/www.comuna13online.com.ar\/wp-content\/uploads\/2018\/08\/mapa-river1.jpg\" data-orig-size=\"677,288\" data-comments-opened=\"0\" data-image-meta=\"{&quot;aperture&quot;:&quot;0&quot;,&quot;credit&quot;:&quot;&quot;,&quot;camera&quot;:&quot;&quot;,&quot;caption&quot;:&quot;&quot;,&quot;created_timestamp&quot;:&quot;0&quot;,&quot;copyright&quot;:&quot;&quot;,&quot;focal_length&quot;:&quot;0&quot;,&quot;iso&quot;:&quot;0&quot;,&quot;shutter_speed&quot;:&quot;0&quot;,&quot;title&quot;:&quot;&quot;,&quot;orientation&quot;:&quot;0&quot;}\" data-image-title=\"mapa-river1\" data-image-description=\"\" data-image-caption=\"\" data-large-file=\"https:\/\/www.comuna13online.com.ar\/wp-content\/uploads\/2018\/08\/mapa-river1.jpg\" class=\"size-full wp-image-2334 aligncenter\" src=\"http:\/\/www.comuna13online.com.ar\/wp-content\/uploads\/2018\/08\/mapa-river1.jpg\" alt=\"\" width=\"677\" height=\"288\" \/><\/p>\n<p>Con motivo del encuentro de que disputar\u00e1 hoy el Club Atl\u00e9tico River Plate y Belgrano de C\u00f3rdoba por la segunda fecha de la Superliga Argentina, la Direcci\u00f3n de Tr\u00e1nsito del Gobierno de la Ciudad inform\u00f3 las interrupciones en el tr\u00e1nsito que se realizar\u00e1n en el per\u00edmetro cercano al estadio Monumental.<\/p>\n<p>Entre las 18 y hasta por lo menos las 22 horas, habr\u00e1 un fuerte operativo de control con personal de la Polic\u00eda de la Ciudad y Agentes de Tr\u00e1nsito, se prohibir\u00e1 el acceso veh\u00edculos al per\u00edmetro delimitado por las Avenidas Udaondo, Libertador, Figueroa Alcorta y Monroe.<\/p>\n<p>Se recomienda evitar la zona y utilizar como alternativas a la Av. Libertador, la Av. Cabildo o la Av. Cantilo y en lugar de Monroe circular por La Pampa.<\/p>\n<div align=\"center\">\n<p><img loading=\"lazy\" decoding=\"async\" data-attachment-id=\"2335\" data-permalink=\"https:\/\/www.comuna13online.com.ar\/?attachment_id=2335\" data-orig-file=\"https:\/\/www.comuna13online.com.ar\/wp-content\/uploads\/2018\/08\/mapa-monumental.jpg\" data-orig-size=\"678,443\" data-comments-opened=\"0\" data-image-meta=\"{&quot;aperture&quot;:&quot;0&quot;,&quot;credit&quot;:&quot;&quot;,&quot;camera&quot;:&quot;&quot;,&quot;caption&quot;:&quot;&quot;,&quot;created_timestamp&quot;:&quot;0&quot;,&quot;copyright&quot;:&quot;&quot;,&quot;focal_length&quot;:&quot;0&quot;,&quot;iso&quot;:&quot;0&quot;,&quot;shutter_speed&quot;:&quot;0&quot;,&quot;title&quot;:&quot;&quot;,&quot;orientation&quot;:&quot;0&quot;}\" data-image-title=\"mapa-monumental\" data-image-description=\"\" data-image-caption=\"\" data-large-file=\"https:\/\/www.comuna13online.com.ar\/wp-content\/uploads\/2018\/08\/mapa-monumental-670x438.jpg\" class=\"alignnone size-full wp-image-2335\" src=\"http:\/\/www.comuna13online.com.ar\/wp-content\/uploads\/2018\/08\/mapa-monumental.jpg\" alt=\"\" width=\"678\" height=\"443\" srcset=\"https:\/\/www.comuna13online.com.ar\/wp-content\/uploads\/2018\/08\/mapa-monumental.jpg 678w, https:\/\/www.comuna13online.com.ar\/wp-content\/uploads\/2018\/08\/mapa-monumental-670x438.jpg 670w\" sizes=\"auto, (max-width: 678px) 100vw, 678px\" \/><\/p>\n<\/div>\n","protected":false},"excerpt":{"rendered":"<div class=\"mh-excerpt\">El Gobierno porte\u00f1o dio a conocer el esquema de cortes en las inmediaciones del estadio Monumental por el partido de la Superliga entre River y Belgrano a las 20 horas. <a class=\"mh-excerpt-more\" href=\"https:\/\/www.comuna13online.com.ar\/?p=2331\" title=\"Cortes de tr\u00e1nsito en la zona del Monumental por el partido River \u2013 Belgrano\">[&#8230;]<\/a><\/div>\n","protected":false},"author":1,"featured_media":1540,"comment_status":"closed","ping_status":"closed","sticky":false,"template":"","format":"standard","meta":{"_uag_custom_page_level_css":"","_jetpack_memberships_contains_paid_content":false,"footnotes":"","jetpack_publicize_message":"","jetpack_publicize_feature_enabled":true,"jetpack_social_post_already_shared":true,"jetpack_social_options":{"image_generator_settings":{"template":"highway","default_image_id":0,"font":"","enabled":false},"version":2}},"categories":[53],"tags":[19,175,54],"class_list":{"0":"post-2331","1":"post","2":"type-post","3":"status-publish","4":"format-standard","5":"has-post-thumbnail","7":"category-transito","8":"tag-comuna-13","9":"tag-river","10":"tag-transito"},"jetpack_publicize_connections":[],"jetpack_featured_media_url":"https:\/\/www.comuna13online.com.ar\/wp-content\/uploads\/2018\/05\/20180514a.jpg","uagb_featured_image_src":{"full":["https:\/\/www.comuna13online.com.ar\/wp-content\/uploads\/2018\/05\/20180514a.jpg",1030,438,false],"thumbnail":["https:\/\/www.comuna13online.com.ar\/wp-content\/uploads\/2018\/05\/20180514a-150x150.jpg",96,96,true],"medium":["https:\/\/www.comuna13online.com.ar\/wp-content\/uploads\/2018\/05\/20180514a-678x288.jpg",678,288,true],"medium_large":["https:\/\/www.comuna13online.com.ar\/wp-content\/uploads\/2018\/05\/20180514a-768x327.jpg",768,327,true],"large":["https:\/\/www.comuna13online.com.ar\/wp-content\/uploads\/2018\/05\/20180514a.jpg",1030,438,false],"1536x1536":["https:\/\/www.comuna13online.com.ar\/wp-content\/uploads\/2018\/05\/20180514a.jpg",1030,438,false],"2048x2048":["https:\/\/www.comuna13online.com.ar\/wp-content\/uploads\/2018\/05\/20180514a.jpg",1030,438,false],"mh-magazine-slider":["https:\/\/www.comuna13online.com.ar\/wp-content\/uploads\/2018\/05\/20180514a.jpg",1030,438,false],"mh-magazine-content":["https:\/\/www.comuna13online.com.ar\/wp-content\/uploads\/2018\/05\/20180514a-678x381.jpg",678,381,true],"mh-magazine-large":["https:\/\/www.comuna13online.com.ar\/wp-content\/uploads\/2018\/05\/20180514a-678x438.jpg",678,438,true],"mh-magazine-medium":["https:\/\/www.comuna13online.com.ar\/wp-content\/uploads\/2018\/05\/20180514a-326x245.jpg",326,245,true],"mh-magazine-small":["https:\/\/www.comuna13online.com.ar\/wp-content\/uploads\/2018\/05\/20180514a-80x60.jpg",80,60,true],"sow-carousel-default":["https:\/\/www.comuna13online.com.ar\/wp-content\/uploads\/2018\/05\/20180514a-272x182.jpg",272,182,true]},"uagb_author_info":{"display_name":"Comuna13","author_link":"https:\/\/www.comuna13online.com.ar\/?author=1"},"uagb_comment_info":0,"uagb_excerpt":"El Gobierno porte\u00f1o dio a conocer el esquema de cortes en las inmediaciones del estadio Monumental por el partido de la Superliga entre River y Belgrano a las 20 horas. [...]","jetpack_sharing_enabled":true,"_links":{"self":[{"href":"https:\/\/www.comuna13online.com.ar\/index.php?rest_route=\/wp\/v2\/posts\/2331","targetHints":{"allow":["GET"]}}],"collection":[{"href":"https:\/\/www.comuna13online.com.ar\/index.php?rest_route=\/wp\/v2\/posts"}],"about":[{"href":"https:\/\/www.comuna13online.com.ar\/index.php?rest_route=\/wp\/v2\/types\/post"}],"author":[{"embeddable":true,"href":"https:\/\/www.comuna13online.com.ar\/index.php?rest_route=\/wp\/v2\/users\/1"}],"replies":[{"embeddable":true,"href":"https:\/\/www.comuna13online.com.ar\/index.php?rest_route=%2Fwp%2Fv2%2Fcomments&post=2331"}],"version-history":[{"count":0,"href":"https:\/\/www.comuna13online.com.ar\/index.php?rest_route=\/wp\/v2\/posts\/2331\/revisions"}],"wp:featuredmedia":[{"embeddable":true,"href":"https:\/\/www.comuna13online.com.ar\/index.php?rest_route=\/wp\/v2\/media\/1540"}],"wp:attachment":[{"href":"https:\/\/www.comuna13online.com.ar\/index.php?rest_route=%2Fwp%2Fv2%2Fmedia&parent=2331"}],"wp:term":[{"taxonomy":"category","embeddable":true,"href":"https:\/\/www.comuna13online.com.ar\/index.php?rest_route=%2Fwp%2Fv2%2Fcategories&post=2331"},{"taxonomy":"post_tag","embeddable":true,"href":"https:\/\/www.comuna13online.com.ar\/index.php?rest_route=%2Fwp%2Fv2%2Ftags&post=2331"}],"curies":[{"name":"wp","href":"https:\/\/api.w.org\/{rel}","templated":true}]}}