{"id":2322,"date":"2018-08-16T07:00:21","date_gmt":"2018-08-16T10:00:21","guid":{"rendered":"http:\/\/www.comuna13online.com.ar\/?p=2322"},"modified":"2018-09-06T13:29:56","modified_gmt":"2018-09-06T16:29:56","slug":"los-trabajadores-del-subte-anunciaron-miniparo-y-apertura-de-molinetes","status":"publish","type":"post","link":"https:\/\/www.comuna13online.com.ar\/?p=2322","title":{"rendered":"Los trabajadores del Subte anunciaron miniparo y apertura de molinetes para ma\u00f1ana"},"content":{"rendered":"<p><strong>La medida de fuerza afectar\u00e1 todas L\u00edneas y Premetro, el servicio parar\u00e1 de 12 a 13 horas y la se liberar\u00e1n molinetes se en dos horarios en las estaciones Cabecera.<\/strong><\/p>\n<p><img loading=\"lazy\" decoding=\"async\" data-attachment-id=\"1180\" data-permalink=\"https:\/\/www.comuna13online.com.ar\/?attachment_id=1180\" data-orig-file=\"https:\/\/www.comuna13online.com.ar\/wp-content\/uploads\/2018\/04\/20180416a.jpg\" data-orig-size=\"1030,438\" data-comments-opened=\"0\" data-image-meta=\"{&quot;aperture&quot;:&quot;0&quot;,&quot;credit&quot;:&quot;&quot;,&quot;camera&quot;:&quot;&quot;,&quot;caption&quot;:&quot;&quot;,&quot;created_timestamp&quot;:&quot;0&quot;,&quot;copyright&quot;:&quot;&quot;,&quot;focal_length&quot;:&quot;0&quot;,&quot;iso&quot;:&quot;0&quot;,&quot;shutter_speed&quot;:&quot;0&quot;,&quot;title&quot;:&quot;&quot;,&quot;orientation&quot;:&quot;0&quot;}\" data-image-title=\"20180416a\" data-image-description=\"\" data-image-caption=\"\" data-large-file=\"https:\/\/www.comuna13online.com.ar\/wp-content\/uploads\/2018\/04\/20180416a.jpg\" class=\"alignnone wp-image-1180 size-medium\" src=\"http:\/\/www.comuna13online.com.ar\/wp-content\/uploads\/2018\/04\/20180416a-678x288.jpg\" alt=\"\" width=\"678\" height=\"288\" srcset=\"https:\/\/www.comuna13online.com.ar\/wp-content\/uploads\/2018\/04\/20180416a-678x288.jpg 678w, https:\/\/www.comuna13online.com.ar\/wp-content\/uploads\/2018\/04\/20180416a-768x327.jpg 768w, https:\/\/www.comuna13online.com.ar\/wp-content\/uploads\/2018\/04\/20180416a.jpg 1030w\" sizes=\"auto, (max-width: 678px) 100vw, 678px\" \/><\/p>\n<p>A trav\u00e9s de un comunicado, la Asociaci\u00f3n Gremial de Trabajadores del Subte y Premetro (AGTSyP) anunci\u00f3 medidas de autodefensa para el\u00a0 pr\u00f3ximo viernes 17 de agosto en reclamo al Gobierno de la Ciudad \u00abdebido a la intransigencia del Gobierno de la Ciuad de Buenos Aires de no atender los reclamos por paritarias&#8230;\u00bb<\/p>\n<h4>La medida de fuerza consisten en un miniparo en las seis l\u00edneas de subte y Premetroy apertura de molinetes:<\/h4>\n<ul>\n<li><strong>Paro total en las 6 L\u00edneas<\/strong>: Viernes de 13 a 14 horas<\/li>\n<li><strong>Apertura de molinetes<\/strong>:\u00a0 En las todas las cabeceras de las l\u00edneas 12 a 13 y de 14 a 15 horas.<\/li>\n<\/ul>\n<p>\u00abRecordamos que el Gobierno de la Ciudad cerr\u00f3 abruptamente las paritarias en un 13%, que con la inflaci\u00f3n de hoy d\u00eda no alcanza para nada\u00bb advierte el comunicado.<\/p>\n<p>Por \u00faltimo los trabajadores del subte llaman a la reflexi\u00f3n al Gobierno y a Metrov\u00edas sobre su comportamiento ante el conflicto y expresan su voluntad al dialogo que lleve a una soluci\u00f3n, as\u00ed mismo pide disculpas a los usuarios \u00abpor las molestias que podamos ocasionar\u00bb concluye el texto.<\/p>\n<p>El comunicado fue emitido el pasado mi\u00e9rcoles 15 de agosto y lleva la firma del Secretario General de\u00a0AGTSyP, Roberto Pianelli y del Secretario Adjunto N\u00e9stor Segovia.<\/p>\n<p>Cabe recordar que en junio pasado un fallo judicial orden\u00f3 al Gobierno de la Ciudad volver a debatir paritarias y al los Metrodelegados suspender las medidas de fuerza durante el trascurso de las negociaciones. Adem\u00e1s dispuso\u00a0dejar sin efecto las sanciones aplicadas a empleados (hubo 194 suspendidos y 3 despidos) por sumarse a las medidas de fuerza.<\/p>\n<p>El Gobierno de Horacio Rodr\u00edguez Larreta hace o\u00eddos sordos al reclamo\u00a0 y no est\u00e1 en la agenda por el momento la reapertura de la negociaci\u00f3n m\u00e1s all\u00e1 del fallo judicial.<\/p>\n","protected":false},"excerpt":{"rendered":"<div class=\"mh-excerpt\">La medida de fuerza afectar\u00e1 todas L\u00edneas y Premetro, el servicio parar\u00e1 de 12 a 13 horas y la se liberar\u00e1n molinetes se en dos horarios en las estaciones Cabecera. <a class=\"mh-excerpt-more\" href=\"https:\/\/www.comuna13online.com.ar\/?p=2322\" title=\"Los trabajadores del Subte anunciaron miniparo y apertura de molinetes para ma\u00f1ana\">[&#8230;]<\/a><\/div>\n","protected":false},"author":1,"featured_media":2323,"comment_status":"closed","ping_status":"closed","sticky":false,"template":"","format":"standard","meta":{"_uag_custom_page_level_css":"","_jetpack_memberships_contains_paid_content":false,"footnotes":"","jetpack_publicize_message":"","jetpack_publicize_feature_enabled":true,"jetpack_social_post_already_shared":true,"jetpack_social_options":{"image_generator_settings":{"template":"highway","default_image_id":0,"font":"","enabled":false},"version":2}},"categories":[14],"tags":[123,16,15],"class_list":{"0":"post-2322","1":"post","2":"type-post","3":"status-publish","4":"format-standard","5":"has-post-thumbnail","7":"category-subte","8":"tag-paro","9":"tag-subte","10":"tag-transporte"},"jetpack_publicize_connections":[],"jetpack_featured_media_url":"https:\/\/www.comuna13online.com.ar\/wp-content\/uploads\/2018\/08\/2018_08_16a.jpg","uagb_featured_image_src":{"full":["https:\/\/www.comuna13online.com.ar\/wp-content\/uploads\/2018\/08\/2018_08_16a.jpg",1030,438,false],"thumbnail":["https:\/\/www.comuna13online.com.ar\/wp-content\/uploads\/2018\/08\/2018_08_16a-150x150.jpg",96,96,true],"medium":["https:\/\/www.comuna13online.com.ar\/wp-content\/uploads\/2018\/08\/2018_08_16a-678x288.jpg",678,288,true],"medium_large":["https:\/\/www.comuna13online.com.ar\/wp-content\/uploads\/2018\/08\/2018_08_16a-768x327.jpg",768,327,true],"large":["https:\/\/www.comuna13online.com.ar\/wp-content\/uploads\/2018\/08\/2018_08_16a.jpg",1030,438,false],"1536x1536":["https:\/\/www.comuna13online.com.ar\/wp-content\/uploads\/2018\/08\/2018_08_16a.jpg",1030,438,false],"2048x2048":["https:\/\/www.comuna13online.com.ar\/wp-content\/uploads\/2018\/08\/2018_08_16a.jpg",1030,438,false],"mh-magazine-slider":["https:\/\/www.comuna13online.com.ar\/wp-content\/uploads\/2018\/08\/2018_08_16a.jpg",1030,438,false],"mh-magazine-content":["https:\/\/www.comuna13online.com.ar\/wp-content\/uploads\/2018\/08\/2018_08_16a-678x381.jpg",678,381,true],"mh-magazine-large":["https:\/\/www.comuna13online.com.ar\/wp-content\/uploads\/2018\/08\/2018_08_16a-678x438.jpg",678,438,true],"mh-magazine-medium":["https:\/\/www.comuna13online.com.ar\/wp-content\/uploads\/2018\/08\/2018_08_16a-326x245.jpg",326,245,true],"mh-magazine-small":["https:\/\/www.comuna13online.com.ar\/wp-content\/uploads\/2018\/08\/2018_08_16a-80x60.jpg",80,60,true],"sow-carousel-default":["https:\/\/www.comuna13online.com.ar\/wp-content\/uploads\/2018\/08\/2018_08_16a-272x182.jpg",272,182,true]},"uagb_author_info":{"display_name":"Comuna13","author_link":"https:\/\/www.comuna13online.com.ar\/?author=1"},"uagb_comment_info":0,"uagb_excerpt":"La medida de fuerza afectar\u00e1 todas L\u00edneas y Premetro, el servicio parar\u00e1 de 12 a 13 horas y la se liberar\u00e1n molinetes se en dos horarios en las estaciones Cabecera. [...]","jetpack_sharing_enabled":true,"_links":{"self":[{"href":"https:\/\/www.comuna13online.com.ar\/index.php?rest_route=\/wp\/v2\/posts\/2322","targetHints":{"allow":["GET"]}}],"collection":[{"href":"https:\/\/www.comuna13online.com.ar\/index.php?rest_route=\/wp\/v2\/posts"}],"about":[{"href":"https:\/\/www.comuna13online.com.ar\/index.php?rest_route=\/wp\/v2\/types\/post"}],"author":[{"embeddable":true,"href":"https:\/\/www.comuna13online.com.ar\/index.php?rest_route=\/wp\/v2\/users\/1"}],"replies":[{"embeddable":true,"href":"https:\/\/www.comuna13online.com.ar\/index.php?rest_route=%2Fwp%2Fv2%2Fcomments&post=2322"}],"version-history":[{"count":0,"href":"https:\/\/www.comuna13online.com.ar\/index.php?rest_route=\/wp\/v2\/posts\/2322\/revisions"}],"wp:featuredmedia":[{"embeddable":true,"href":"https:\/\/www.comuna13online.com.ar\/index.php?rest_route=\/wp\/v2\/media\/2323"}],"wp:attachment":[{"href":"https:\/\/www.comuna13online.com.ar\/index.php?rest_route=%2Fwp%2Fv2%2Fmedia&parent=2322"}],"wp:term":[{"taxonomy":"category","embeddable":true,"href":"https:\/\/www.comuna13online.com.ar\/index.php?rest_route=%2Fwp%2Fv2%2Fcategories&post=2322"},{"taxonomy":"post_tag","embeddable":true,"href":"https:\/\/www.comuna13online.com.ar\/index.php?rest_route=%2Fwp%2Fv2%2Ftags&post=2322"}],"curies":[{"name":"wp","href":"https:\/\/api.w.org\/{rel}","templated":true}]}}