{"id":21685,"date":"2026-09-03T05:20:00","date_gmt":"2026-09-03T08:20:00","guid":{"rendered":"https:\/\/www.comuna13online.com.ar\/?p=21685"},"modified":"2026-09-03T17:41:29","modified_gmt":"2026-09-03T20:41:29","slug":"lopez-zavaleta-es-el-nuevo-fiscal-general-y-muinos-renueva-en-la-defensoria-del-pueblo","status":"publish","type":"post","link":"https:\/\/www.comuna13online.com.ar\/?p=21685","title":{"rendered":"L\u00f3pez Zavaleta es el nuevo Fiscal General y Mui\u00f1os renueva en la Defensor\u00eda del Pueblo"},"content":{"rendered":"\n<p class=\"wp-block-paragraph\"><strong>Tras un amplio acuerdo parlamentario entre los principales bloques, Mart\u00edn L\u00f3pez Zavaleta asumi\u00f3 como nuevo Fiscal General de la Ciudad y Mar\u00eda Rosa Mui\u00f1os renov\u00f3 su mandato en la Defensor\u00eda.<\/strong><\/p>\n\n\n\n<figure class=\"wp-block-image size-full\"><img loading=\"lazy\" decoding=\"async\" width=\"678\" height=\"381\" data-attachment-id=\"21687\" data-permalink=\"https:\/\/www.comuna13online.com.ar\/?attachment_id=21687\" data-orig-file=\"https:\/\/www.comuna13online.com.ar\/wp-content\/uploads\/2026\/09\/2026-09-03b_01.jpg\" data-orig-size=\"678,381\" data-comments-opened=\"0\" data-image-title=\"2026-09-03b_01\" data-image-description=\"\" data-image-caption=\"\" data-large-file=\"https:\/\/www.comuna13online.com.ar\/wp-content\/uploads\/2026\/09\/2026-09-03b_01.jpg\" src=\"https:\/\/www.comuna13online.com.ar\/wp-content\/uploads\/2026\/09\/2026-09-03b_01.jpg\" alt=\"\" class=\"wp-image-21687\"\/><\/figure>\n\n\n\n<div style=\"height:20px\" aria-hidden=\"true\" class=\"wp-block-spacer\"><\/div>\n\n\n\n<p class=\"wp-block-paragraph\">En una sesi\u00f3n clave marcada por los consensos transversales, la Legislatura de la Ciudad de Buenos Aires formaliz\u00f3 el reparto de cargos de las m\u00e1ximas estructuras institucionales del distrito. Tras meses de negociaciones que comenzaron en el primer semestre del a\u00f1o, el oficialismo del Pro, junto a sectores del Partido Justicialista (PJ) y La Libertad Avanza (LLA), unieron fuerzas para destrabar los pliegos de los organismos de control porte\u00f1os.<\/p>\n\n\n\n<p class=\"wp-block-paragraph\">El primer gran hito de la jornada parlamentaria fue la designaci\u00f3n definitiva de <strong>Javier Mart\u00edn L\u00f3pez Zavaleta<\/strong> como <strong>Fiscal General de la Ciudad<\/strong>, al frente del Ministerio P\u00fablico Fiscal. L\u00f3pez Zavaleta ven\u00eda desempe\u00f1\u00e1ndose de manera interina en ese rol tras la salida de Juan Bautista Mahiques, quien dej\u00f3 su puesto para asumir al frente del Ministerio de Justicia de la Naci\u00f3n. Su postulaci\u00f3n, impulsada formalmente por el jefe de Gobierno, cosech\u00f3 un contundente respaldo de <strong>51 votos a favor<\/strong> y apenas 6 en contra (cuatro del PJ y dos del Frente de Izquierda), convirti\u00e9ndose en la designaci\u00f3n m\u00e1s votada de la historia para este cargo.<\/p>\n\n\n\n<p class=\"wp-block-paragraph\">L\u00f3pez Zavaleta cuenta con 27 a\u00f1os de trayectoria dentro de la estructura judicial capitalina. Es egresado de la Universidad de Buenos Aires (UBA) con un posgrado en Ciberdelincuencia de la Universidad de Catalu\u00f1a, e ingres\u00f3 al organismo en 1999. Con este nombramiento, se transforma en el primer Fiscal General formado completamente en la propia Justicia porte\u00f1a y en el primero surgido desde la primera instancia en liderar la instituci\u00f3n. Durante su postulaci\u00f3n, fij\u00f3 seis ejes estrat\u00e9gicos enfocados en el acceso a la justicia, la protecci\u00f3n integral de las v\u00edctimas y la culminaci\u00f3n del proceso de autonom\u00eda judicial del distrito.<\/p>\n\n\n\n<p class=\"wp-block-paragraph\">De forma paralela, el cuerpo legislativo ratific\u00f3 la continuidad de <strong><strong>Mar\u00eda Rosa Mui\u00f1os<\/strong><\/strong> al frente de la <strong>Defensor\u00eda del Pueblo<\/strong>. El mandato de Mui\u00f1os fue renovado luego de consolidarse los acuerdos en la mesa chica del poder pol\u00edtico porte\u00f1o, articulados principalmente entre el ex presidente de Boca Juniors, Daniel Angelici, y el hist\u00f3rico dirigente del peronismo porte\u00f1o, Juan Manuel Olmos.<\/p>\n\n\n\n<div style=\"height:20px\" aria-hidden=\"true\" class=\"wp-block-spacer\"><\/div>\n\n\n\n<div align=\"center\">\n<blockquote class=\"twitter-tweet\"><p lang=\"es\" dir=\"ltr\">\ud83c\udfdb\ufe0f Durante una sesi\u00f3n especial, los legisladores de la Ciudad designaron a Mart\u00edn L\u00f3pez Zavaleta como Fiscal General del Ministerio P\u00fablico y a Mar\u00eda Rosa Mui\u00f1os como Defensora del Pueblo de la Ciudad, junto a sus defensores adjuntos. <a href=\"https:\/\/t.co\/0xvLpx8VuY\">pic.twitter.com\/0xvLpx8VuY<\/a><\/p>&mdash; Legislatura CABA (@LegisCABA) <a href=\"https:\/\/x.com\/LegisCABA\/status\/2095582158135931257?ref_src=twsrc%5Etfw\">September 3, 2026<\/a><\/blockquote> <script async src=\"https:\/\/platform.x.com\/widgets.js\" charset=\"utf-8\"><\/script>\n<\/div>\n\n\n\n<div style=\"height:20px\" aria-hidden=\"true\" class=\"wp-block-spacer\"><\/div>\n\n\n\n<p class=\"wp-block-paragraph\">La negociaci\u00f3n de los pliegos no solo abarc\u00f3 las cabezas de las \u00e1reas, sino que tambi\u00e9n incluy\u00f3 una exhaustiva distribuci\u00f3n de las cinco defensor\u00edas adjuntas para garantizar la representaci\u00f3n de las distintas fuerzas parlamentarias:<\/p>\n\n\n\n<ul class=\"wp-block-list\">\n<li><strong>La Libertad Avanza (LLA):<\/strong> El bloque conducido por Pilar Ram\u00edrez logr\u00f3 incorporar a dos representantes directas con aval de la Casa Rosada: <strong>Mar\u00eda Graciela Giorgione<\/strong> y <strong>Giselle Furcada<\/strong>. [<a href=\"https:\/\/www.lanacion.com.ar\/politica\/legislatura-portena-pro-el-pj-y-los-libertarios-pactaron-el-reemplazo-de-mahiques-como-fiscal-nid03092026\/\">1<\/a>]<\/li>\n\n\n\n<li><strong>Uni\u00f3n C\u00edvica Radical (UCR):<\/strong> El radicalismo porte\u00f1o retuvo su espacio en las adjunt\u00edas posicionando nuevamente a <strong>Daniel Palmiotti<\/strong>.<\/li>\n\n\n\n<li><strong>Pro y sectores aliados:<\/strong> Las dos dependencias restantes quedaron en manos de <strong>Alejandro Arndt<\/strong> (en representaci\u00f3n del Pro) y <strong><u><strong>Gabriel Fuks<\/strong><\/u><\/strong> (vinculado al sector del peronismo).<\/li>\n<\/ul>\n\n\n\n<p class=\"wp-block-paragraph\">Este amplio acuerdo consolida un nuevo mapa de poder institucional en la Capital Federal. De esta manera, el Pro y el PJ ratifican sus posiciones estrat\u00e9gicas primarias, al mismo tiempo que se formaliza el avance de La Libertad Avanza dentro de las estructuras de control de la Ciudad<\/p>\n","protected":false},"excerpt":{"rendered":"<div class=\"mh-excerpt\">Tras un amplio acuerdo parlamentario entre los principales bloques, Mart\u00edn L\u00f3pez Zavaleta asumi\u00f3 como nuevo Fiscal General de la Ciudad y Mar\u00eda Rosa Mui\u00f1os renov\u00f3 su mandato en la Defensor\u00eda. <a class=\"mh-excerpt-more\" href=\"https:\/\/www.comuna13online.com.ar\/?p=21685\" title=\"L\u00f3pez Zavaleta es el nuevo Fiscal General y Mui\u00f1os renueva en la Defensor\u00eda del Pueblo\">[&#8230;]<\/a><\/div>\n","protected":false},"author":1,"featured_media":21686,"comment_status":"closed","ping_status":"closed","sticky":false,"template":"","format":"standard","meta":{"_uag_custom_page_level_css":"","_jetpack_newsletter_access":"","_jetpack_dont_email_post_to_subs":false,"_jetpack_newsletter_tier_id":0,"_jetpack_memberships_contains_paywalled_content":false,"_jetpack_feature_clip_id":0,"_jetpack_memberships_contains_paid_content":false,"footnotes":"","jetpack_publicize_message":"","jetpack_publicize_feature_enabled":true,"jetpack_social_post_already_shared":true,"jetpack_social_options":{"image_generator_settings":{"template":"highway","default_image_id":0,"font":"","enabled":false},"version":2},"jetpack_post_was_ever_published":false},"categories":[21],"tags":[51,250,296,108,7],"class_list":["post-21685","post","type-post","status-publish","format-standard","has-post-thumbnail","category-legislatura","tag-defensoria-del-pueblo","tag-h2","tag-h3","tag-justicia","tag-legislatura"],"jetpack_publicize_connections":[],"uagb_featured_image_src":{"full":["https:\/\/www.comuna13online.com.ar\/wp-content\/uploads\/2026\/09\/2026-09-03b_id.jpg",678,381,false],"thumbnail":["https:\/\/www.comuna13online.com.ar\/wp-content\/uploads\/2026\/09\/2026-09-03b_id.jpg",128,72,false],"medium":["https:\/\/www.comuna13online.com.ar\/wp-content\/uploads\/2026\/09\/2026-09-03b_id.jpg",678,381,false],"medium_large":["https:\/\/www.comuna13online.com.ar\/wp-content\/uploads\/2026\/09\/2026-09-03b_id.jpg",678,381,false],"large":["https:\/\/www.comuna13online.com.ar\/wp-content\/uploads\/2026\/09\/2026-09-03b_id.jpg",678,381,false],"1536x1536":["https:\/\/www.comuna13online.com.ar\/wp-content\/uploads\/2026\/09\/2026-09-03b_id.jpg",678,381,false],"2048x2048":["https:\/\/www.comuna13online.com.ar\/wp-content\/uploads\/2026\/09\/2026-09-03b_id.jpg",678,381,false],"mh-magazine-slider":["https:\/\/www.comuna13online.com.ar\/wp-content\/uploads\/2026\/09\/2026-09-03b_id.jpg",678,381,false],"mh-magazine-content":["https:\/\/www.comuna13online.com.ar\/wp-content\/uploads\/2026\/09\/2026-09-03b_id.jpg",678,381,false],"mh-magazine-large":["https:\/\/www.comuna13online.com.ar\/wp-content\/uploads\/2026\/09\/2026-09-03b_id.jpg",678,381,false],"mh-magazine-medium":["https:\/\/www.comuna13online.com.ar\/wp-content\/uploads\/2026\/09\/2026-09-03b_id-326x245.jpg",326,245,true],"mh-magazine-small":["https:\/\/www.comuna13online.com.ar\/wp-content\/uploads\/2026\/09\/2026-09-03b_id-80x60.jpg",80,60,true],"sow-carousel-default":["https:\/\/www.comuna13online.com.ar\/wp-content\/uploads\/2026\/09\/2026-09-03b_id-272x182.jpg",272,182,true]},"uagb_author_info":{"display_name":"Comuna13","author_link":"https:\/\/www.comuna13online.com.ar\/?author=1"},"uagb_comment_info":0,"uagb_excerpt":"Tras un amplio acuerdo parlamentario entre los principales bloques, Mart\u00edn L\u00f3pez Zavaleta asumi\u00f3 como nuevo Fiscal General de la Ciudad y Mar\u00eda Rosa Mui\u00f1os renov\u00f3 su mandato en la Defensor\u00eda. [...]","jetpack_sharing_enabled":true,"jetpack_featured_media_url":"https:\/\/www.comuna13online.com.ar\/wp-content\/uploads\/2026\/09\/2026-09-03b_id.jpg","_links":{"self":[{"href":"https:\/\/www.comuna13online.com.ar\/index.php?rest_route=\/wp\/v2\/posts\/21685","targetHints":{"allow":["GET"]}}],"collection":[{"href":"https:\/\/www.comuna13online.com.ar\/index.php?rest_route=\/wp\/v2\/posts"}],"about":[{"href":"https:\/\/www.comuna13online.com.ar\/index.php?rest_route=\/wp\/v2\/types\/post"}],"author":[{"embeddable":true,"href":"https:\/\/www.comuna13online.com.ar\/index.php?rest_route=\/wp\/v2\/users\/1"}],"replies":[{"embeddable":true,"href":"https:\/\/www.comuna13online.com.ar\/index.php?rest_route=%2Fwp%2Fv2%2Fcomments&post=21685"}],"version-history":[{"count":1,"href":"https:\/\/www.comuna13online.com.ar\/index.php?rest_route=\/wp\/v2\/posts\/21685\/revisions"}],"predecessor-version":[{"id":21688,"href":"https:\/\/www.comuna13online.com.ar\/index.php?rest_route=\/wp\/v2\/posts\/21685\/revisions\/21688"}],"wp:featuredmedia":[{"embeddable":true,"href":"https:\/\/www.comuna13online.com.ar\/index.php?rest_route=\/wp\/v2\/media\/21686"}],"wp:attachment":[{"href":"https:\/\/www.comuna13online.com.ar\/index.php?rest_route=%2Fwp%2Fv2%2Fmedia&parent=21685"}],"wp:term":[{"taxonomy":"category","embeddable":true,"href":"https:\/\/www.comuna13online.com.ar\/index.php?rest_route=%2Fwp%2Fv2%2Fcategories&post=21685"},{"taxonomy":"post_tag","embeddable":true,"href":"https:\/\/www.comuna13online.com.ar\/index.php?rest_route=%2Fwp%2Fv2%2Ftags&post=21685"}],"curies":[{"name":"wp","href":"https:\/\/api.w.org\/{rel}","templated":true}]}}