{"id":21681,"date":"2026-09-03T17:00:46","date_gmt":"2026-09-03T20:00:46","guid":{"rendered":"https:\/\/www.comuna13online.com.ar\/?p=21681"},"modified":"2026-09-03T17:01:06","modified_gmt":"2026-09-03T20:01:06","slug":"la-legislatura-sanciono-la-escolaridad-obligatoria-a-los-tres-anos","status":"publish","type":"post","link":"https:\/\/www.comuna13online.com.ar\/?p=21681","title":{"rendered":"La Legislatura sancion\u00f3 la escolaridad obligatoria  a los tres a\u00f1os"},"content":{"rendered":"\n<p class=\"wp-block-paragraph\"><strong>Por unanimidad, la Legislatura porte\u00f1a sancion\u00f3 una ley hist\u00f3rica que universaliza las salas de tres a\u00f1os. La medida busca garantizar la equidad temprana y transformar el sistema educativo inicial.<\/strong><\/p>\n\n\n\n<figure class=\"wp-block-image size-full\"><img loading=\"lazy\" decoding=\"async\" width=\"678\" height=\"381\" data-attachment-id=\"21683\" data-permalink=\"https:\/\/www.comuna13online.com.ar\/?attachment_id=21683\" data-orig-file=\"https:\/\/www.comuna13online.com.ar\/wp-content\/uploads\/2026\/09\/2026-09-03a_01.jpg\" data-orig-size=\"678,381\" data-comments-opened=\"0\" data-image-title=\"2026-09-03a_01\" data-image-description=\"\" data-image-caption=\"\" data-large-file=\"https:\/\/www.comuna13online.com.ar\/wp-content\/uploads\/2026\/09\/2026-09-03a_01.jpg\" src=\"https:\/\/www.comuna13online.com.ar\/wp-content\/uploads\/2026\/09\/2026-09-03a_01.jpg\" alt=\"\" class=\"wp-image-21683\"\/><\/figure>\n\n\n\n<div style=\"height:20px\" aria-hidden=\"true\" class=\"wp-block-spacer\"><\/div>\n\n\n\n<p class=\"wp-block-paragraph\">En una jornada calificada como hist\u00f3rica por todo el arco pol\u00edtico, la Legislatura de la Ciudad Aut\u00f3noma de Buenos Aires aprob\u00f3 de forma un\u00e1nime un proyecto de ley que modifica sustancialmente el r\u00e9gimen educativo local. A partir de la promulgaci\u00f3n de esta norma, la obligatoriedad escolar en el distrito capitalino comenzar\u00e1 formalmente a los tres a\u00f1os de edad.<\/p>\n\n\n\n<p class=\"wp-block-paragraph\">Con esta votaci\u00f3n, la Ciudad de Buenos Aires se adelanta a la legislaci\u00f3n nacional actual (establecida por la Ley 26.206, que fija la obligatoriedad a partir de los cuatro a\u00f1os) y sienta un precedente directo para el resto de las provincias argentinas.<\/p>\n\n\n\n<p class=\"wp-block-paragraph\">El debate en el recinto estuvo marcado por una inusual sinton\u00eda entre los bloques oficialistas y de la oposici\u00f3n. La iniciativa, que ven\u00eda siendo evaluada y dictaminada por las comisiones de Educaci\u00f3n, Presupuesto y Hacienda, recibi\u00f3 el respaldo de los 60 legisladores presentes.<\/p>\n\n\n\n<p class=\"wp-block-paragraph\">Durante las exposiciones, los diputados porte\u00f1os coincidieron en que la inversi\u00f3n en la primera infancia es la herramienta m\u00e1s eficaz para reducir las brechas socioecon\u00f3micas. Los legisladores destacaron que el acceso temprano a la escolarizaci\u00f3n formal impacta de manera directa en el desarrollo cognitivo, emocional y social de los ni\u00f1os, equiparando las oportunidades antes del ingreso a la escuela primaria.<\/p>\n\n\n\n<div style=\"height:20px\" aria-hidden=\"true\" class=\"wp-block-spacer\"><\/div>\n\n\n\n<div align=\"center\">\n<blockquote class=\"twitter-tweet\"><p lang=\"es\" dir=\"ltr\">AHORA. Aprobamos una ley para que la sala de 3 sea obligatoria en la Ciudad.<br><br>Los primeros a\u00f1os son decisivos para el desarrollo de cada chico. Es cuando se forman el lenguaje, la curiosidad, la capacidad de convivir, de jugar, de expresarse y de aprender.<br><br>Felicitaciones a\u2026<\/p>&mdash; Jorge Macri (@jorgemacri) <a href=\"https:\/\/x.com\/jorgemacri\/status\/2095577958341616041?ref_src=twsrc%5Etfw\">September 3, 2026<\/a><\/blockquote> <script async src=\"https:\/\/platform.x.com\/widgets.js\" charset=\"utf-8\"><\/script>\n<\/div>\n\n\n\n<div style=\"height:20px\" aria-hidden=\"true\" class=\"wp-block-spacer\"><\/div>\n\n\n\n<p class=\"wp-block-paragraph\">La normativa aprobada no solo modifica el rango de edad de la educaci\u00f3n obligatoria, sino que establece una hoja de ruta para su implementaci\u00f3n:<\/p>\n\n\n\n<ul class=\"wp-block-list\">\n<li><strong>Plan de infraestructura escolar:<\/strong> El Poder Ejecutivo de la Ciudad queda obligado a dise\u00f1ar y ejecutar un plan progresivo de construcci\u00f3n y reacondicionamiento de jardines de infantes para absorber la nueva demanda de vacantes, prioritariamente en las zonas del sur de la Ciudad, donde hist\u00f3ricamente se registran los mayores d\u00e9ficits habitacionales y escolares.<\/li>\n\n\n\n<li><strong>Dise\u00f1o curricular espec\u00edfico:<\/strong> El Ministerio de Educaci\u00f3n porte\u00f1o deber\u00e1 actualizar los contenidos pedag\u00f3gicos para la sala de tres a\u00f1os, enfoc\u00e1ndose en la estimulaci\u00f3n temprana, el juego como eje de aprendizaje y la socializaci\u00f3n comunitaria.<\/li>\n\n\n\n<li><strong>Financiamiento garantizado:<\/strong> La ley prev\u00e9 partidas presupuestarias espec\u00edficas y blindadas para asegurar que las instituciones educativas cuenten con los recursos materiales, el personal docente y los equipos de orientaci\u00f3n escolar necesarios.<\/li>\n<\/ul>\n\n\n\n<div style=\"height:20px\" aria-hidden=\"true\" class=\"wp-block-spacer\"><\/div>\n\n\n\n<div align=\"center\">\n<blockquote class=\"twitter-tweet\"><p lang=\"es\" dir=\"ltr\">Empezar antes es achicar brechas. Incorporar la Sala de 3 a la educaci\u00f3n obligatoria en la Ciudad de Buenos Aires nos permite llegar a los chicos desde m\u00e1s temprano, cuando m\u00e1s impacto tiene en el aprendizaje, el lenguaje, la socializaci\u00f3n y el juego.<br><br>En la Ciudad venimos\u2026 <a href=\"https:\/\/t.co\/5kC2vQ1Tss\">https:\/\/t.co\/5kC2vQ1Tss<\/a> <a href=\"https:\/\/t.co\/Z1mnuO8WRE\">pic.twitter.com\/Z1mnuO8WRE<\/a><\/p>&mdash; Mercedes Miguel (@mechimiguel) <a href=\"https:\/\/x.com\/mechimiguel\/status\/2095597284910067739?ref_src=twsrc%5Etfw\">September 3, 2026<\/a><\/blockquote> <script async src=\"https:\/\/platform.x.com\/widgets.js\" charset=\"utf-8\"><\/script>\n<\/div>\n\n\n\n<div style=\"height:20px\" aria-hidden=\"true\" class=\"wp-block-spacer\"><\/div>\n\n\n\n<p class=\"wp-block-paragraph\">Especialistas en pedagog\u00eda y Unicef han se\u00f1alado reiteradamente que los primeros a\u00f1os de vida son cr\u00edticos para el desarrollo neurol\u00f3gico. La escolarizaci\u00f3n a los tres a\u00f1os permite detectar de forma temprana dificultades de aprendizaje, problemas de salud o situaciones de vulnerabilidad social que, abordadas a tiempo, tienen un pron\u00f3stico de resoluci\u00f3n mucho m\u00e1s favorable.<\/p>\n\n\n\n<p class=\"wp-block-paragraph\">Asimismo, organizaciones de la sociedad civil destacaron el impacto de g\u00e9nero de la medida. Al garantizar salas de tres a\u00f1os en el sistema p\u00fablico y gratuito de jornada completa o extendida, se alivia la carga de cuidados que recae mayoritariamente sobre las mujeres, facilitando su inserci\u00f3n o continuidad en el mercado laboral formal.<\/p>\n\n\n\n<p class=\"wp-block-paragraph\">Tras la sanci\u00f3n legislativa, el texto ser\u00e1 girado al Poder Ejecutivo para su promulgaci\u00f3n y posterior publicaci\u00f3n en el Bolet\u00edn Oficial. Se prev\u00e9 que la implementaci\u00f3n sea gradual y que el dise\u00f1o del calendario de inscripci\u00f3n y la asignaci\u00f3n de vacantes comiencen a regir plenamente de cara al pr\u00f3ximo ciclo lectivo, transformando el aula en el primer espacio de igualaci\u00f3n social para los ciudadanos m\u00e1s j\u00f3venes de Buenos Aires.<\/p>\n","protected":false},"excerpt":{"rendered":"<div class=\"mh-excerpt\">Por unanimidad, la Legislatura porte\u00f1a sancion\u00f3 una ley hist\u00f3rica que universaliza las salas de tres a\u00f1os. La medida busca garantizar la equidad temprana y transformar el sistema educativo inicial. En <a class=\"mh-excerpt-more\" href=\"https:\/\/www.comuna13online.com.ar\/?p=21681\" title=\"La Legislatura sancion\u00f3 la escolaridad obligatoria  a los tres a\u00f1os\">[&#8230;]<\/a><\/div>\n","protected":false},"author":1,"featured_media":21682,"comment_status":"closed","ping_status":"closed","sticky":false,"template":"","format":"standard","meta":{"_uag_custom_page_level_css":"","_jetpack_newsletter_access":"","_jetpack_dont_email_post_to_subs":false,"_jetpack_newsletter_tier_id":0,"_jetpack_memberships_contains_paywalled_content":false,"_jetpack_feature_clip_id":0,"_jetpack_memberships_contains_paid_content":false,"footnotes":"","jetpack_publicize_message":"","jetpack_publicize_feature_enabled":false,"jetpack_social_post_already_shared":false,"jetpack_social_options":{"image_generator_settings":{"template":"highway","default_image_id":0,"font":"","enabled":false},"version":2},"jetpack_post_was_ever_published":false},"categories":[113],"tags":[114,246,296,7],"class_list":["post-21681","post","type-post","status-publish","format-standard","has-post-thumbnail","category-educacion","tag-educacion","tag-h1","tag-h3","tag-legislatura"],"jetpack_publicize_connections":[],"uagb_featured_image_src":{"full":["https:\/\/www.comuna13online.com.ar\/wp-content\/uploads\/2026\/09\/2026-09-03a_id.jpg",678,381,false],"thumbnail":["https:\/\/www.comuna13online.com.ar\/wp-content\/uploads\/2026\/09\/2026-09-03a_id.jpg",128,72,false],"medium":["https:\/\/www.comuna13online.com.ar\/wp-content\/uploads\/2026\/09\/2026-09-03a_id.jpg",678,381,false],"medium_large":["https:\/\/www.comuna13online.com.ar\/wp-content\/uploads\/2026\/09\/2026-09-03a_id.jpg",678,381,false],"large":["https:\/\/www.comuna13online.com.ar\/wp-content\/uploads\/2026\/09\/2026-09-03a_id.jpg",678,381,false],"1536x1536":["https:\/\/www.comuna13online.com.ar\/wp-content\/uploads\/2026\/09\/2026-09-03a_id.jpg",678,381,false],"2048x2048":["https:\/\/www.comuna13online.com.ar\/wp-content\/uploads\/2026\/09\/2026-09-03a_id.jpg",678,381,false],"mh-magazine-slider":["https:\/\/www.comuna13online.com.ar\/wp-content\/uploads\/2026\/09\/2026-09-03a_id.jpg",678,381,false],"mh-magazine-content":["https:\/\/www.comuna13online.com.ar\/wp-content\/uploads\/2026\/09\/2026-09-03a_id.jpg",678,381,false],"mh-magazine-large":["https:\/\/www.comuna13online.com.ar\/wp-content\/uploads\/2026\/09\/2026-09-03a_id.jpg",678,381,false],"mh-magazine-medium":["https:\/\/www.comuna13online.com.ar\/wp-content\/uploads\/2026\/09\/2026-09-03a_id-326x245.jpg",326,245,true],"mh-magazine-small":["https:\/\/www.comuna13online.com.ar\/wp-content\/uploads\/2026\/09\/2026-09-03a_id-80x60.jpg",80,60,true],"sow-carousel-default":["https:\/\/www.comuna13online.com.ar\/wp-content\/uploads\/2026\/09\/2026-09-03a_id-272x182.jpg",272,182,true]},"uagb_author_info":{"display_name":"Comuna13","author_link":"https:\/\/www.comuna13online.com.ar\/?author=1"},"uagb_comment_info":0,"uagb_excerpt":"Por unanimidad, la Legislatura porte\u00f1a sancion\u00f3 una ley hist\u00f3rica que universaliza las salas de tres a\u00f1os. La medida busca garantizar la equidad temprana y transformar el sistema educativo inicial. En [...]","jetpack_sharing_enabled":true,"jetpack_featured_media_url":"https:\/\/www.comuna13online.com.ar\/wp-content\/uploads\/2026\/09\/2026-09-03a_id.jpg","_links":{"self":[{"href":"https:\/\/www.comuna13online.com.ar\/index.php?rest_route=\/wp\/v2\/posts\/21681","targetHints":{"allow":["GET"]}}],"collection":[{"href":"https:\/\/www.comuna13online.com.ar\/index.php?rest_route=\/wp\/v2\/posts"}],"about":[{"href":"https:\/\/www.comuna13online.com.ar\/index.php?rest_route=\/wp\/v2\/types\/post"}],"author":[{"embeddable":true,"href":"https:\/\/www.comuna13online.com.ar\/index.php?rest_route=\/wp\/v2\/users\/1"}],"replies":[{"embeddable":true,"href":"https:\/\/www.comuna13online.com.ar\/index.php?rest_route=%2Fwp%2Fv2%2Fcomments&post=21681"}],"version-history":[{"count":1,"href":"https:\/\/www.comuna13online.com.ar\/index.php?rest_route=\/wp\/v2\/posts\/21681\/revisions"}],"predecessor-version":[{"id":21684,"href":"https:\/\/www.comuna13online.com.ar\/index.php?rest_route=\/wp\/v2\/posts\/21681\/revisions\/21684"}],"wp:featuredmedia":[{"embeddable":true,"href":"https:\/\/www.comuna13online.com.ar\/index.php?rest_route=\/wp\/v2\/media\/21682"}],"wp:attachment":[{"href":"https:\/\/www.comuna13online.com.ar\/index.php?rest_route=%2Fwp%2Fv2%2Fmedia&parent=21681"}],"wp:term":[{"taxonomy":"category","embeddable":true,"href":"https:\/\/www.comuna13online.com.ar\/index.php?rest_route=%2Fwp%2Fv2%2Fcategories&post=21681"},{"taxonomy":"post_tag","embeddable":true,"href":"https:\/\/www.comuna13online.com.ar\/index.php?rest_route=%2Fwp%2Fv2%2Ftags&post=21681"}],"curies":[{"name":"wp","href":"https:\/\/api.w.org\/{rel}","templated":true}]}}