{"id":21672,"date":"2026-09-01T17:18:24","date_gmt":"2026-09-01T20:18:24","guid":{"rendered":"https:\/\/www.comuna13online.com.ar\/?p=21672"},"modified":"2026-09-01T17:36:36","modified_gmt":"2026-09-01T20:36:36","slug":"aumento-el-transporte-publico-en-caba-2","status":"publish","type":"post","link":"https:\/\/www.comuna13online.com.ar\/?p=21672","title":{"rendered":"Aument\u00f3 el transporte p\u00fablico y peajes en CABA"},"content":{"rendered":"\n<p class=\"wp-block-paragraph\"><strong>Desde el 1 de septiembre rige un aumento en las tarifas del transporte p\u00fablico de la Ciudad, el subte paso a costar $1.753 y el boleto m\u00ednimo de colectivo $887,87.<\/strong><\/p>\n\n\n\n<figure class=\"wp-block-image size-full\"><img loading=\"lazy\" decoding=\"async\" width=\"678\" height=\"452\" data-attachment-id=\"20263\" data-permalink=\"https:\/\/www.comuna13online.com.ar\/?attachment_id=20263\" data-orig-file=\"https:\/\/www.comuna13online.com.ar\/wp-content\/uploads\/2025\/09\/20250901a_id.jpg\" data-orig-size=\"678,452\" data-comments-opened=\"0\" data-image-title=\"20250901a_id\" data-image-description=\"\" data-image-caption=\"\" data-large-file=\"https:\/\/www.comuna13online.com.ar\/wp-content\/uploads\/2025\/09\/20250901a_id.jpg\" src=\"https:\/\/www.comuna13online.com.ar\/wp-content\/uploads\/2025\/09\/20250901a_id.jpg\" alt=\"\" class=\"wp-image-20263\" srcset=\"https:\/\/www.comuna13online.com.ar\/wp-content\/uploads\/2025\/09\/20250901a_id.jpg 678w, https:\/\/www.comuna13online.com.ar\/wp-content\/uploads\/2025\/09\/20250901a_id-272x182.jpg 272w\" sizes=\"auto, (max-width: 678px) 100vw, 678px\" \/><\/figure>\n\n\n\n<div style=\"height:20px\" aria-hidden=\"true\" class=\"wp-block-spacer\"><\/div>\n\n\n\n<p class=\"wp-block-paragraph\">Aquellos que se movilicen en transporte p\u00fablico por Ciudad y el conurbano bonaerense, desde este martes 1 de septiembre deber\u00e1n afrontar un nuevo aumento de 4,1% en las tarifas de subte, premetro y colectivos.<\/p>\n\n\n\n<p class=\"wp-block-paragraph\">En el \u00e1mbito porte\u00f1o, el incremento es consecuencia del mecanismo de actualizaci\u00f3n autom\u00e1tica ligado a la inflaci\u00f3n mensual (IPC) m\u00e1s un adicional del 2%, as\u00ed, el costo del viaje en subte pas\u00f3 a costar 1.753 pesos, en tanto que el costo del boleto m\u00ednimo para viajar en colectivo es de $ 887,87.<\/p>\n\n\n\n<div style=\"height:15px\" aria-hidden=\"true\" class=\"wp-block-spacer\"><\/div>\n\n\n\n<h3 class=\"wp-block-heading\">Nuevas tarifas<\/h3>\n\n\n\n<div style=\"height:15px\" aria-hidden=\"true\" class=\"wp-block-spacer\"><\/div>\n\n\n\n<h4 class=\"wp-block-heading\">SUBTE con SUBE REGISTRADA<\/h4>\n\n\n\n<p class=\"wp-block-paragraph\">\u25fe <strong>1 a 20 viajes mensuales:<\/strong> $1.753,00<\/p>\n\n\n\n<p class=\"wp-block-paragraph\">\u25fe <strong>21 a 30 viajes mensuales:<\/strong> $1.402,40<\/p>\n\n\n\n<p class=\"wp-block-paragraph\">\u25fe <strong>31 a 40 viajes mensuales:<\/strong> $1.227,10<\/p>\n\n\n\n<p class=\"wp-block-paragraph\">\u25fe <strong>41 o m\u00e1s viajes mensuales:<\/strong> $1.051,80<\/p>\n\n\n\n<p class=\"wp-block-paragraph\">\u25fe <strong>Premetro:<\/strong> $613,55<\/p>\n\n\n\n<div style=\"height:20px\" aria-hidden=\"true\" class=\"wp-block-spacer\"><\/div>\n\n\n\n<h4 class=\"wp-block-heading\">COLECTIVOS CIUDAD<\/h4>\n\n\n\n<p class=\"wp-block-paragraph\">Las 31 l\u00edneas de colectivos que circulan exclusivamente dentro de la Ciudad son: 4, 6, 7, 12, 23, 25, 26, 34, 39, 42, 44, 47, 50, 61, 62, 64, 65, 68, 76, 84, 90, 99, 102, 106, 107, 108, 109, 115, 118, 132 y 151.<\/p>\n\n\n\n<p class=\"wp-block-paragraph\">\u25fe <strong>Recorrido hasta 3 km:<\/strong> $887,87<\/p>\n\n\n\n<p class=\"wp-block-paragraph\">\u25fe <strong>Recorrido de 3 a 6 km:<\/strong> $986,57<\/p>\n\n\n\n<p class=\"wp-block-paragraph\">\u25fe <strong>Recorrido de 6 a 12 km:<\/strong> $1.062,56<\/p>\n\n\n\n<p class=\"wp-block-paragraph\">\u25fe <strong>Recorrido de 12 a 27 km:<\/strong> $1.138,61<\/p>\n\n\n\n<div style=\"height:20px\" aria-hidden=\"true\" class=\"wp-block-spacer\"><\/div>\n\n\n\n<h4 class=\"wp-block-heading\">COLECTIVOS PBA<\/h4>\n\n\n\n<p class=\"wp-block-paragraph\">Las nuevas tarifas de los colectivos que pertenecen a las l\u00edneas numeradas del 200 en adelante ser\u00e1n:<\/p>\n\n\n\n<p class=\"wp-block-paragraph\">\u25fe <strong>Recorrido hasta 3 km:<\/strong> $1.158,97<\/p>\n\n\n\n<p class=\"wp-block-paragraph\"><strong>\u25fe <strong>Recorrido<\/strong> de 3 a 6 km:<\/strong> $1.303,83<\/p>\n\n\n\n<p class=\"wp-block-paragraph\">\u25fe <strong>Recorrido<\/strong> <strong>de 6 a 12 km<\/strong>: $1.448,71<\/p>\n\n\n\n<p class=\"wp-block-paragraph\">\u25fe <strong>Recorrido de 12 a 27 km:<\/strong> $1.738,45<\/p>\n\n\n\n<p class=\"wp-block-paragraph\">\u25fe <strong>Recorrido m\u00e1s de 27 km:<\/strong> $2.043,84<\/p>\n\n\n\n<div style=\"height:20px\" aria-hidden=\"true\" class=\"wp-block-spacer\"><\/div>\n\n\n\n<p class=\"wp-block-paragraph\">PEAJES<\/p>\n\n\n\n<p class=\"wp-block-paragraph\">Los nuevos valores para veh\u00edculos livianos en hora pico son $ 6.671,74 para las Autopistas 25 de Mayo y Perito Moreno, y $ 2.773,69 en la Illia.<\/p>\n\n\n\n<p class=\"wp-block-paragraph\">Las autopistas porte\u00f1as operan solo con Free Flow (pase autom\u00e1tico) y TelePASE obligatorio. Para quienes no posean el dispositivo, existen alternativas virtuales como el Pase Diario prepago o el sistema de TelePASE por patente para evitar multas.<\/p>\n\n\n\n<p class=\"wp-block-paragraph\"><\/p>\n","protected":false},"excerpt":{"rendered":"<div class=\"mh-excerpt\">Desde el 1 de septiembre rige un aumento en las tarifas del transporte p\u00fablico de la Ciudad, el subte paso a costar $1.753 y el boleto m\u00ednimo de colectivo $887,87. <a class=\"mh-excerpt-more\" href=\"https:\/\/www.comuna13online.com.ar\/?p=21672\" title=\"Aument\u00f3 el transporte p\u00fablico y peajes en CABA\">[&#8230;]<\/a><\/div>\n","protected":false},"author":1,"featured_media":19685,"comment_status":"closed","ping_status":"closed","sticky":false,"template":"","format":"standard","meta":{"_uag_custom_page_level_css":"","_jetpack_newsletter_access":"","_jetpack_dont_email_post_to_subs":false,"_jetpack_newsletter_tier_id":0,"_jetpack_memberships_contains_paywalled_content":false,"_jetpack_feature_clip_id":0,"_jetpack_memberships_contains_paid_content":false,"footnotes":"","jetpack_publicize_message":"","jetpack_publicize_feature_enabled":true,"jetpack_social_post_already_shared":true,"jetpack_social_options":{"image_generator_settings":{"template":"highway","default_image_id":0,"font":"","enabled":false},"version":2},"jetpack_post_was_ever_published":false},"categories":[13],"tags":[246,296,56,15],"class_list":["post-21672","post","type-post","status-publish","format-standard","has-post-thumbnail","category-transporte","tag-h1","tag-h3","tag-tarifas","tag-transporte"],"jetpack_publicize_connections":[],"uagb_featured_image_src":{"full":["https:\/\/www.comuna13online.com.ar\/wp-content\/uploads\/2025\/01\/20250110a_id.jpg",678,381,false],"thumbnail":["https:\/\/www.comuna13online.com.ar\/wp-content\/uploads\/2025\/01\/20250110a_id.jpg",128,72,false],"medium":["https:\/\/www.comuna13online.com.ar\/wp-content\/uploads\/2025\/01\/20250110a_id.jpg",678,381,false],"medium_large":["https:\/\/www.comuna13online.com.ar\/wp-content\/uploads\/2025\/01\/20250110a_id.jpg",678,381,false],"large":["https:\/\/www.comuna13online.com.ar\/wp-content\/uploads\/2025\/01\/20250110a_id.jpg",678,381,false],"1536x1536":["https:\/\/www.comuna13online.com.ar\/wp-content\/uploads\/2025\/01\/20250110a_id.jpg",678,381,false],"2048x2048":["https:\/\/www.comuna13online.com.ar\/wp-content\/uploads\/2025\/01\/20250110a_id.jpg",678,381,false],"mh-magazine-slider":["https:\/\/www.comuna13online.com.ar\/wp-content\/uploads\/2025\/01\/20250110a_id.jpg",678,381,false],"mh-magazine-content":["https:\/\/www.comuna13online.com.ar\/wp-content\/uploads\/2025\/01\/20250110a_id.jpg",678,381,false],"mh-magazine-large":["https:\/\/www.comuna13online.com.ar\/wp-content\/uploads\/2025\/01\/20250110a_id.jpg",678,381,false],"mh-magazine-medium":["https:\/\/www.comuna13online.com.ar\/wp-content\/uploads\/2025\/01\/20250110a_id-326x245.jpg",326,245,true],"mh-magazine-small":["https:\/\/www.comuna13online.com.ar\/wp-content\/uploads\/2025\/01\/20250110a_id-80x60.jpg",80,60,true],"sow-carousel-default":["https:\/\/www.comuna13online.com.ar\/wp-content\/uploads\/2025\/01\/20250110a_id-272x182.jpg",272,182,true]},"uagb_author_info":{"display_name":"Comuna13","author_link":"https:\/\/www.comuna13online.com.ar\/?author=1"},"uagb_comment_info":0,"uagb_excerpt":"Desde el 1 de septiembre rige un aumento en las tarifas del transporte p\u00fablico de la Ciudad, el subte paso a costar $1.753 y el boleto m\u00ednimo de colectivo $887,87. [...]","jetpack_sharing_enabled":true,"jetpack_featured_media_url":"https:\/\/www.comuna13online.com.ar\/wp-content\/uploads\/2025\/01\/20250110a_id.jpg","_links":{"self":[{"href":"https:\/\/www.comuna13online.com.ar\/index.php?rest_route=\/wp\/v2\/posts\/21672","targetHints":{"allow":["GET"]}}],"collection":[{"href":"https:\/\/www.comuna13online.com.ar\/index.php?rest_route=\/wp\/v2\/posts"}],"about":[{"href":"https:\/\/www.comuna13online.com.ar\/index.php?rest_route=\/wp\/v2\/types\/post"}],"author":[{"embeddable":true,"href":"https:\/\/www.comuna13online.com.ar\/index.php?rest_route=\/wp\/v2\/users\/1"}],"replies":[{"embeddable":true,"href":"https:\/\/www.comuna13online.com.ar\/index.php?rest_route=%2Fwp%2Fv2%2Fcomments&post=21672"}],"version-history":[{"count":2,"href":"https:\/\/www.comuna13online.com.ar\/index.php?rest_route=\/wp\/v2\/posts\/21672\/revisions"}],"predecessor-version":[{"id":21678,"href":"https:\/\/www.comuna13online.com.ar\/index.php?rest_route=\/wp\/v2\/posts\/21672\/revisions\/21678"}],"wp:featuredmedia":[{"embeddable":true,"href":"https:\/\/www.comuna13online.com.ar\/index.php?rest_route=\/wp\/v2\/media\/19685"}],"wp:attachment":[{"href":"https:\/\/www.comuna13online.com.ar\/index.php?rest_route=%2Fwp%2Fv2%2Fmedia&parent=21672"}],"wp:term":[{"taxonomy":"category","embeddable":true,"href":"https:\/\/www.comuna13online.com.ar\/index.php?rest_route=%2Fwp%2Fv2%2Fcategories&post=21672"},{"taxonomy":"post_tag","embeddable":true,"href":"https:\/\/www.comuna13online.com.ar\/index.php?rest_route=%2Fwp%2Fv2%2Ftags&post=21672"}],"curies":[{"name":"wp","href":"https:\/\/api.w.org\/{rel}","templated":true}]}}