{"id":21668,"date":"2026-09-01T16:56:41","date_gmt":"2026-09-01T19:56:41","guid":{"rendered":"https:\/\/www.comuna13online.com.ar\/?p=21668"},"modified":"2026-09-01T16:56:48","modified_gmt":"2026-09-01T19:56:48","slug":"detienen-a-un-ladron-por-robos-en-colegiales","status":"publish","type":"post","link":"https:\/\/www.comuna13online.com.ar\/?p=21668","title":{"rendered":"Detienen a un ladr\u00f3n por robos en Colegiales"},"content":{"rendered":"\n<p class=\"wp-block-paragraph\"><strong>El maleante de 41 a\u00f1os registraba 18 antecedentes, fue detenido luego de que intentara ingresar por la fuerza a una librer\u00eda y a dos viviendas linderas del barrio de Colegiales.<\/strong><\/p>\n\n\n\n<figure class=\"wp-block-image size-full\"><img loading=\"lazy\" decoding=\"async\" width=\"678\" height=\"381\" data-attachment-id=\"21670\" data-permalink=\"https:\/\/www.comuna13online.com.ar\/?attachment_id=21670\" data-orig-file=\"https:\/\/www.comuna13online.com.ar\/wp-content\/uploads\/2026\/09\/2026-09-01b_01.jpg\" data-orig-size=\"678,381\" data-comments-opened=\"0\" data-image-title=\"2026-09-01b_01\" data-image-description=\"\" data-image-caption=\"\" data-large-file=\"https:\/\/www.comuna13online.com.ar\/wp-content\/uploads\/2026\/09\/2026-09-01b_01.jpg\" src=\"https:\/\/www.comuna13online.com.ar\/wp-content\/uploads\/2026\/09\/2026-09-01b_01.jpg\" alt=\"\" class=\"wp-image-21670\"\/><\/figure>\n\n\n\n<div style=\"height:15px\" aria-hidden=\"true\" class=\"wp-block-spacer\"><\/div>\n\n\n\n<p class=\"wp-block-paragraph\">La Polic\u00eda de la Ciudad detuvo a un ladr\u00f3n de 41 a\u00f1os que registraba 18 antecedentes, luego de que intentara ingresar por la fuerza a una librer\u00eda y a dos viviendas linderas del barrio de Colegiales.<\/p>\n\n\n\n<p class=\"wp-block-paragraph\">El imputado registra antecedentes durante 2025 y 2026 por robos, robo y hurto agravados por escalamiento, hurtos, lesiones, amenazas, resistencia a la autoridad y portaci\u00f3n de armas no convencionales y violencia familiar.<\/p>\n\n\n\n<p class=\"wp-block-paragraph\">El procedimiento fue realizado por efectivos de la Comisar\u00eda Vecinal 13C, tras una alerta por un hombre que estaba forzando la puerta de un comercio ubicado sobre la calle Super\u00ed al 1400.<\/p>\n\n\n\n<p class=\"wp-block-paragraph\">Al arribar, el personal entrevist\u00f3 al propietario de la librer\u00eda, quien relat\u00f3 que el sospechoso hab\u00eda intentado ingresar al local, que permanec\u00eda cerrado, y que luego hab\u00eda realizado la misma maniobra en dos viviendas linderas para finalmente escapar.<\/p>\n\n\n\n<p class=\"wp-block-paragraph\">Con las caracter\u00edsticas aportadas, los efectivos recorrieron la zona y localizaron al hombre a unos 200 metros del primer hecho, sobre la avenida Elcano.<\/p>\n\n\n\n<p class=\"wp-block-paragraph\">Al advertir la presencia policial, el sospechoso escap\u00f3 e ingres\u00f3 a una panader\u00eda, donde intent\u00f3 camuflarse entre los clientes, pero fue reducido y detenido por los efectivos.<\/p>\n\n\n\n<p class=\"wp-block-paragraph\">Intervino el Juzgado Nacional en lo Criminal y Correccional 3, a cargo de la Dra. Fern\u00e1ndez, Secretar\u00eda 110 de la Dra. Terz\u00e1n, que dispuso la detenci\u00f3n del ladr\u00f3n por tentativa de robo.<\/p>\n\n\n\n<div style=\"height:20px\" aria-hidden=\"true\" class=\"wp-block-spacer\"><\/div>\n\n\n\n<iframe loading=\"lazy\" width=\"678\" height=\"381\" src=\"https:\/\/www.youtube.com\/embed\/_BDZ0eAWzRQ?si=7ltIh1DLWNlayFFI\" title=\"YouTube video player\" frameborder=\"0\" allow=\"accelerometer; autoplay; clipboard-write; encrypted-media; gyroscope; picture-in-picture; web-share\" referrerpolicy=\"strict-origin-when-cross-origin\" allowfullscreen><\/iframe>\n","protected":false},"excerpt":{"rendered":"<div class=\"mh-excerpt\">El maleante de 41 a\u00f1os registraba 18 antecedentes, fue detenido luego de que intentara ingresar por la fuerza a una librer\u00eda y a dos viviendas linderas del barrio de Colegiales. <a class=\"mh-excerpt-more\" href=\"https:\/\/www.comuna13online.com.ar\/?p=21668\" title=\"Detienen a un ladr\u00f3n por robos en Colegiales\">[&#8230;]<\/a><\/div>\n","protected":false},"author":1,"featured_media":21669,"comment_status":"closed","ping_status":"closed","sticky":false,"template":"","format":"standard","meta":{"_uag_custom_page_level_css":"","_jetpack_newsletter_access":"","_jetpack_dont_email_post_to_subs":false,"_jetpack_newsletter_tier_id":0,"_jetpack_memberships_contains_paywalled_content":false,"_jetpack_feature_clip_id":0,"_jetpack_memberships_contains_paid_content":false,"footnotes":"","jetpack_publicize_message":"","jetpack_publicize_feature_enabled":true,"jetpack_social_post_already_shared":true,"jetpack_social_options":{"image_generator_settings":{"template":"highway","default_image_id":0,"font":"","enabled":false},"version":2},"jetpack_post_was_ever_published":false},"categories":[29],"tags":[250,296,188,17],"class_list":["post-21668","post","type-post","status-publish","format-standard","has-post-thumbnail","category-seguridad","tag-h2","tag-h3","tag-policiales","tag-seguridad"],"jetpack_publicize_connections":[],"uagb_featured_image_src":{"full":["https:\/\/www.comuna13online.com.ar\/wp-content\/uploads\/2026\/09\/2026-09-01b_id.jpg",678,381,false],"thumbnail":["https:\/\/www.comuna13online.com.ar\/wp-content\/uploads\/2026\/09\/2026-09-01b_id.jpg",128,72,false],"medium":["https:\/\/www.comuna13online.com.ar\/wp-content\/uploads\/2026\/09\/2026-09-01b_id.jpg",678,381,false],"medium_large":["https:\/\/www.comuna13online.com.ar\/wp-content\/uploads\/2026\/09\/2026-09-01b_id.jpg",678,381,false],"large":["https:\/\/www.comuna13online.com.ar\/wp-content\/uploads\/2026\/09\/2026-09-01b_id.jpg",678,381,false],"1536x1536":["https:\/\/www.comuna13online.com.ar\/wp-content\/uploads\/2026\/09\/2026-09-01b_id.jpg",678,381,false],"2048x2048":["https:\/\/www.comuna13online.com.ar\/wp-content\/uploads\/2026\/09\/2026-09-01b_id.jpg",678,381,false],"mh-magazine-slider":["https:\/\/www.comuna13online.com.ar\/wp-content\/uploads\/2026\/09\/2026-09-01b_id.jpg",678,381,false],"mh-magazine-content":["https:\/\/www.comuna13online.com.ar\/wp-content\/uploads\/2026\/09\/2026-09-01b_id.jpg",678,381,false],"mh-magazine-large":["https:\/\/www.comuna13online.com.ar\/wp-content\/uploads\/2026\/09\/2026-09-01b_id.jpg",678,381,false],"mh-magazine-medium":["https:\/\/www.comuna13online.com.ar\/wp-content\/uploads\/2026\/09\/2026-09-01b_id-326x245.jpg",326,245,true],"mh-magazine-small":["https:\/\/www.comuna13online.com.ar\/wp-content\/uploads\/2026\/09\/2026-09-01b_id-80x60.jpg",80,60,true],"sow-carousel-default":["https:\/\/www.comuna13online.com.ar\/wp-content\/uploads\/2026\/09\/2026-09-01b_id-272x182.jpg",272,182,true]},"uagb_author_info":{"display_name":"Comuna13","author_link":"https:\/\/www.comuna13online.com.ar\/?author=1"},"uagb_comment_info":0,"uagb_excerpt":"El maleante de 41 a\u00f1os registraba 18 antecedentes, fue detenido luego de que intentara ingresar por la fuerza a una librer\u00eda y a dos viviendas linderas del barrio de Colegiales. [...]","jetpack_sharing_enabled":true,"jetpack_featured_media_url":"https:\/\/www.comuna13online.com.ar\/wp-content\/uploads\/2026\/09\/2026-09-01b_id.jpg","_links":{"self":[{"href":"https:\/\/www.comuna13online.com.ar\/index.php?rest_route=\/wp\/v2\/posts\/21668","targetHints":{"allow":["GET"]}}],"collection":[{"href":"https:\/\/www.comuna13online.com.ar\/index.php?rest_route=\/wp\/v2\/posts"}],"about":[{"href":"https:\/\/www.comuna13online.com.ar\/index.php?rest_route=\/wp\/v2\/types\/post"}],"author":[{"embeddable":true,"href":"https:\/\/www.comuna13online.com.ar\/index.php?rest_route=\/wp\/v2\/users\/1"}],"replies":[{"embeddable":true,"href":"https:\/\/www.comuna13online.com.ar\/index.php?rest_route=%2Fwp%2Fv2%2Fcomments&post=21668"}],"version-history":[{"count":1,"href":"https:\/\/www.comuna13online.com.ar\/index.php?rest_route=\/wp\/v2\/posts\/21668\/revisions"}],"predecessor-version":[{"id":21671,"href":"https:\/\/www.comuna13online.com.ar\/index.php?rest_route=\/wp\/v2\/posts\/21668\/revisions\/21671"}],"wp:featuredmedia":[{"embeddable":true,"href":"https:\/\/www.comuna13online.com.ar\/index.php?rest_route=\/wp\/v2\/media\/21669"}],"wp:attachment":[{"href":"https:\/\/www.comuna13online.com.ar\/index.php?rest_route=%2Fwp%2Fv2%2Fmedia&parent=21668"}],"wp:term":[{"taxonomy":"category","embeddable":true,"href":"https:\/\/www.comuna13online.com.ar\/index.php?rest_route=%2Fwp%2Fv2%2Fcategories&post=21668"},{"taxonomy":"post_tag","embeddable":true,"href":"https:\/\/www.comuna13online.com.ar\/index.php?rest_route=%2Fwp%2Fv2%2Ftags&post=21668"}],"curies":[{"name":"wp","href":"https:\/\/api.w.org\/{rel}","templated":true}]}}