{"id":21641,"date":"2026-09-01T16:12:41","date_gmt":"2026-09-01T19:12:41","guid":{"rendered":"https:\/\/www.comuna13online.com.ar\/?p=21641"},"modified":"2026-08-28T16:51:01","modified_gmt":"2026-08-28T19:51:01","slug":"la-musica-llega-museo-larreta-con-el-jardin-suena","status":"publish","type":"post","link":"https:\/\/www.comuna13online.com.ar\/?p=21641","title":{"rendered":"La m\u00fasica llega Museo Larreta con \u201cEl Jard\u00edn Suena\u201d"},"content":{"rendered":"\n<p class=\"wp-block-paragraph\"><strong>El emblem\u00e1tico jard\u00edn andaluz del Museo Larreta se convertir\u00e1 en escenario musical con un nuevo ciclo de conciertos \u00edntimos y gratuitos que se realizar\u00e1n los s\u00e1bados a las 17 horas.<\/strong><\/p>\n\n\n\n<figure class=\"wp-block-image size-full\"><img loading=\"lazy\" decoding=\"async\" width=\"678\" height=\"452\" data-attachment-id=\"21646\" data-permalink=\"https:\/\/www.comuna13online.com.ar\/?attachment_id=21646\" data-orig-file=\"https:\/\/www.comuna13online.com.ar\/wp-content\/uploads\/2026\/08\/2026-09-01a_01.jpg\" data-orig-size=\"678,452\" data-comments-opened=\"0\" data-image-title=\"2026-09-01a_01\" data-image-description=\"\" data-image-caption=\"\" data-large-file=\"https:\/\/www.comuna13online.com.ar\/wp-content\/uploads\/2026\/08\/2026-09-01a_01.jpg\" src=\"https:\/\/www.comuna13online.com.ar\/wp-content\/uploads\/2026\/08\/2026-09-01a_01.jpg\" alt=\"\" class=\"wp-image-21646\" srcset=\"https:\/\/www.comuna13online.com.ar\/wp-content\/uploads\/2026\/08\/2026-09-01a_01.jpg 678w, https:\/\/www.comuna13online.com.ar\/wp-content\/uploads\/2026\/08\/2026-09-01a_01-272x182.jpg 272w\" sizes=\"auto, (max-width: 678px) 100vw, 678px\" \/><\/figure>\n\n\n\n<div style=\"height:20px\" aria-hidden=\"true\" class=\"wp-block-spacer\"><\/div>\n\n\n\n<p class=\"wp-block-paragraph\">El Museo de Arte Espa\u00f1ol Enrique Larreta se prepara para recibir la primavera con una atractiva propuesta Musical. A partir de septiembre, el emblem\u00e1tico jard\u00edn andaluz del museo se convertir\u00e1 en el escenario de \u201cEl Jard\u00edn Suena\u201d, un nuevo ciclo de conciertos en formatos \u00edntimos pensados especialmente para dialogar con la naturaleza y el patrimonio arquitect\u00f3nico del lugar. Los encuentros se realizar\u00e1n todos los s\u00e1bados de septiembre a noviembre a las 17:00 horas.<\/p>\n\n\n\n<p class=\"wp-block-paragraph\">En el jard\u00edn del Museo conviven especies centenarias con otras m\u00e1s j\u00f3venes; aut\u00f3ctonas con for\u00e1neas; humildes con sofisticadas. Ginkgo y omb\u00fa, ca\u00f1a y olivo, camelia y orqu\u00eddea. El Jard\u00edn Suena encontrar\u00e1 all\u00ed un punto de partida para reunir expresiones musicales diversas: folklore y electr\u00f3nica; jazz y exploraci\u00f3n sonora; canci\u00f3n popular y nuevas texturas. Un cat\u00e1logo sonoro, como el de un jard\u00edn bot\u00e1nico, en el que convivir\u00e1n est\u00e9ticas, generaciones y lenguajes.<\/p>\n\n\n\n<div style=\"height:20px\" aria-hidden=\"true\" class=\"wp-block-spacer\"><\/div>\n\n\n\n<h3 class=\"wp-block-heading\">Programaci\u00f3n | Septiembre<\/h3>\n\n\n\n<div style=\"height:20px\" aria-hidden=\"true\" class=\"wp-block-spacer\"><\/div>\n\n\n\n<p class=\"wp-block-paragraph\"><em>S\u00e1bado 5\/9, 17 h<\/em><br><strong>Sami Abadi | Viol\u00edn &amp; Electr\u00f3nica<\/strong><br>Ritmos globales&nbsp;<br>Sami Abadi se presentar\u00e1 como solista de viol\u00edn y looping, sumando su Tenori-On (instrumento electr\u00f3nico de interfaz lum\u00ednica) a sus t\u00e9cnicas instrumentales extendidas. Sus conciertos se caracterizan por una musicalidad universal que integra sonoridades orquestales, ambient, nuevas m\u00fasicas y ciertos colores orientales.&nbsp;<\/p>\n\n\n\n<div style=\"height:10px\" aria-hidden=\"true\" class=\"wp-block-spacer\"><\/div>\n\n\n\n<figure class=\"wp-block-image size-full\"><img loading=\"lazy\" decoding=\"async\" width=\"678\" height=\"381\" data-attachment-id=\"21642\" data-permalink=\"https:\/\/www.comuna13online.com.ar\/?attachment_id=21642\" data-orig-file=\"https:\/\/www.comuna13online.com.ar\/wp-content\/uploads\/2026\/08\/2026-09-01a_02.jpg\" data-orig-size=\"678,381\" data-comments-opened=\"0\" data-image-title=\"2026-09-01a_02\" data-image-description=\"\" data-image-caption=\"\" data-large-file=\"https:\/\/www.comuna13online.com.ar\/wp-content\/uploads\/2026\/08\/2026-09-01a_02.jpg\" src=\"https:\/\/www.comuna13online.com.ar\/wp-content\/uploads\/2026\/08\/2026-09-01a_02.jpg\" alt=\"\" class=\"wp-image-21642\"\/><\/figure>\n\n\n\n<div style=\"height:20px\" aria-hidden=\"true\" class=\"wp-block-spacer\"><\/div>\n\n\n\n<p class=\"wp-block-paragraph\"><em>S\u00e1bado 12\/9, 17 h<\/em><br><strong>Chechi de Marcos&nbsp;<\/strong><br>Rock y pop indie<br>El estilo de la cantautora argentina Chechi de Marcos se define como un pop indie de autor con fuertes ra\u00edces en el folk y el rock alternativo. Su propuesta se centra en reivindicar el formato canci\u00f3n a trav\u00e9s de una l\u00edrica transparente, \u00edntima y confesional.&nbsp;<\/p>\n\n\n\n<div style=\"height:10px\" aria-hidden=\"true\" class=\"wp-block-spacer\"><\/div>\n\n\n\n<figure class=\"wp-block-image size-full\"><img loading=\"lazy\" decoding=\"async\" width=\"678\" height=\"381\" data-attachment-id=\"21643\" data-permalink=\"https:\/\/www.comuna13online.com.ar\/?attachment_id=21643\" data-orig-file=\"https:\/\/www.comuna13online.com.ar\/wp-content\/uploads\/2026\/08\/2026-09-01a_03.jpg\" data-orig-size=\"678,381\" data-comments-opened=\"0\" data-image-title=\"2026-09-01a_03\" data-image-description=\"\" data-image-caption=\"\" data-large-file=\"https:\/\/www.comuna13online.com.ar\/wp-content\/uploads\/2026\/08\/2026-09-01a_03.jpg\" src=\"https:\/\/www.comuna13online.com.ar\/wp-content\/uploads\/2026\/08\/2026-09-01a_03.jpg\" alt=\"\" class=\"wp-image-21643\"\/><\/figure>\n\n\n\n<div style=\"height:20px\" aria-hidden=\"true\" class=\"wp-block-spacer\"><\/div>\n\n\n\n<p class=\"wp-block-paragraph\"><em>S\u00e1bado 19\/9, 17 h<\/em><br><strong>Clarazul<\/strong><br>Canciones \u00edntimas<br>La artista independiente argentina Clarazul tiene principalmente un estilo centrado en la m\u00fasica de autor, el funk y el pop alternativo, fusionando formatos \u00edntimos con ritmos grooveros. Sus presentaciones suelen estar guiadas por el formato de canci\u00f3n ac\u00fastica, priorizando la calidez vocal y letras expresivas.\u00a0<\/p>\n\n\n\n<div style=\"height:10px\" aria-hidden=\"true\" class=\"wp-block-spacer\"><\/div>\n\n\n\n<figure class=\"wp-block-image size-full\"><img loading=\"lazy\" decoding=\"async\" width=\"678\" height=\"381\" data-attachment-id=\"21645\" data-permalink=\"https:\/\/www.comuna13online.com.ar\/?attachment_id=21645\" data-orig-file=\"https:\/\/www.comuna13online.com.ar\/wp-content\/uploads\/2026\/08\/2026-09-01a_04.jpg\" data-orig-size=\"678,381\" data-comments-opened=\"0\" data-image-title=\"2026-09-01a_04\" data-image-description=\"\" data-image-caption=\"\" data-large-file=\"https:\/\/www.comuna13online.com.ar\/wp-content\/uploads\/2026\/08\/2026-09-01a_04.jpg\" src=\"https:\/\/www.comuna13online.com.ar\/wp-content\/uploads\/2026\/08\/2026-09-01a_04.jpg\" alt=\"\" class=\"wp-image-21645\"\/><\/figure>\n\n\n\n<div style=\"height:20px\" aria-hidden=\"true\" class=\"wp-block-spacer\"><\/div>\n\n\n\n<p class=\"wp-block-paragraph\"><\/p>\n\n\n\n<hr class=\"wp-block-separator has-css-opacity\"\/>\n\n\n\n<figure class=\"wp-block-image size-full\"><img loading=\"lazy\" decoding=\"async\" width=\"678\" height=\"201\" data-attachment-id=\"14149\" data-permalink=\"https:\/\/www.comuna13online.com.ar\/?attachment_id=14149\" data-orig-file=\"https:\/\/www.comuna13online.com.ar\/wp-content\/uploads\/2021\/09\/210921b-02.jpg\" data-orig-size=\"678,201\" data-comments-opened=\"0\" data-image-title=\"210921b-02\" data-image-description=\"&lt;p&gt;Museo Larreta&lt;\/p&gt;\n\" data-image-caption=\"&lt;p&gt;Museo Larreta&lt;\/p&gt;\n\" data-large-file=\"https:\/\/www.comuna13online.com.ar\/wp-content\/uploads\/2021\/09\/210921b-02.jpg\" src=\"http:\/\/www.comuna13online.com.ar\/wp-content\/uploads\/2021\/09\/210921b-02.jpg\" alt=\"Museo Larreta\" class=\"wp-image-14149\"\/><\/figure>\n\n\n\n<p class=\"wp-block-paragraph\">\ud83d\udccd&nbsp; <strong>\u00bfD\u00f3nde?<br><\/strong>Museo de Arte Espa\u00f1ol Enrique Larreta<br>Juramento 2291 | Belgrano.<\/p>\n\n\n\n<p class=\"wp-block-paragraph\">\ud83d\uddd3\ufe0f&nbsp; <strong>Calendario<\/strong><\/p>\n\n\n\n<p class=\"wp-block-paragraph\">S\u00e1bados de septiembre a noviembre, 17 hs.<\/p>\n\n\n\n<ul class=\"wp-block-list\">\n<li>Actividad gratuita incluida con la entrada al museo. Sin reserva previa<\/li>\n\n\n\n<li>Ingreso por orden de llegada. Cupos limitados<\/li>\n<\/ul>\n\n\n\n<div style=\"height:15px\" aria-hidden=\"true\" class=\"wp-block-spacer\"><\/div>\n\n\n\n<p class=\"wp-block-paragraph\">\ud83d\udcb2&nbsp; <strong>Entrada al Museo<br><\/strong>P\u00fablico General: $10.000<br>Residentes Argentinos y\/o Extranjeros (con DNI): $2.000<br>Mi\u00e9rcoles gratis<\/p>\n\n\n\n<p class=\"wp-block-paragraph\">Adquir\u00ed tu entrada en el museo <a href=\"https:\/\/entradasba.buenosaires.gob.ar\/establecimientos\/52\" target=\"_blank\" rel=\"noreferrer noopener\">aqu\u00ed<\/a><\/p>\n\n\n\n<div style=\"height:10px\" aria-hidden=\"true\" class=\"wp-block-spacer\"><\/div>\n\n\n\n<p class=\"wp-block-paragraph\"><iframe loading=\"lazy\" style=\"border: 0;\" src=\"https:\/\/www.google.com\/maps\/embed?pb=!1m18!1m12!1m3!1d3285.692963597937!2d-58.4578286850968!3d-34.56132856276278!2m3!1f0!2f0!3f0!3m2!1i1024!2i768!4f13.1!3m3!1m2!1s0x95bcb5d3a0a211b3%3A0xedd3483149685e17!2sMuseo+de+Arte+Espa%C3%B1ol+Enrique+Larreta!5e0!3m2!1ses!2sar!4v1515582783930\" width=\"678\" height=\"452\" frameborder=\"0\" allowfullscreen=\"allowfullscreen\"><span data-mce-type=\"bookmark\" style=\"display: inline-block; width: 0px; overflow: hidden; line-height: 0;\" class=\"mce_SELRES_start\">\ufeff<\/span><\/iframe><\/p>\n\n\n\n<div style=\"height:20px\" aria-hidden=\"true\" class=\"wp-block-spacer\"><\/div>\n\n\n\n<h4 class=\"wp-block-heading\">Medios de transporte para llegar<\/h4>\n\n\n\n<p class=\"wp-block-paragraph\">\ud83d\ude8d <strong>Colectivos:<\/strong>&nbsp;L\u00edneas 15, 29, 41, 42, 44, 57, 59, 60, 63, 65, 67, 68, 80, 107, 113, 114, 133, 152, 161, 168, 184 y 194.<br>\ud83d\ude86 <strong>Subte:<\/strong>&nbsp;L\u00ednea D, descender en la&nbsp;<strong>Estaci\u00f3n Juramento<\/strong>.<\/p>\n\n\n\n<p class=\"wp-block-paragraph\"><\/p>\n","protected":false},"excerpt":{"rendered":"<div class=\"mh-excerpt\">El emblem\u00e1tico jard\u00edn andaluz del Museo Larreta se convertir\u00e1 en escenario musical con un nuevo ciclo de conciertos \u00edntimos y gratuitos que se realizar\u00e1n los s\u00e1bados a las 17 horas. <a class=\"mh-excerpt-more\" href=\"https:\/\/www.comuna13online.com.ar\/?p=21641\" title=\"La m\u00fasica llega Museo Larreta con \u201cEl Jard\u00edn Suena\u201d\">[&#8230;]<\/a><\/div>\n","protected":false},"author":1,"featured_media":21644,"comment_status":"closed","ping_status":"closed","sticky":false,"template":"","format":"standard","meta":{"_uag_custom_page_level_css":"","_jetpack_newsletter_access":"","_jetpack_dont_email_post_to_subs":false,"_jetpack_newsletter_tier_id":0,"_jetpack_memberships_contains_paywalled_content":false,"_jetpack_feature_clip_id":0,"_jetpack_memberships_contains_paid_content":false,"footnotes":"","jetpack_publicize_message":"","jetpack_publicize_feature_enabled":true,"jetpack_social_post_already_shared":true,"jetpack_social_options":{"image_generator_settings":{"template":"highway","default_image_id":0,"font":"","enabled":false},"version":2},"jetpack_post_was_ever_published":false},"categories":[57],"tags":[19,60,250,296,77,71],"class_list":["post-21641","post","type-post","status-publish","format-standard","has-post-thumbnail","category-cultura","tag-comuna-13","tag-cultura","tag-h2","tag-h3","tag-museo-larreta","tag-tiempo-libre"],"jetpack_publicize_connections":[],"uagb_featured_image_src":{"full":["https:\/\/www.comuna13online.com.ar\/wp-content\/uploads\/2026\/08\/2026-09-01a_id.jpg",678,381,false],"thumbnail":["https:\/\/www.comuna13online.com.ar\/wp-content\/uploads\/2026\/08\/2026-09-01a_id.jpg",128,72,false],"medium":["https:\/\/www.comuna13online.com.ar\/wp-content\/uploads\/2026\/08\/2026-09-01a_id.jpg",678,381,false],"medium_large":["https:\/\/www.comuna13online.com.ar\/wp-content\/uploads\/2026\/08\/2026-09-01a_id.jpg",678,381,false],"large":["https:\/\/www.comuna13online.com.ar\/wp-content\/uploads\/2026\/08\/2026-09-01a_id.jpg",678,381,false],"1536x1536":["https:\/\/www.comuna13online.com.ar\/wp-content\/uploads\/2026\/08\/2026-09-01a_id.jpg",678,381,false],"2048x2048":["https:\/\/www.comuna13online.com.ar\/wp-content\/uploads\/2026\/08\/2026-09-01a_id.jpg",678,381,false],"mh-magazine-slider":["https:\/\/www.comuna13online.com.ar\/wp-content\/uploads\/2026\/08\/2026-09-01a_id.jpg",678,381,false],"mh-magazine-content":["https:\/\/www.comuna13online.com.ar\/wp-content\/uploads\/2026\/08\/2026-09-01a_id.jpg",678,381,false],"mh-magazine-large":["https:\/\/www.comuna13online.com.ar\/wp-content\/uploads\/2026\/08\/2026-09-01a_id.jpg",678,381,false],"mh-magazine-medium":["https:\/\/www.comuna13online.com.ar\/wp-content\/uploads\/2026\/08\/2026-09-01a_id-326x245.jpg",326,245,true],"mh-magazine-small":["https:\/\/www.comuna13online.com.ar\/wp-content\/uploads\/2026\/08\/2026-09-01a_id-80x60.jpg",80,60,true],"sow-carousel-default":["https:\/\/www.comuna13online.com.ar\/wp-content\/uploads\/2026\/08\/2026-09-01a_id-272x182.jpg",272,182,true]},"uagb_author_info":{"display_name":"Comuna13","author_link":"https:\/\/www.comuna13online.com.ar\/?author=1"},"uagb_comment_info":0,"uagb_excerpt":"El emblem\u00e1tico jard\u00edn andaluz del Museo Larreta se convertir\u00e1 en escenario musical con un nuevo ciclo de conciertos \u00edntimos y gratuitos que se realizar\u00e1n los s\u00e1bados a las 17 horas. [...]","jetpack_sharing_enabled":true,"jetpack_featured_media_url":"https:\/\/www.comuna13online.com.ar\/wp-content\/uploads\/2026\/08\/2026-09-01a_id.jpg","_links":{"self":[{"href":"https:\/\/www.comuna13online.com.ar\/index.php?rest_route=\/wp\/v2\/posts\/21641","targetHints":{"allow":["GET"]}}],"collection":[{"href":"https:\/\/www.comuna13online.com.ar\/index.php?rest_route=\/wp\/v2\/posts"}],"about":[{"href":"https:\/\/www.comuna13online.com.ar\/index.php?rest_route=\/wp\/v2\/types\/post"}],"author":[{"embeddable":true,"href":"https:\/\/www.comuna13online.com.ar\/index.php?rest_route=\/wp\/v2\/users\/1"}],"replies":[{"embeddable":true,"href":"https:\/\/www.comuna13online.com.ar\/index.php?rest_route=%2Fwp%2Fv2%2Fcomments&post=21641"}],"version-history":[{"count":1,"href":"https:\/\/www.comuna13online.com.ar\/index.php?rest_route=\/wp\/v2\/posts\/21641\/revisions"}],"predecessor-version":[{"id":21666,"href":"https:\/\/www.comuna13online.com.ar\/index.php?rest_route=\/wp\/v2\/posts\/21641\/revisions\/21666"}],"wp:featuredmedia":[{"embeddable":true,"href":"https:\/\/www.comuna13online.com.ar\/index.php?rest_route=\/wp\/v2\/media\/21644"}],"wp:attachment":[{"href":"https:\/\/www.comuna13online.com.ar\/index.php?rest_route=%2Fwp%2Fv2%2Fmedia&parent=21641"}],"wp:term":[{"taxonomy":"category","embeddable":true,"href":"https:\/\/www.comuna13online.com.ar\/index.php?rest_route=%2Fwp%2Fv2%2Fcategories&post=21641"},{"taxonomy":"post_tag","embeddable":true,"href":"https:\/\/www.comuna13online.com.ar\/index.php?rest_route=%2Fwp%2Fv2%2Ftags&post=21641"}],"curies":[{"name":"wp","href":"https:\/\/api.w.org\/{rel}","templated":true}]}}