{"id":2149,"date":"2018-08-07T10:20:26","date_gmt":"2018-08-07T13:20:26","guid":{"rendered":"http:\/\/www.comuna13online.com.ar\/?p=2149"},"modified":"2018-08-07T11:31:53","modified_gmt":"2018-08-07T14:31:53","slug":"la-legislatura-portena-distinguio-a-un-comedor-ositos-carinosos","status":"publish","type":"post","link":"https:\/\/www.comuna13online.com.ar\/?p=2149","title":{"rendered":"La Legislatura porte\u00f1a distingui\u00f3 a un comedor Ositos Cari\u00f1osos"},"content":{"rendered":"<p><strong>La representante del comedor \u201cOsitos Cari\u00f1osos\u201d, Nidia Quinteros, recibi\u00f3 el diploma que destaca a esa obra como de Inter\u00e9s Social para la Ciudad por colaboraci\u00f3n con la gente m\u00e1s carenciada.<\/strong><\/p>\n<p><img loading=\"lazy\" decoding=\"async\" data-attachment-id=\"2151\" data-permalink=\"https:\/\/www.comuna13online.com.ar\/?attachment_id=2151\" data-orig-file=\"https:\/\/www.comuna13online.com.ar\/wp-content\/uploads\/2018\/08\/20180807b.jpg\" data-orig-size=\"1030,438\" data-comments-opened=\"0\" data-image-meta=\"{&quot;aperture&quot;:&quot;0&quot;,&quot;credit&quot;:&quot;&quot;,&quot;camera&quot;:&quot;&quot;,&quot;caption&quot;:&quot;&quot;,&quot;created_timestamp&quot;:&quot;0&quot;,&quot;copyright&quot;:&quot;&quot;,&quot;focal_length&quot;:&quot;0&quot;,&quot;iso&quot;:&quot;0&quot;,&quot;shutter_speed&quot;:&quot;0&quot;,&quot;title&quot;:&quot;&quot;,&quot;orientation&quot;:&quot;0&quot;}\" data-image-title=\"20180807b\" data-image-description=\"\" data-image-caption=\"\" data-large-file=\"https:\/\/www.comuna13online.com.ar\/wp-content\/uploads\/2018\/08\/20180807b.jpg\" class=\"alignnone wp-image-2151 size-medium\" src=\"http:\/\/www.comuna13online.com.ar\/wp-content\/uploads\/2018\/08\/20180807b-678x288.jpg\" alt=\"\" width=\"678\" height=\"288\" srcset=\"https:\/\/www.comuna13online.com.ar\/wp-content\/uploads\/2018\/08\/20180807b-678x288.jpg 678w, https:\/\/www.comuna13online.com.ar\/wp-content\/uploads\/2018\/08\/20180807b-768x327.jpg 768w, https:\/\/www.comuna13online.com.ar\/wp-content\/uploads\/2018\/08\/20180807b.jpg 1030w\" sizes=\"auto, (max-width: 678px) 100vw, 678px\" \/><\/p>\n<p>El comedor \u201cOsitos cari\u00f1osos\u201d, del barrio Villa Lugano &#8211; Comuna 8 recibi\u00f3 la distinci\u00f3n de Inter\u00e9s Social de la Ciudad Aut\u00f3noma de Buenos Aires, por su destacada actividad social en el barrio desde hace m\u00e1s de 30 a\u00f1os. El diputado Maximiliano Sahonero (Vamos Juntos) impuls\u00f3 la iniciativa aprobada por los legisladores y encabez\u00f3 el acto.<\/p>\n<p><em>\u201cFelicitaciones y gracias por el trabajo que hacen. Conozco a Nidia hace mucho tiempo; es una mujer que tras a\u00f1os de trabajo, lucha y perseverancia, logr\u00f3 realizar su sue\u00f1o de ayudar al que m\u00e1s lo necesita, siempre con una sonrisa y una gran cuota de amor\u201d,<\/em> expres\u00f3 el legislador Sahonero en sus palabras de bienvenida.<\/p>\n<blockquote><p><em>\u201cEs un orgullo entregar este reconocimiento y deseo que sea un puntapi\u00e9 para seguir distinguiendo a otras organizaciones similares\u201d<\/em>, agreg\u00f3.<\/p><\/blockquote>\n<p>Por su parte, la Ministra de Desarrollo Humano y H\u00e1bitat de la Ciudad de Buenos Aires,Guadalupe Tagliaferri, manifest\u00f3 su agradecimiento a todos los que trabajan en el comedor y en proyectos similares: <em>\u201cGracias por la lucha y por entregarle su vida de esta manera a la gente, ponen el cuerpo y alma cada d\u00eda y eso es invaluable\u201d,<\/em> enfatiz\u00f3.<\/p>\n<p>Nidia Quinterosse mostr\u00f3 conmovida por el homenaje y agradeci\u00f3 a todos los que colaboraron alguna vez con ellos: <em>\u201cEste sue\u00f1o se me est\u00e1 cumpliendo en su totalidad\u201d,<\/em> afirm\u00f3.<\/p>\n<p>El evento, realizado en un sal\u00f3n Dorado Hip\u00f3lito Yrigoyen de la Legislatura de la Ciudad estuvo colmado de gente, cont\u00f3 con la presencia de la Secretaria de Infraestructura Urbana en Ministerio del Interior, Obras P\u00fablicas y Vivienda, Marina Klemensiewicz; de los diputados de la Ciudad Victoria Rold\u00e1n M\u00e9ndez, L\u00eda Rueda,Carolina Estebarena y Eduardo Santamarina de Vamos Juntos; la Coordinadora de Urbanizaci\u00f3n del Barrio INTA, Ely Echeverr\u00eda, otros funcionarios porte\u00f1os, familiares, amigos y p\u00fablico en general.<br \/>\n<img loading=\"lazy\" decoding=\"async\" data-attachment-id=\"2153\" data-permalink=\"https:\/\/www.comuna13online.com.ar\/?attachment_id=2153\" data-orig-file=\"https:\/\/www.comuna13online.com.ar\/wp-content\/uploads\/2018\/08\/20180807b3.jpg\" data-orig-size=\"678,452\" data-comments-opened=\"0\" data-image-meta=\"{&quot;aperture&quot;:&quot;0&quot;,&quot;credit&quot;:&quot;&quot;,&quot;camera&quot;:&quot;&quot;,&quot;caption&quot;:&quot;&quot;,&quot;created_timestamp&quot;:&quot;0&quot;,&quot;copyright&quot;:&quot;&quot;,&quot;focal_length&quot;:&quot;0&quot;,&quot;iso&quot;:&quot;0&quot;,&quot;shutter_speed&quot;:&quot;0&quot;,&quot;title&quot;:&quot;&quot;,&quot;orientation&quot;:&quot;0&quot;}\" data-image-title=\"20180807b3\" data-image-description=\"\" data-image-caption=\"\" data-large-file=\"https:\/\/www.comuna13online.com.ar\/wp-content\/uploads\/2018\/08\/20180807b3-657x438.jpg\" class=\"alignnone size-mhmagazinecontent wp-image-2153\" src=\"http:\/\/www.comuna13online.com.ar\/wp-content\/uploads\/2018\/08\/20180807b3.jpg\" alt=\"\" width=\"678\" height=\"452\" srcset=\"https:\/\/www.comuna13online.com.ar\/wp-content\/uploads\/2018\/08\/20180807b3.jpg 678w, https:\/\/www.comuna13online.com.ar\/wp-content\/uploads\/2018\/08\/20180807b3-657x438.jpg 657w, https:\/\/www.comuna13online.com.ar\/wp-content\/uploads\/2018\/08\/20180807b3-272x182.jpg 272w\" sizes=\"auto, (max-width: 678px) 100vw, 678px\" \/><\/p>\n<h3><span style=\"color: #008000;\"><strong>Tres d\u00e9cadas de trabajo<\/strong><\/span><\/h3>\n<p>La asociaci\u00f3n civil \u201cOsitos Cari\u00f1osos\u201d naci\u00f3 en el barrio INTA gracias a la lucha y el trabajo comunitario que realiza Nidia Quinteros desde hace m\u00e1s de 30 a\u00f1os. En 1986 ella y un grupo de madres, movidas por su vocaci\u00f3n de servicio, decidieron organizar por primera vez una olla popular, d\u00e1ndole de comer a 60 chicos en situaci\u00f3n de vulnerabilidad social. Sin contar con recursos propios o subsidios, estas mujeres ped\u00edan colaboraci\u00f3n a los supermercados, almacenes, carnicer\u00edas y el gran mercado central.<\/p>\n<p><img loading=\"lazy\" decoding=\"async\" data-attachment-id=\"2152\" data-permalink=\"https:\/\/www.comuna13online.com.ar\/?attachment_id=2152\" data-orig-file=\"https:\/\/www.comuna13online.com.ar\/wp-content\/uploads\/2018\/08\/20180807b2.jpg\" data-orig-size=\"677,264\" data-comments-opened=\"0\" data-image-meta=\"{&quot;aperture&quot;:&quot;0&quot;,&quot;credit&quot;:&quot;&quot;,&quot;camera&quot;:&quot;&quot;,&quot;caption&quot;:&quot;&quot;,&quot;created_timestamp&quot;:&quot;0&quot;,&quot;copyright&quot;:&quot;&quot;,&quot;focal_length&quot;:&quot;0&quot;,&quot;iso&quot;:&quot;0&quot;,&quot;shutter_speed&quot;:&quot;0&quot;,&quot;title&quot;:&quot;&quot;,&quot;orientation&quot;:&quot;0&quot;}\" data-image-title=\"20180807b2\" data-image-description=\"\" data-image-caption=\"\" data-large-file=\"https:\/\/www.comuna13online.com.ar\/wp-content\/uploads\/2018\/08\/20180807b2.jpg\" class=\"alignnone size-full wp-image-2152\" src=\"http:\/\/www.comuna13online.com.ar\/wp-content\/uploads\/2018\/08\/20180807b2.jpg\" alt=\"\" width=\"677\" height=\"264\" \/><br \/>\nA fines de la d\u00e9cada de los \u201880 la iniciativa se convirti\u00f3 en el comedor \u201cOsitos Cari\u00f1osos\u201d, que hoy forma parte de los grupos comunitarios y recibe por primera vez un subsidio, alimentos frescos y secos de parte de la Direcci\u00f3n General de Fortalecimiento de la Sociedad Civil del Ministerio de Desarrollo Humano y H\u00e1bitat del Gobierno de la Ciudad.<\/p>\n<p>El comedor ofrece almuerzo a 830 personas del barrio y de asentamientos lindantes(ni\u00f1os, adultos y discapacitados), y dicta clases en talleres de reposter\u00eda, corte y confecci\u00f3n, arte sobre vidrio, charlas para prevenir laviolencia de g\u00e9nero y otras actividades de asistencia social.<\/p>\n<p><img loading=\"lazy\" decoding=\"async\" data-attachment-id=\"2150\" data-permalink=\"https:\/\/www.comuna13online.com.ar\/?attachment_id=2150\" data-orig-file=\"https:\/\/www.comuna13online.com.ar\/wp-content\/uploads\/2018\/08\/20180807b1.jpg\" data-orig-size=\"678,380\" data-comments-opened=\"0\" data-image-meta=\"{&quot;aperture&quot;:&quot;0&quot;,&quot;credit&quot;:&quot;&quot;,&quot;camera&quot;:&quot;&quot;,&quot;caption&quot;:&quot;&quot;,&quot;created_timestamp&quot;:&quot;0&quot;,&quot;copyright&quot;:&quot;&quot;,&quot;focal_length&quot;:&quot;0&quot;,&quot;iso&quot;:&quot;0&quot;,&quot;shutter_speed&quot;:&quot;0&quot;,&quot;title&quot;:&quot;&quot;,&quot;orientation&quot;:&quot;0&quot;}\" data-image-title=\"20180807b1\" data-image-description=\"\" data-image-caption=\"\" data-large-file=\"https:\/\/www.comuna13online.com.ar\/wp-content\/uploads\/2018\/08\/20180807b1.jpg\" class=\"alignnone size-full wp-image-2150\" src=\"http:\/\/www.comuna13online.com.ar\/wp-content\/uploads\/2018\/08\/20180807b1.jpg\" alt=\"\" width=\"678\" height=\"380\" \/><\/p>\n","protected":false},"excerpt":{"rendered":"<div class=\"mh-excerpt\">La representante del comedor \u201cOsitos Cari\u00f1osos\u201d, Nidia Quinteros, recibi\u00f3 el diploma que destaca a esa obra como de Inter\u00e9s Social para la Ciudad por colaboraci\u00f3n con la gente m\u00e1s carenciada. <a class=\"mh-excerpt-more\" href=\"https:\/\/www.comuna13online.com.ar\/?p=2149\" title=\"La Legislatura porte\u00f1a distingui\u00f3 a un comedor Ositos Cari\u00f1osos\">[&#8230;]<\/a><\/div>\n","protected":false},"author":1,"featured_media":2151,"comment_status":"closed","ping_status":"closed","sticky":false,"template":"","format":"standard","meta":{"_uag_custom_page_level_css":"","_jetpack_memberships_contains_paid_content":false,"footnotes":"","jetpack_publicize_message":"","jetpack_publicize_feature_enabled":true,"jetpack_social_post_already_shared":true,"jetpack_social_options":{"image_generator_settings":{"template":"highway","default_image_id":0,"font":"","enabled":false},"version":2}},"categories":[145],"tags":[7,146,90],"class_list":{"0":"post-2149","1":"post","2":"type-post","3":"status-publish","4":"format-standard","5":"has-post-thumbnail","7":"category-reconocimiento","8":"tag-legislatura","9":"tag-reconocimiento","10":"tag-solidaridad"},"jetpack_publicize_connections":[],"jetpack_featured_media_url":"https:\/\/www.comuna13online.com.ar\/wp-content\/uploads\/2018\/08\/20180807b.jpg","uagb_featured_image_src":{"full":["https:\/\/www.comuna13online.com.ar\/wp-content\/uploads\/2018\/08\/20180807b.jpg",1030,438,false],"thumbnail":["https:\/\/www.comuna13online.com.ar\/wp-content\/uploads\/2018\/08\/20180807b-150x150.jpg",96,96,true],"medium":["https:\/\/www.comuna13online.com.ar\/wp-content\/uploads\/2018\/08\/20180807b-678x288.jpg",678,288,true],"medium_large":["https:\/\/www.comuna13online.com.ar\/wp-content\/uploads\/2018\/08\/20180807b-768x327.jpg",768,327,true],"large":["https:\/\/www.comuna13online.com.ar\/wp-content\/uploads\/2018\/08\/20180807b.jpg",1030,438,false],"1536x1536":["https:\/\/www.comuna13online.com.ar\/wp-content\/uploads\/2018\/08\/20180807b.jpg",1030,438,false],"2048x2048":["https:\/\/www.comuna13online.com.ar\/wp-content\/uploads\/2018\/08\/20180807b.jpg",1030,438,false],"mh-magazine-slider":["https:\/\/www.comuna13online.com.ar\/wp-content\/uploads\/2018\/08\/20180807b.jpg",1030,438,false],"mh-magazine-content":["https:\/\/www.comuna13online.com.ar\/wp-content\/uploads\/2018\/08\/20180807b-678x381.jpg",678,381,true],"mh-magazine-large":["https:\/\/www.comuna13online.com.ar\/wp-content\/uploads\/2018\/08\/20180807b-678x438.jpg",678,438,true],"mh-magazine-medium":["https:\/\/www.comuna13online.com.ar\/wp-content\/uploads\/2018\/08\/20180807b-326x245.jpg",326,245,true],"mh-magazine-small":["https:\/\/www.comuna13online.com.ar\/wp-content\/uploads\/2018\/08\/20180807b-80x60.jpg",80,60,true],"sow-carousel-default":["https:\/\/www.comuna13online.com.ar\/wp-content\/uploads\/2018\/08\/20180807b-272x182.jpg",272,182,true]},"uagb_author_info":{"display_name":"Comuna13","author_link":"https:\/\/www.comuna13online.com.ar\/?author=1"},"uagb_comment_info":0,"uagb_excerpt":"La representante del comedor \u201cOsitos Cari\u00f1osos\u201d, Nidia Quinteros, recibi\u00f3 el diploma que destaca a esa obra como de Inter\u00e9s Social para la Ciudad por colaboraci\u00f3n con la gente m\u00e1s carenciada. [...]","jetpack_sharing_enabled":true,"_links":{"self":[{"href":"https:\/\/www.comuna13online.com.ar\/index.php?rest_route=\/wp\/v2\/posts\/2149","targetHints":{"allow":["GET"]}}],"collection":[{"href":"https:\/\/www.comuna13online.com.ar\/index.php?rest_route=\/wp\/v2\/posts"}],"about":[{"href":"https:\/\/www.comuna13online.com.ar\/index.php?rest_route=\/wp\/v2\/types\/post"}],"author":[{"embeddable":true,"href":"https:\/\/www.comuna13online.com.ar\/index.php?rest_route=\/wp\/v2\/users\/1"}],"replies":[{"embeddable":true,"href":"https:\/\/www.comuna13online.com.ar\/index.php?rest_route=%2Fwp%2Fv2%2Fcomments&post=2149"}],"version-history":[{"count":0,"href":"https:\/\/www.comuna13online.com.ar\/index.php?rest_route=\/wp\/v2\/posts\/2149\/revisions"}],"wp:featuredmedia":[{"embeddable":true,"href":"https:\/\/www.comuna13online.com.ar\/index.php?rest_route=\/wp\/v2\/media\/2151"}],"wp:attachment":[{"href":"https:\/\/www.comuna13online.com.ar\/index.php?rest_route=%2Fwp%2Fv2%2Fmedia&parent=2149"}],"wp:term":[{"taxonomy":"category","embeddable":true,"href":"https:\/\/www.comuna13online.com.ar\/index.php?rest_route=%2Fwp%2Fv2%2Fcategories&post=2149"},{"taxonomy":"post_tag","embeddable":true,"href":"https:\/\/www.comuna13online.com.ar\/index.php?rest_route=%2Fwp%2Fv2%2Ftags&post=2149"}],"curies":[{"name":"wp","href":"https:\/\/api.w.org\/{rel}","templated":true}]}}